{"id":107279,"date":"2022-11-14T09:12:37","date_gmt":"2022-11-14T12:12:37","guid":{"rendered":"https:\/\/grandepremio.com\/br\/noticias\/george-russell-destaca-aprendizado-corridas-recentes-mentalmente-desafiadoras\/"},"modified":"2022-11-15T12:05:34","modified_gmt":"2022-11-15T15:05:34","slug":"george-russell-destaca-aprendizado-corridas-recentes-mentalmente-desafiadoras","status":"publish","type":"post","link":"https:\/\/grandepremio.com\/br\/f1\/george-russell-destaca-aprendizado-corridas-recentes-mentalmente-desafiadoras\/","title":{"rendered":"Russell destaca aprendizado e diz que corridas recentes foram &#8220;mentalmente desafiadoras&#8221;"},"content":{"rendered":"\n<p class=\"wp-block-paragraph\">Coube a <strong>George Russell <\/strong>ser o respons\u00e1vel pela primeira vit\u00f3ria da <strong>Mercedes <\/strong>depois de uma temporada 2022 bastante complicada e incerta. Ao cruzar a linha de chegada do <strong>GP de S\u00e3o Paulo<\/strong> em primeiro, o ingl\u00eas n\u00e3o segurou \u00e0s l\u00e1grimas e confessou que, ainda no carro, nas voltas finais, come\u00e7ou a lembrar da fam\u00edlia e do in\u00edcio da carreira no kart, ressaltando ainda que o lado mental foi decisivo para a conquista do resultado.<\/p>\n\n\n\n<p class=\"wp-block-paragraph\">\u00c0 Sky Sports, Russell definiu a trajet\u00f3ria at\u00e9 o feito de domingo (13), em Interlagos, como &#8220;incrivelmente emocionante&#8221; e citou a presen\u00e7a da fam\u00edlia desde o in\u00edcio. Em seguida, lembrou da fase de altos e baixos na Williams e os problemas no in\u00edcio da temporada atual com a Mercedes.<\/p>\n\n\n\n<p class=\"wp-block-paragraph\"><strong>\u25b6\ufe0f\u00a0Inscreva-se nos dois canais do GRANDE PR\u00caMIO no YouTube:\u00a0<a href=\"https:\/\/www.youtube.com\/channel\/UC9OlHEgxoaY6QY6nWPoiqQg?sub_confirmation=1\" target=\"_blank\" rel=\"noreferrer noopener\">GP<\/a>\u00a0|\u00a0<a href=\"https:\/\/www.youtube.com\/channel\/UC9csiS6q_C3C0FYhyr1rnFA?sub_confirmation=1\" target=\"_blank\" rel=\"noreferrer noopener\">GP2<\/a><\/strong><br><strong>\u25b6\ufe0f\u00a0<a href=\"https:\/\/www.twitch.tv\/grandepremio\" target=\"_blank\" rel=\"noreferrer noopener\">Conhe\u00e7a o canal do GRANDE PR\u00caMIO na Twitch clicando aqui!<\/a><\/strong><\/p>\n\n\n\n<figure class=\"wp-block-image size-large\"><img decoding=\"async\" src=\"https:\/\/www.grandepremio.com\/br\/wp-content\/uploads\/2022\/11\/georgerussel-13-1024x683.jpg\" alt=\"\" class=\"wp-image-633611\"\/><figcaption>George Russell se emocionou bastante no p\u00f3dio (Foto: Rodrigo Berton\/Grande Pr\u00eamio)<\/figcaption><\/figure>\n\n\n\n<p class=\"wp-block-paragraph\">\u201cPara mim, as \u00faltimas corridas foram mentalmente desafiadoras, pessoalmente&#8221;, avaliou o piloto. &#8220;Tive um reset indo para o M\u00e9xico. Passar por essa corrida [no Brasil] e ter Lewis [Hamilton] atr\u00e1s nas \u00faltimas 12 voltas. Eu s\u00f3 sabia o qu\u00e3o r\u00e1pido ele era\u201d, acrescentou, ressaltando que essa era &#8220;uma vit\u00f3ria a ser conquistada&#8221;.<\/p>\n\n\n\n<p class=\"wp-block-paragraph\">\u201cEstou muito feliz por ter cruzado essa linha, muito orgulhoso de toda a equipe e do trabalho que fizemos este ano&#8221;, continuou, aproveitando o momento para citar o quanto Hamilton tem sido determinante em seu crescimento como piloto. <\/p>\n\n\n\n<p class=\"wp-block-paragraph\">&#8220;Quando se tem Lewis como companheiro de equipe, \u00e9 dif\u00edcil manter a performance em todas as temporadas, pois ele sempre est\u00e1 l\u00e1. Sinto-me muito sortudo por estar ao lado dele, estou aprendendo muito e ele realmente est\u00e1 me incentivando\u201d, salientou.<\/p>\n\n\n\n<p class=\"wp-block-paragraph\">No comunicado oficial da Mercedes p\u00f3s-corrida, Russell ainda disse que se sentiu &#8220;no controle&#8221;, mesmo quando o heptacampe\u00e3o for\u00e7ou o ritmo ap\u00f3s o \u00faltimo safety-car. &#8220;Pensei que seria um final dif\u00edcil, ele me pressionou bastante. Mas estou muito feliz por sair com a vit\u00f3ria&#8221;, concluiu.<\/p>\n","protected":false},"excerpt":{"rendered":"<p>George Russell falou sobre a trajet\u00f3ria &#8220;incrivelmente emocionante&#8221; na temporada 2022 at\u00e9 a conquista da primeira vit\u00f3ria, no GP de S\u00e3o Paulo<\/p>\n","protected":false},"author":0,"featured_media":1000633608,"comment_status":"closed","ping_status":"closed","sticky":false,"template":"","format":"standard","meta":{"42wp_featured_image_caption":"","42wp_featured_image_credits":"","42wp_featured_video":"","42wp_featured_image_hidden":false,"42wp_authors_list":[],"footnotes":""},"categories":[2],"tags":[783,896,147,1357,180,800,26680,1491,124,87,82,17551],"42wp_author":[47147],"class_list":["post-107279","post","type-post","status-publish","format-standard","has-post-thumbnail","hentry","category-f1","tag-brasil","tag-estados-unidos","tag-f1","tag-f1-2022","tag-formula-1","tag-george-russell","tag-gp-de-sao-paulo","tag-grande-premio","tag-interlagos","tag-lewis-hamilton","tag-mercedes","tag-mexico","42wp_author-luana-marino"],"_links":{"self":[{"href":"https:\/\/grandepremio.com\/br\/wp-json\/wp\/v2\/posts\/107279","targetHints":{"allow":["GET"]}}],"collection":[{"href":"https:\/\/grandepremio.com\/br\/wp-json\/wp\/v2\/posts"}],"about":[{"href":"https:\/\/grandepremio.com\/br\/wp-json\/wp\/v2\/types\/post"}],"replies":[{"embeddable":true,"href":"https:\/\/grandepremio.com\/br\/wp-json\/wp\/v2\/comments?post=107279"}],"version-history":[{"count":0,"href":"https:\/\/grandepremio.com\/br\/wp-json\/wp\/v2\/posts\/107279\/revisions"}],"wp:featuredmedia":[{"embeddable":true,"href":"https:\/\/grandepremio.com\/br\/wp-json\/wp\/v2\/media\/1000633608"}],"wp:attachment":[{"href":"https:\/\/grandepremio.com\/br\/wp-json\/wp\/v2\/media?parent=107279"}],"wp:term":[{"taxonomy":"category","embeddable":true,"href":"https:\/\/grandepremio.com\/br\/wp-json\/wp\/v2\/categories?post=107279"},{"taxonomy":"post_tag","embeddable":true,"href":"https:\/\/grandepremio.com\/br\/wp-json\/wp\/v2\/tags?post=107279"},{"taxonomy":"42wp_author","embeddable":true,"href":"https:\/\/grandepremio.com\/br\/wp-json\/wp\/v2\/42wp_author?post=107279"}],"curies":[{"name":"wp","href":"https:\/\/api.w.org\/{rel}","templated":true}]}}