{"id":107283,"date":"2022-11-14T04:30:00","date_gmt":"2022-11-14T07:30:00","guid":{"rendered":"https:\/\/grandepremio.com\/br\/noticias\/ma-sorte-grid-compacto-misterio-haas-mick-schumacher-justificam-piora-pos-ferias\/"},"modified":"2022-11-13T21:12:40","modified_gmt":"2022-11-14T00:12:40","slug":"ma-sorte-grid-compacto-misterio-haas-mick-schumacher-justificam-piora-pos-ferias","status":"publish","type":"post","link":"https:\/\/grandepremio.com\/br\/f1\/ma-sorte-grid-compacto-misterio-haas-mick-schumacher-justificam-piora-pos-ferias\/","title":{"rendered":"&#8220;M\u00e1 sorte&#8221;, &#8220;grid compacto&#8221; e mist\u00e9rio: Haas e Schumacher justificam piora p\u00f3s-f\u00e9rias"},"content":{"rendered":"\n<figure class=\"wp-block-embed is-type-video is-provider-youtube wp-block-embed-youtube wp-embed-aspect-16-9 wp-has-aspect-ratio\"><div class=\"wp-block-embed__wrapper\">\n<iframe loading=\"lazy\" title=\"F1 2022, GP DE S\u00c3O PAULO: RUSSELL VENCE, HAMILTON 2\u00ba, VERSTAPPEN 6\u00ba | Briefing\" width=\"500\" height=\"281\" src=\"https:\/\/www.youtube.com\/embed\/eX5hgjhXiEA?feature=oembed\" frameborder=\"0\" allow=\"accelerometer; autoplay; clipboard-write; encrypted-media; gyroscope; picture-in-picture; web-share\" referrerpolicy=\"strict-origin-when-cross-origin\" allowfullscreen><\/iframe>\n<\/div><figcaption>F1 2022, GP DE S\u00c3O PAULO: TUDO SOBRE A CORRIDA | Briefing<\/figcaption><\/figure>\n\n\n\n<p class=\"wp-block-paragraph\">Todos os sinais apontam para <strong>Mick Schumacher<\/strong> ficar fora do grid da <strong>F\u00f3rmula 1<\/strong> na temporada 2023. A Haas olha para outras dire\u00e7\u00f5es e mant\u00e9m o alem\u00e3o \u00e0 espera de uma confirma\u00e7\u00e3o mesmo na semana do encerramento do campeonato. Isso vem mesmo ap\u00f3s Schumacher viver um momento positivo na metade do ano. Quais os motivos de cair tanto no rendimento? O <strong>GRANDE PR\u00caMIO<\/strong> questionou o piloto e o chefe da equipe, <strong>Guenther Steiner<\/strong>, sobre as raz\u00f5es.<\/p>\n\n\n\n<p class=\"wp-block-paragraph\"><strong>\u25b6\ufe0f\u00a0Inscreva-se nos dois canais do GRANDE PR\u00caMIO no YouTube:\u00a0<a href=\"https:\/\/www.youtube.com\/channel\/UC9OlHEgxoaY6QY6nWPoiqQg?sub_confirmation=1\" target=\"_blank\" rel=\"noreferrer noopener\">GP<\/a>\u00a0|\u00a0<a href=\"https:\/\/www.youtube.com\/channel\/UC9csiS6q_C3C0FYhyr1rnFA?sub_confirmation=1\" target=\"_blank\" rel=\"noreferrer noopener\">GP2<\/a><\/strong><br><strong>\u25b6\ufe0f\u00a0<a href=\"https:\/\/www.twitch.tv\/grandepremio\" target=\"_blank\" rel=\"noreferrer noopener\">Conhe\u00e7a o canal do GRANDE PR\u00caMIO na Twitch clicando aqui!<\/a><\/strong><\/p>\n\n\n\n<p class=\"wp-block-paragraph\">Schumacher cresceu de rendimento perto das f\u00e9rias de meio de temporada e conseguiu marcar os primeiros pontos na F1 com duas belas exibi\u00e7\u00f5es sequenciais na Inglaterra e \u00c1ustria, onde foi oitavo e sexto colocado. Steiner tentou esquivar quando questionado sobre os motivos do crescimento ter sido interrompido e o defeito mais imponente, dos acidentes, ter voltado.<\/p>\n\n\n\n<p class=\"wp-block-paragraph\">&#8220;Se eu soubesse, ter\u00edamos arrumado a situa\u00e7\u00e3o. \u00c9 por isso que analisamos o motivo de termos esses altos e baixos. Mick teve uma ou duas corridas, depois das f\u00e9rias de meio de ano, em que esteve muito bem&#8221;, apontou o chefe da Haas em resposta ao <strong>GP<\/strong>.<\/p>\n\n\n\n<figure class=\"wp-block-image size-large\"><img decoding=\"async\" src=\"https:\/\/www.grandepremio.com\/br\/wp-content\/uploads\/2022\/11\/IMG_3062-1024x683.jpg\" alt=\"\" class=\"wp-image-631396\"\/><figcaption>G\u00fcnther Steiner conversou com o GRANDE PR\u00caMIO em Interlagos (Foto: Rodrigo Berton\/Grande Pr\u00eamio)<\/figcaption><\/figure>\n\n\n\n<p class=\"wp-block-paragraph\">&#8220;No M\u00e9xico, por exemplo. N\u00e3o precisamos estar acima do n\u00edvel do mar, mas tamb\u00e9m n\u00e3o t\u00e3o abaixo. Consome muita energia de todo mundo&#8221;, falou.<\/p>\n\n\n\n<p class=\"wp-block-paragraph\">Schumacher tamb\u00e9m n\u00e3o soube precisar, mas falou sobre falta de sorte. Se tudo n\u00e3o for perfeito, pontos n\u00e3o aparecem.<\/p>\n\n\n\n<p class=\"wp-block-paragraph\">&#8220;Infelizmente tivemos algumas corridas em que tivemos m\u00e1 sorte e, especialmente com o meio do grid t\u00e3o compacto, se fosse n\u00e3o tem um fim de semana de perfeito, n\u00e3o consegue extrair o m\u00e1ximo&#8221;, falou ao <strong>GP<\/strong>. Para n\u00f3s conseguirmos marcar pontos, precisamos ter o m\u00e1ximo&#8221;, finalizou.<\/p>\n\n\n\n<p class=\"wp-block-paragraph\">O <strong>GRANDE PR\u00caMIO<\/strong> cobriu o <strong><a href=\"https:\/\/www.grandepremio.com\/br\/f1\/noticias\/george-russell-domina-vitoria-gp-de-sao-paulo-formula-1-mercedes-lewis-hamilton-max-verstappen-batem\/\" class=\"ek-link\">GP de S\u00e3o Paulo<\/a><\/strong> de F\u00f3rmula 1 \u2018in loco\u2019 com Ana Paula Cerveira, Andr\u00e9 Netto, Evelyn Guimar\u00e3es, Felipe Leite, Gabriel Curty, Jo\u00e3o Pedro Nascimento, Luana Marino, Rodrigo Berton, Pedro Henrique Marum e Victor Martins. A F1 encerra a temporada com o GP de Abu Dhabi j\u00e1 entre os dias 18 e 20 de novembro.<\/p>\n\n\n\n<figure class=\"wp-block-embed is-type-rich is-provider-spotify wp-block-embed-spotify wp-embed-aspect-21-9 wp-has-aspect-ratio\"><div class=\"wp-block-embed__wrapper\">\n<iframe title=\"Spotify Embed: Paddockast #173: O que ainda est\u00e1 em jogo no GP de S\u00e3o Paulo da F1 2022?\" style=\"border-radius: 12px\" width=\"100%\" height=\"152\" frameborder=\"0\" allowfullscreen allow=\"autoplay; clipboard-write; encrypted-media; fullscreen; picture-in-picture\" loading=\"lazy\" src=\"https:\/\/open.spotify.com\/embed\/episode\/4DTpjxVS8urL3O7whIagYL?utm_source=oembed\"><\/iframe>\n<\/div><figcaption>Paddockast #173: O que ainda est\u00e1 em jogo no GP de S\u00e3o Paulo da F1 2022?<\/figcaption><\/figure>\n","protected":false},"excerpt":{"rendered":"<p>Mick Schumacher parecia encontrar o caminho do sucesso na F\u00f3rmula 1 no meio do ano, mas as coisas degringolaram. Quais os motivos?<\/p>\n","protected":false},"author":0,"featured_media":1000631432,"comment_status":"closed","ping_status":"closed","sticky":false,"template":"","format":"standard","meta":{"42wp_featured_image_caption":"","42wp_featured_image_credits":"","42wp_featured_video":"","42wp_featured_image_hidden":false,"42wp_authors_list":[],"footnotes":""},"categories":[2],"tags":[1357,26841,16952,26680,502,1491,30103,28285,1490,119,1294],"42wp_author":[47120],"class_list":["post-107283","post","type-post","status-publish","format-standard","has-post-thumbnail","hentry","category-f1","tag-f1-2022","tag-formula-1-2022","tag-gp-de-interlagos","tag-gp-de-sao-paulo","tag-gp-do-brasil","tag-grande-premio","tag-grande-premio-f1","tag-grandepremio","tag-guenther-steiner","tag-haas","tag-mick-schumacher","42wp_author-pedro-henrique-marum"],"_links":{"self":[{"href":"https:\/\/grandepremio.com\/br\/wp-json\/wp\/v2\/posts\/107283","targetHints":{"allow":["GET"]}}],"collection":[{"href":"https:\/\/grandepremio.com\/br\/wp-json\/wp\/v2\/posts"}],"about":[{"href":"https:\/\/grandepremio.com\/br\/wp-json\/wp\/v2\/types\/post"}],"replies":[{"embeddable":true,"href":"https:\/\/grandepremio.com\/br\/wp-json\/wp\/v2\/comments?post=107283"}],"version-history":[{"count":0,"href":"https:\/\/grandepremio.com\/br\/wp-json\/wp\/v2\/posts\/107283\/revisions"}],"wp:featuredmedia":[{"embeddable":true,"href":"https:\/\/grandepremio.com\/br\/wp-json\/wp\/v2\/media\/1000631432"}],"wp:attachment":[{"href":"https:\/\/grandepremio.com\/br\/wp-json\/wp\/v2\/media?parent=107283"}],"wp:term":[{"taxonomy":"category","embeddable":true,"href":"https:\/\/grandepremio.com\/br\/wp-json\/wp\/v2\/categories?post=107283"},{"taxonomy":"post_tag","embeddable":true,"href":"https:\/\/grandepremio.com\/br\/wp-json\/wp\/v2\/tags?post=107283"},{"taxonomy":"42wp_author","embeddable":true,"href":"https:\/\/grandepremio.com\/br\/wp-json\/wp\/v2\/42wp_author?post=107283"}],"curies":[{"name":"wp","href":"https:\/\/api.w.org\/{rel}","templated":true}]}}