{"id":107293,"date":"2022-11-13T19:58:19","date_gmt":"2022-11-13T22:58:19","guid":{"rendered":"https:\/\/grandepremio.com\/br\/noticias\/sebastian-vettel-lamenta-pneus-medios-relargada-gp-sao-paulo-deveriamos-pontuado\/"},"modified":"2022-11-15T11:53:55","modified_gmt":"2022-11-15T14:53:55","slug":"sebastian-vettel-lamenta-pneus-medios-relargada-gp-sao-paulo-deveriamos-pontuado","status":"publish","type":"post","link":"https:\/\/grandepremio.com\/br\/f1\/sebastian-vettel-lamenta-pneus-medios-relargada-gp-sao-paulo-deveriamos-pontuado\/","title":{"rendered":"Vettel lamenta pneus m\u00e9dios em relargada no GP de S\u00e3o Paulo: &#8220;Dever\u00edamos ter pontuado&#8221;"},"content":{"rendered":"\n<p class=\"wp-block-paragraph\"><strong>Sebastian Vettel <\/strong>bateu na trave da zona de pontua\u00e7\u00e3o mais uma vez ao terminar o <strong>GP de S\u00e3o Paulo<\/strong>, realizado neste domingo (13), em 11\u00ba, um resultado frustrante para o alem\u00e3o depois da boa impress\u00e3o da sprint race. O tetracampe\u00e3o explicou, no entanto, que n\u00e3o deu tanta sorte na segunda relargada por conta dos pneus.<\/p>\n\n\n\n<p class=\"wp-block-paragraph\">Depois da corrida curta no s\u00e1bado, Vettel se disse animado com o bom ritmo apresentado pelo AMR22 na pista paulistana. Na corrida principal, largou bem, mas disse que perdeu posi\u00e7\u00f5es ap\u00f3s o primeiro pit-stop e, a partir da\u00ed, &#8220;a tarde come\u00e7ou a mudar&#8221;.<\/p>\n\n\n\n<p class=\"wp-block-paragraph\"><strong>\u25b6\ufe0f&nbsp;Inscreva-se nos dois canais do GRANDE PR\u00caMIO no YouTube:&nbsp;<a href=\"https:\/\/www.youtube.com\/channel\/UC9OlHEgxoaY6QY6nWPoiqQg?sub_confirmation=1\" target=\"_blank\" rel=\"noreferrer noopener\">GP<\/a>&nbsp;|&nbsp;<a href=\"https:\/\/www.youtube.com\/channel\/UC9csiS6q_C3C0FYhyr1rnFA?sub_confirmation=1\" target=\"_blank\" rel=\"noreferrer noopener\">GP2<\/a><\/strong><br><strong>\u25b6\ufe0f&nbsp;<a href=\"https:\/\/www.twitch.tv\/grandepremio\" target=\"_blank\" rel=\"noreferrer noopener\">Conhe\u00e7a o canal do GRANDE PR\u00caMIO na Twitch clicando aqui!<\/a><\/strong><\/p>\n\n\n\n<figure class=\"wp-block-image size-large\"><img decoding=\"async\" src=\"https:\/\/www.grandepremio.com\/br\/wp-content\/uploads\/2022\/11\/astonmartin-sebastianvettel-05-1024x683.jpg\" alt=\"\" class=\"wp-image-633309\"\/><figcaption>Sebastian Vettel n\u00e3o conseguiu pontuar na corrida em Interlagos (Foto: Aston Martin)<\/figcaption><\/figure>\n\n\n\n<p class=\"wp-block-paragraph\">&#8220;Eu tinha um ritmo decente, mas o segundo safety-car n\u00e3o me ajudou, porque eu estava com pneus m\u00e9dios, enquanto muitos ao meu redor estavam com os macios na relargada&#8221;, analisou. <\/p>\n\n\n\n<p class=\"wp-block-paragraph\">&#8220;Parece que dever\u00edamos ter marcado mais pontos hoje, mas, considerando a maneira como as coisas aconteceram, n\u00e3o acho que poder\u00edamos ter feito muito mais&#8221;, acrescentou &#8216;Sebe&#8217;, que encerrou com uma constata\u00e7\u00e3o: &#8220;Corrida \u00e0s vezes \u00e9 assim&#8221;.<\/p>\n\n\n\n<p class=\"wp-block-paragraph\">O&nbsp;<strong>GRANDE PR\u00caMIO<\/strong>&nbsp;acompanha todas as atividades&nbsp;<strong><a href=\"https:\/\/www.grandepremio.com\/br\/ao-vivo\/\">AO VIVO e EM&nbsp;<\/a><a href=\"https:\/\/www.grandepremio.com\/br\/ao-vivo\/\" target=\"_blank\" rel=\"noreferrer noopener\">TEMPO REAL<\/a><\/strong>&nbsp;e cobre o GP de S\u00e3o Paulo de&nbsp;<a href=\"https:\/\/www.grandepremio.com\/formula-1\/\" target=\"_blank\" rel=\"noreferrer noopener\">F\u00f3rmula 1<\/a>&nbsp;\u2018in loco\u2019 com Ana Paula Cerveira, Andr\u00e9 Netto, Evelyn Guimar\u00e3es, Felipe Leite, Gabriel Curty, Jo\u00e3o Pedro Nascimento, Luana Marino, Rodrigo Berton, Pedro Henrique Marum e Victor Martins. A&nbsp;<a href=\"https:\/\/www.grandepremio.com\/formula-1\/\" target=\"_blank\" rel=\"noreferrer noopener\">F1&nbsp;<\/a>encerra a temporada com o GP de Abu Dhabi j\u00e1 na semana que vem, entre os dias 18 e 20 de novembro.<\/p>\n","protected":false},"excerpt":{"rendered":"<p>Depois de deixar a sprint race com boas expectativas para o GP de S\u00e3o Paulo, Sebastian Vettel lamentou os pneus m\u00e9dios ap\u00f3s a relargada e ter encerrado a corrida fora da zona de pontua\u00e7\u00e3o<\/p>\n","protected":false},"author":0,"featured_media":1000633294,"comment_status":"closed","ping_status":"closed","sticky":false,"template":"","format":"standard","meta":{"42wp_featured_image_caption":"","42wp_featured_image_credits":"","42wp_featured_video":"","42wp_featured_image_hidden":false,"42wp_authors_list":[],"footnotes":""},"categories":[2],"tags":[309,783,147,1357,180,26680,1491,124,485,210],"42wp_author":[47147],"class_list":["post-107293","post","type-post","status-publish","format-standard","has-post-thumbnail","hentry","category-f1","tag-aston-martin","tag-brasil","tag-f1","tag-f1-2022","tag-formula-1","tag-gp-de-sao-paulo","tag-grande-premio","tag-interlagos","tag-lance-stroll","tag-sebastian-vettel","42wp_author-luana-marino"],"_links":{"self":[{"href":"https:\/\/grandepremio.com\/br\/wp-json\/wp\/v2\/posts\/107293","targetHints":{"allow":["GET"]}}],"collection":[{"href":"https:\/\/grandepremio.com\/br\/wp-json\/wp\/v2\/posts"}],"about":[{"href":"https:\/\/grandepremio.com\/br\/wp-json\/wp\/v2\/types\/post"}],"replies":[{"embeddable":true,"href":"https:\/\/grandepremio.com\/br\/wp-json\/wp\/v2\/comments?post=107293"}],"version-history":[{"count":0,"href":"https:\/\/grandepremio.com\/br\/wp-json\/wp\/v2\/posts\/107293\/revisions"}],"wp:featuredmedia":[{"embeddable":true,"href":"https:\/\/grandepremio.com\/br\/wp-json\/wp\/v2\/media\/1000633294"}],"wp:attachment":[{"href":"https:\/\/grandepremio.com\/br\/wp-json\/wp\/v2\/media?parent=107293"}],"wp:term":[{"taxonomy":"category","embeddable":true,"href":"https:\/\/grandepremio.com\/br\/wp-json\/wp\/v2\/categories?post=107293"},{"taxonomy":"post_tag","embeddable":true,"href":"https:\/\/grandepremio.com\/br\/wp-json\/wp\/v2\/tags?post=107293"},{"taxonomy":"42wp_author","embeddable":true,"href":"https:\/\/grandepremio.com\/br\/wp-json\/wp\/v2\/42wp_author?post=107293"}],"curies":[{"name":"wp","href":"https:\/\/api.w.org\/{rel}","templated":true}]}}