{"id":107307,"date":"2022-11-13T18:02:39","date_gmt":"2022-11-13T21:02:39","guid":{"rendered":"https:\/\/grandepremio.com\/br\/noticias\/charles-leclerc-ferrari-mudou-ideia-inversao-posicao-nao-sei-razao\/"},"modified":"2022-11-13T18:41:06","modified_gmt":"2022-11-13T21:41:06","slug":"charles-leclerc-ferrari-mudou-ideia-inversao-posicao-nao-sei-razao","status":"publish","type":"post","link":"https:\/\/grandepremio.com\/br\/f1\/charles-leclerc-ferrari-mudou-ideia-inversao-posicao-nao-sei-razao\/","title":{"rendered":"Leclerc diz que Ferrari \u201cmudou de ideia\u201d sobre invers\u00e3o de posi\u00e7\u00e3o: \u201cN\u00e3o sei a raz\u00e3o\u201d"},"content":{"rendered":"\n<p class=\"wp-block-paragraph\"><strong>Charles Leclerc <\/strong>revelou que a <strong>Ferrari <\/strong>tinha conversado antes do <a href=\"https:\/\/www.grandepremio.com\/br\/f1\/noticias\/george-russell-domina-vitoria-gp-de-sao-paulo-formula-1-mercedes-lewis-hamilton-max-verstappen-batem\/\" class=\"ek-link\">GP do <strong>S\u00e3o Paulo<\/strong><\/a><strong> <\/strong>sobre a possibilidade de inverter a posi\u00e7\u00e3o dos pilotos para que fosse ele a terminar na frente pensando no vice-campeonato da <strong>F\u00f3rmula 1 2022<\/strong>. O monegasco admitiu que ficou frustrado com a mudan\u00e7a, mas reconheceu que tem de engolir a decis\u00e3o da equipe.<\/p>\n\n\n\n<p class=\"wp-block-paragraph\">Leclerc terminou a corrida deste domingo (13) na quarta coloca\u00e7\u00e3o, atr\u00e1s de <strong>Carlos Sainz Jr.<\/strong>, mas cobrou a <strong>Ferrari <\/strong>pelo r\u00e1dio uma invers\u00e3o de posi\u00e7\u00f5es. \u201cPensem no Campeonato se as posi\u00e7\u00f5es forem essas\u201d, falou. A escuderia de <strong>Maranello<\/strong>, por\u00e9m, descartou a invers\u00e3o, alegando que seria arriscado.<\/p>\n\n\n\n<figure class=\"wp-block-image size-large\"><img decoding=\"async\" src=\"https:\/\/www.grandepremio.com\/br\/wp-content\/uploads\/2022\/11\/000_32NA9GE-1024x683.jpg\" alt=\"\" class=\"wp-image-631798\"\/><figcaption>Charles Leclerc n\u00e3o ficou satisfeito com a mudan\u00e7a de posi\u00e7\u00e3o da Ferrari (Foto: AFP) <\/figcaption><\/figure>\n\n\n\n<p class=\"wp-block-paragraph\"><strong>\u25b6\ufe0f&nbsp;Inscreva-se nos dois canais do GRANDE PR\u00caMIO no YouTube:&nbsp;<a href=\"https:\/\/www.youtube.com\/channel\/UC9OlHEgxoaY6QY6nWPoiqQg?sub_confirmation=1\" target=\"_blank\" rel=\"noreferrer noopener\">GP<\/a>&nbsp;|&nbsp;<a href=\"https:\/\/www.youtube.com\/channel\/UC9csiS6q_C3C0FYhyr1rnFA?sub_confirmation=1\" target=\"_blank\" rel=\"noreferrer noopener\">GP2<\/a><\/strong><br><strong>\u25b6\ufe0f&nbsp;<a href=\"https:\/\/www.twitch.tv\/grandepremio\" target=\"_blank\" rel=\"noreferrer noopener\">Conhe\u00e7a o canal do GRANDE PR\u00caMIO na Twitch clicando aqui!<\/a><\/strong><\/p>\n\n\n\n<p class=\"wp-block-paragraph\">Quesitionado pelo <strong>GRANDE PR\u00caMIO <\/strong>sobre o que esperava com o pedido que fez \u00e0 Ferrari, Charles respondeu: \u201cEu n\u00e3o esperava nada, mas, obviamente, n\u00f3s t\u00ednhamos discutido essa situa\u00e7\u00e3o em particular e, por alguma raz\u00e3o, mudamos de ideia depois\u201d.<\/p>\n\n\n\n<p class=\"wp-block-paragraph\">\u201cN\u00e3o sei exatamente quais foram as raz\u00f5es por tr\u00e1s disso, mas foi frustrante no momento\u201d, desabafou. \u201cTendo largado em quinto, ca\u00eddo para \u00faltimo na primeira volta e recuperar para a quarta coloca\u00e7\u00e3o \u00e9 uma \u00f3tima conquista, mas \u00e9 um pouco frustrante\u201d, insistiu.<\/p>\n\n\n\n<p class=\"wp-block-paragraph\">Perguntado por outro jornalista sobre o que tinha acontecido, Leclerc novamente explicou. \u201cEstava tudo relacionado a uma discuss\u00e3o que tivemos antes da corrida. A equipe mudou de ideia e tenho de lidar com isso, mas, claro, no calor do momento, n\u00e3o foi f\u00e1cil de aceitar\u201d, refor\u00e7ou.<\/p>\n\n\n\n<p class=\"wp-block-paragraph\">A corrida de Charles come\u00e7ou tumultuada por conta de um incidente com <strong>Lando Norris<\/strong>. Na volta 7 deste domingo (13), o <a href=\"https:\/\/www.grandepremio.com\/br\/f1\/noticias\/ele-idiota-charles-leclerc-xinga-lando-norris-radio-jogado-muro-interlagos\/\" class=\"ek-link\">piloto da McLaren for\u00e7ou a ultrapassagem sobre o monegasco da Ferrari e o jogou contra o muro<\/a>.<\/p>\n\n\n\n<p class=\"wp-block-paragraph\">Indagado pelo <strong>GP <\/strong>sobre o incidente com Norris, Leclerc se justificou: \u201cEu deixei espa\u00e7o para ele, mas acho que ele perdeu a traseira e me tocou, o que me jogou para o muro\u201d.<\/p>\n\n\n\n<p class=\"wp-block-paragraph\">O&nbsp;<strong>GRANDE PR\u00caMIO<\/strong>&nbsp;acompanha todas as atividades&nbsp;<a href=\"https:\/\/www.grandepremio.com\/br\/ao-vivo\/\" target=\"_blank\" rel=\"noreferrer noopener\"><strong>AO VIVO e EM TEMPO REAL<\/strong><\/a>&nbsp;e cobre o GP de S\u00e3o Paulo de&nbsp;<a href=\"https:\/\/www.grandepremio.com\/formula-1\/\" target=\"_blank\" rel=\"noreferrer noopener\">F\u00f3rmula 1<\/a>&nbsp;\u2018in loco\u2019 com Ana Paula Cerveira, Andr\u00e9 Netto, Evelyn Guimar\u00e3es, Felipe Leite, Gabriel Curty, Luana Marino, Rodrigo Berton, Pedro Henrique Marum e Victor Martins.<\/p>\n","protected":false},"excerpt":{"rendered":"<p>Ao GRANDE PR\u00caMIO, monegasco revelou que a Ferrari tinha conversado antes do GP de S\u00e3o Paulo sobre a possibilidade de inverter posi\u00e7\u00f5es pensando no vice-campeonato de 2022. Leclerc disse ter de aceitar a decis\u00e3o, mas admitiu que ficou frustrado no momento<\/p>\n","protected":false},"author":0,"featured_media":1000633310,"comment_status":"closed","ping_status":"closed","sticky":false,"template":"","format":"standard","meta":{"42wp_featured_image_caption":"","42wp_featured_image_credits":"","42wp_featured_video":"","42wp_featured_image_hidden":false,"42wp_authors_list":[],"footnotes":""},"categories":[2],"tags":[783,209,147,1357,207,180,26841,30732,28285,124,32971,2380],"42wp_author":[47142,47113],"class_list":["post-107307","post","type-post","status-publish","format-standard","has-post-thumbnail","hentry","category-f1","tag-brasil","tag-charles-leclerc","tag-f1","tag-f1-2022","tag-ferrari","tag-formula-1","tag-formula-1-2022","tag-formula-1-classificacao-2022","tag-grandepremio","tag-interlagos","tag-onde-assistir-f1-2022","tag-sao-paulo","42wp_author-jp-nascimento","42wp_author-juliana-tesser"],"_links":{"self":[{"href":"https:\/\/grandepremio.com\/br\/wp-json\/wp\/v2\/posts\/107307","targetHints":{"allow":["GET"]}}],"collection":[{"href":"https:\/\/grandepremio.com\/br\/wp-json\/wp\/v2\/posts"}],"about":[{"href":"https:\/\/grandepremio.com\/br\/wp-json\/wp\/v2\/types\/post"}],"replies":[{"embeddable":true,"href":"https:\/\/grandepremio.com\/br\/wp-json\/wp\/v2\/comments?post=107307"}],"version-history":[{"count":0,"href":"https:\/\/grandepremio.com\/br\/wp-json\/wp\/v2\/posts\/107307\/revisions"}],"wp:featuredmedia":[{"embeddable":true,"href":"https:\/\/grandepremio.com\/br\/wp-json\/wp\/v2\/media\/1000633310"}],"wp:attachment":[{"href":"https:\/\/grandepremio.com\/br\/wp-json\/wp\/v2\/media?parent=107307"}],"wp:term":[{"taxonomy":"category","embeddable":true,"href":"https:\/\/grandepremio.com\/br\/wp-json\/wp\/v2\/categories?post=107307"},{"taxonomy":"post_tag","embeddable":true,"href":"https:\/\/grandepremio.com\/br\/wp-json\/wp\/v2\/tags?post=107307"},{"taxonomy":"42wp_author","embeddable":true,"href":"https:\/\/grandepremio.com\/br\/wp-json\/wp\/v2\/42wp_author?post=107307"}],"curies":[{"name":"wp","href":"https:\/\/api.w.org\/{rel}","templated":true}]}}