{"id":107310,"date":"2022-11-13T17:18:14","date_gmt":"2022-11-13T20:18:14","guid":{"rendered":"https:\/\/grandepremio.com\/br\/noticias\/carlos-sainz-ve-mercedes-intocavel-enaltece-podio-problemas-interlagos\/"},"modified":"2022-11-13T18:09:33","modified_gmt":"2022-11-13T21:09:33","slug":"carlos-sainz-ve-mercedes-intocavel-enaltece-podio-problemas-interlagos","status":"publish","type":"post","link":"https:\/\/grandepremio.com\/br\/f1\/carlos-sainz-ve-mercedes-intocavel-enaltece-podio-problemas-interlagos\/","title":{"rendered":"Sainz v\u00ea Mercedes &#8220;intoc\u00e1vel&#8221;, mas enaltece p\u00f3dio ap\u00f3s problemas em Interlagos"},"content":{"rendered":"\n<p class=\"wp-block-paragraph\">O dia foi da <strong>Mercedes<\/strong>, mas <strong>Carlos Sainz <\/strong>conseguiu colocar a <strong>Ferrari <\/strong>no p\u00f3dio. Mesmo com a insist\u00eancia de <strong>Charles Leclerc<\/strong>, que terminou logo atr\u00e1s, o espanhol recebeu a bandeirada final na terceira posi\u00e7\u00e3o. \u00c9 seu oitavo p\u00f3dio em 2022. <\/p>\n\n\n\n<p class=\"wp-block-paragraph\">&#8220;Acho que no geral foi uma boa corrida. Tivemos alguns problemas l\u00e1 no in\u00edcio com superaquecimento de freios, ent\u00e3o, tivemos de parar cedo e tivemos de nos comprometer com tr\u00eas paradas. Talvez hoje n\u00e3o tenha sido o mais r\u00e1pido durante a prova, mas a partir do segundo safety-car me esforcei para ultrapassar Checo&#8221;, disse ele.<\/p>\n\n\n\n<p class=\"wp-block-paragraph\"><strong>\u25b6\ufe0f\u00a0Inscreva-se nos dois canais do GRANDE PR\u00caMIO no YouTube:\u00a0<a href=\"https:\/\/www.youtube.com\/channel\/UC9OlHEgxoaY6QY6nWPoiqQg?sub_confirmation=1\" target=\"_blank\" rel=\"noreferrer noopener\">GP<\/a>\u00a0|\u00a0<a href=\"https:\/\/www.youtube.com\/channel\/UC9csiS6q_C3C0FYhyr1rnFA?sub_confirmation=1\" target=\"_blank\" rel=\"noreferrer noopener\">GP2<\/a><\/strong><br><strong>\u25b6\ufe0f\u00a0<a href=\"https:\/\/www.twitch.tv\/grandepremio\" target=\"_blank\" rel=\"noreferrer noopener\">Conhe\u00e7a o canal do GRANDE PR\u00caMIO na Twitch clicando aqui!<\/a><\/strong><\/p>\n\n\n\n<figure class=\"wp-block-image size-full\"><img decoding=\"async\" src=\"https:\/\/www.grandepremio.com\/br\/wp-content\/uploads\/2022\/11\/ferrari-carlossainz-02-6.jpg\" alt=\"\" class=\"wp-image-633296\"\/><figcaption>Carlos Sainz terminou em terceiro (Foto: Ferrari)<\/figcaption><\/figure>\n\n\n\n<p class=\"wp-block-paragraph\">Sainz n\u00e3o negou tamb\u00e9m a surpresa com o ritmo da Mercedes. J\u00e1 no \u00faltimo s\u00e1bado os italianos mostravam preocupa\u00e7\u00e3o com George Russell e Lewis Hamilton. Ainda assim, o #55 enalteceu mais um p\u00f3dio no ano, at\u00e9 por ter sido punido por sua sexta troca de motor. <\/p>\n\n\n\n<p class=\"wp-block-paragraph\">&#8220;Tivemos uma boa corrida contra o Checo no final. Um bom p\u00f3dio depois de largar da s\u00e9tima posi\u00e7\u00e3o. \u00c9 uma pena que a Mercedes tenha sido r\u00e1pida, mas parab\u00e9ns ao George!&#8221;, falou.<\/p>\n\n\n\n<p class=\"wp-block-paragraph\">&#8220;Estamos um pouco no modo de defesa porque a Mercedes era intoc\u00e1vel hoje. Eles eram mais r\u00e1pidos que n\u00f3s e a Red Bull. Mas acho que em Abu Dhabi podemos esperar que eles ven\u00e7am e fa\u00e7am a limita\u00e7\u00e3o de danos e v\u00e3o para a vit\u00f3ria tamb\u00e9m&#8221;, encerrou. <\/p>\n\n\n\n<p class=\"wp-block-paragraph\">O&nbsp;<strong>GRANDE PR\u00caMIO<\/strong>&nbsp;acompanha todas as atividades&nbsp;<strong><a href=\"https:\/\/www.grandepremio.com\/br\/ao-vivo\/\">AO VIVO e EM&nbsp;<\/a><a href=\"https:\/\/www.grandepremio.com\/br\/ao-vivo\/\" target=\"_blank\" rel=\"noreferrer noopener\">TEMPO REAL<\/a><\/strong>&nbsp;e cobre o GP de S\u00e3o Paulo de&nbsp;<a href=\"https:\/\/www.grandepremio.com\/formula-1\/\" target=\"_blank\" rel=\"noreferrer noopener\">F\u00f3rmula 1<\/a>&nbsp;\u2018in loco\u2019 com Ana Paula Cerveira, Andr\u00e9 Netto, Evelyn Guimar\u00e3es, Felipe Leite, Gabriel Curty, Luana Marino, Rodrigo Berton, Pedro Henrique Marum e Victor Martins.<\/p>\n\n\n\n<p class=\"wp-block-paragraph\"><a href=\"https:\/\/twitter.com\/JunaidSamodien_\/status\/1591881198707830784\"><\/a><\/p>\n\n\n\n<p class=\"wp-block-paragraph\"><a href=\"https:\/\/twitter.com\/JunaidSamodien_\/status\/1591880896277368835\"><\/a><\/p>\n\n\n\n<p class=\"wp-block-paragraph\"><a href=\"https:\/\/twitter.com\/JunaidSamodien_\/status\/1591880640613724160\"><\/a><\/p>\n","protected":false},"excerpt":{"rendered":"<p>Carlos Sainz teve problemas ao longo da corrida, mas enalteceu seu oitavo p\u00f3dio com a terceira posi\u00e7\u00e3o da corrida, ainda mais num dia impec\u00e1vel da Mercedes<\/p>\n","protected":false},"author":0,"featured_media":1000633265,"comment_status":"closed","ping_status":"closed","sticky":false,"template":"","format":"standard","meta":{"42wp_featured_image_caption":"","42wp_featured_image_credits":"","42wp_featured_video":"","42wp_featured_image_hidden":false,"42wp_authors_list":[],"footnotes":""},"categories":[2],"tags":[783,546,25390,147,1357,207,180,26841,30732,28285,124,82,32971,19348,2380],"42wp_author":[47139],"class_list":["post-107310","post","type-post","status-publish","format-standard","has-post-thumbnail","hentry","category-f1","tag-brasil","tag-carlos-sainz","tag-carlos-sainz-jr-2","tag-f1","tag-f1-2022","tag-ferrari","tag-formula-1","tag-formula-1-2022","tag-formula-1-classificacao-2022","tag-grandepremio","tag-interlagos","tag-mercedes","tag-onde-assistir-f1-2022","tag-podio","tag-sao-paulo","42wp_author-ana-cerveira"],"_links":{"self":[{"href":"https:\/\/grandepremio.com\/br\/wp-json\/wp\/v2\/posts\/107310","targetHints":{"allow":["GET"]}}],"collection":[{"href":"https:\/\/grandepremio.com\/br\/wp-json\/wp\/v2\/posts"}],"about":[{"href":"https:\/\/grandepremio.com\/br\/wp-json\/wp\/v2\/types\/post"}],"replies":[{"embeddable":true,"href":"https:\/\/grandepremio.com\/br\/wp-json\/wp\/v2\/comments?post=107310"}],"version-history":[{"count":0,"href":"https:\/\/grandepremio.com\/br\/wp-json\/wp\/v2\/posts\/107310\/revisions"}],"wp:featuredmedia":[{"embeddable":true,"href":"https:\/\/grandepremio.com\/br\/wp-json\/wp\/v2\/media\/1000633265"}],"wp:attachment":[{"href":"https:\/\/grandepremio.com\/br\/wp-json\/wp\/v2\/media?parent=107310"}],"wp:term":[{"taxonomy":"category","embeddable":true,"href":"https:\/\/grandepremio.com\/br\/wp-json\/wp\/v2\/categories?post=107310"},{"taxonomy":"post_tag","embeddable":true,"href":"https:\/\/grandepremio.com\/br\/wp-json\/wp\/v2\/tags?post=107310"},{"taxonomy":"42wp_author","embeddable":true,"href":"https:\/\/grandepremio.com\/br\/wp-json\/wp\/v2\/42wp_author?post=107310"}],"curies":[{"name":"wp","href":"https:\/\/api.w.org\/{rel}","templated":true}]}}