{"id":10733,"date":"2026-03-23T11:19:21","date_gmt":"2026-03-23T14:19:21","guid":{"rendered":"https:\/\/grandepremio.com\/br\/noticias\/quais-horarios-gp-do-japao-formula-1-2026\/"},"modified":"2026-03-23T14:20:29","modified_gmt":"2026-03-23T17:20:29","slug":"quais-horarios-gp-do-japao-formula-1-2026","status":"publish","type":"post","link":"https:\/\/grandepremio.com\/br\/f1\/quais-horarios-gp-do-japao-formula-1-2026\/","title":{"rendered":"Quais os hor\u00e1rios do GP do Jap\u00e3o da F\u00f3rmula 1 2026"},"content":{"rendered":"\n<p class=\"wp-block-paragraph\">Depois de uma semana de intervalo p\u00f3s-<strong>GP da China<\/strong>, a\u00a0<strong>F\u00f3rmula 1<\/strong>\u00a0chega em <strong>Suzuka<\/strong>, onde disputa o\u00a0<strong>GP do Jap\u00e3o<\/strong>\u00a0neste fim de semana, entre os dias\u00a0<strong>26 e 29 de mar\u00e7o<\/strong>. Confira os hor\u00e1rios terceira etapa do campeonato.<\/p>\n\n\n\n<p class=\"wp-block-paragraph\">A etapa nip\u00f4nica n\u00e3o tem corrida sprint. Logo, a programa\u00e7\u00e3o da F\u00f3rmula 1 ter\u00e1 tr\u00eas treinos livres, uma classifica\u00e7\u00e3o e a corrida. No entanto, vale lembrar que as atividades acontecem durante a madrugada no Brasil. Por isso, a primeira sess\u00e3o come\u00e7a ainda na noite de quinta-feira (26).<\/p>\n\n\n\n<figure class=\"wp-block-embed is-type-video is-provider-youtube wp-block-embed-youtube wp-embed-aspect-16-9 wp-has-aspect-ratio\"><div class=\"wp-block-embed__wrapper\">\n<iframe loading=\"lazy\" title=\"TEMPESTADE NA CASA DA MOTOGP NO BRASIL E A PROMESSA DE HAMILTON | TTGP #211\" width=\"500\" height=\"281\" src=\"https:\/\/www.youtube.com\/embed\/-Cg4F7ssRwY?feature=oembed\" frameborder=\"0\" allow=\"accelerometer; autoplay; clipboard-write; encrypted-media; gyroscope; picture-in-picture; web-share\" referrerpolicy=\"strict-origin-when-cross-origin\" allowfullscreen><\/iframe>\n<\/div><\/figure>\n\n\n\n<h3 class=\"wp-block-heading\" id=\"h-gp-experience-o-novo-produto-do-grande-premio-conecta-voce-aos-maiores-eventos-de-esporte-a-motor-do-mundo-va-para-indianapolis-com-a-gente-saiba-aqui-todos-os-detalhes\"><strong><mark style=\"background-color:rgba(0, 0, 0, 0)\" class=\"has-inline-color has-vivid-red-color\">+ GP EXPERIENCE: o novo produto do GRANDE PR\u00caMIO conecta voc\u00ea aos maiores eventos de esporte a motor do mundo. V\u00e1 para Indian\u00e1polis com a gente:\u00a0<a href=\"https:\/\/gpexperience.tur.br\/\" target=\"_blank\" rel=\"noreferrer noopener\">saiba aqui todos os detalhes<\/a>.<\/mark><\/strong><\/h3>\n\n\n\n<p class=\"wp-block-paragraph\">O TL1 tem in\u00edcio \u00e0s 23h30 (hor\u00e1rio de\u00a0Bras\u00edlia, GMT-3), na quinta-feira. Mais tarde, j\u00e1 na madrugada de sexta-feira (27), os carros voltam \u00e0 pista \u00e0s 3h para o TL2. Ainda na noite de sexta-feira, \u00e0s 23h30, a\u00a0F\u00f3rmula 1\u00a0realiza o TL3, enquanto a classifica\u00e7\u00e3o come\u00e7a \u00e0s 3h da madrugada de s\u00e1bado (28). Por fim, a largada do\u00a0<strong>GP do Jap\u00e3o<\/strong>\u00a0acontece \u00e0s 2h de domingo (29).<\/p>\n\n\n\n<p class=\"wp-block-paragraph\">Todas as sess\u00f5es podem ser acompanhadas atrav\u00e9s do&nbsp;<strong>sportv3<\/strong>&nbsp;ou pela&nbsp;<strong>F1 TV<\/strong>, streaming oficial da categoria. A&nbsp;<strong>Globo<\/strong>&nbsp;<a href=\"https:\/\/www.grandepremio.com\/br\/f1\/noticias\/globo-confirma-transmissao-classificacao-corrida-gp-do-japao-tv-aberta\/\">anunciou a expans\u00e3o da cobertura desta etapa<\/a>&nbsp;e, al\u00e9m da corrida, vai transmitir tamb\u00e9m a classifica\u00e7\u00e3o na TV aberta.<\/p>\n\n\n\n<figure class=\"wp-block-image size-large\"><img decoding=\"async\" src=\"https:\/\/www.grandepremio.com\/br\/wp-content\/uploads\/2025\/04\/japao-2025-f1-corrida-largada-afp-02-1200x800.jpg\" alt=\"\" class=\"wp-image-949986\"\/><figcaption class=\"wp-element-caption\">Fim de semana do GP do Jap\u00e3o n\u00e3o ter\u00e1 corrida sprint (Foto: AFP) <\/figcaption><\/figure>\n\n\n\n<p class=\"wp-block-paragraph\"><strong>\u25b6\ufe0f\u00a0Inscreva-se nos dois canais do GRANDE PR\u00caMIO no YouTube:\u00a0<a href=\"https:\/\/www.youtube.com\/channel\/UC9OlHEgxoaY6QY6nWPoiqQg?sub_confirmation=1\" target=\"_blank\" rel=\"noreferrer noopener\">GP<\/a>\u00a0|\u00a0<a href=\"https:\/\/www.youtube.com\/channel\/UC9csiS6q_C3C0FYhyr1rnFA?sub_confirmation=1\" target=\"_blank\" rel=\"noreferrer noopener\">GPTV<\/a><\/strong><\/p>\n\n\n\n<p class=\"wp-block-paragraph\"><a href=\"https:\/\/www.grandepremio.com\/br\/f1\/noticias\/andrea-kimi-antonelli-domina-veterano-china-vence-primeira-formula-1-gabriel-bortoleto-nem-larga\/\"><strong>Andrea Kimi Antonelli<\/strong>\u00a0foi o vencedor da \u00faltima etapa, o <strong>GP da China<\/strong><\/a>. O triunfo\u00a0<a href=\"https:\/\/www.grandepremio.com\/br\/f1\/noticias\/andrea-kimi-antonelli-quebra-tabu-leva-italia-volta-topo-podio-apos-20-anos-formula-1\/\">encerrou um jejum de 20 anos da It\u00e1lia na F\u00f3rmula 1<\/a>, al\u00e9m de fazer do piloto o segundo mais jovem a subir no degrau mais alto do p\u00f3dio.\u00a0<strong>George Russell<\/strong>\u00a0completou a dobradinha da\u00a0<strong>Mercedes<\/strong>, com\u00a0<strong>Lewis Hamilton<\/strong>\u00a0conquistando o primeiro p\u00f3dio pela\u00a0<strong>Ferrari<\/strong>.<\/p>\n\n\n\n<p class=\"wp-block-paragraph\">Ao contr\u00e1rio do Jap\u00e3o, o fim de semana em <strong>Xangai<\/strong> tamb\u00e9m teve corrida sprint,\u00a0<a href=\"https:\/\/www.grandepremio.com\/br\/f1\/noticias\/george-russell-resiste-motim-ferrari-vence-sprint-gp-da-china-gabriel-bortoleto-13\/\">que foi vencida por Russell<\/a>, com\u00a0<strong>Charles Leclerc<\/strong>\u00a0e Hamilton completando o top-3.<a href=\"https:\/\/www.grandepremio.com\/br\/chefao\/\" target=\"_blank\" rel=\"noreferrer noopener\"><\/a><\/p>\n\n\n\n<p class=\"wp-block-paragraph\">O&nbsp;<strong>GRANDE PR\u00caMIO<\/strong>&nbsp;acompanha todas as atividades&nbsp;<strong>AO VIVO E EM&nbsp;TEMPO REAL<\/strong>,&nbsp;<a href=\"https:\/\/www.youtube.com\/@GrandePremio1\/streams\">al\u00e9m de classifica\u00e7\u00e3o e corrida em&nbsp;<strong>SEGUNDA TELA&nbsp;<\/strong>no YouTube<\/a>, em parceria com a&nbsp;<strong>Voz do Esporte<\/strong>. O&nbsp;<strong>Briefing&nbsp;<\/strong>chega para analisar ap\u00f3s o fim de cada dia de atividades nas redes sociais e na&nbsp;<strong>GPTV<\/strong>.<\/p>\n\n\n\n<h2 class=\"wp-block-heading\" id=\"h-gp-do-japao-de-f1-veja-os-horarios-em-brasil-cabo-verde-nbsp-portugal-angola-e-mocambique\"><strong>GP do Jap\u00e3o de F1: veja os hor\u00e1rios em Brasil, Cabo Verde,&nbsp;<a href=\"https:\/\/grandepremio.pt\/\" target=\"_blank\" rel=\"noreferrer noopener\">Portugal<\/a>, Angola e Mo\u00e7ambique:<\/strong><\/h2>\n\n\n\n<figure class=\"wp-block-table\"><table class=\"has-fixed-layout\"><tbody><tr><td class=\"has-text-align-left\" data-align=\"left\"><strong>Sess\u00e3o<\/strong><\/td><td class=\"has-text-align-left\" data-align=\"left\"><strong>BRA*<\/strong><\/td><td class=\"has-text-align-left\" data-align=\"left\"><strong>CBV<\/strong><\/td><td class=\"has-text-align-left\" data-align=\"left\"><strong>POR<\/strong><br><strong>ANG<\/strong><\/td><td class=\"has-text-align-left\" data-align=\"left\"><strong>MOZ<\/strong><\/td><\/tr><tr><td class=\"has-text-align-left\" data-align=\"left\">Treino livre 1<\/td><td class=\"has-text-align-left\" data-align=\"left\">23:30<\/td><td class=\"has-text-align-left\" data-align=\"left\">01:30<\/td><td class=\"has-text-align-left\" data-align=\"left\">03:30<\/td><td class=\"has-text-align-left\" data-align=\"left\">04:30<\/td><\/tr><tr><td class=\"has-text-align-left\" data-align=\"left\">Treino livre 2<\/td><td class=\"has-text-align-left\" data-align=\"left\">03:00<\/td><td class=\"has-text-align-left\" data-align=\"left\">05:30<\/td><td class=\"has-text-align-left\" data-align=\"left\">07:00<\/td><td class=\"has-text-align-left\" data-align=\"left\">08:00<\/td><\/tr><tr><td class=\"has-text-align-left\" data-align=\"left\">Treino livre 3<\/td><td class=\"has-text-align-left\" data-align=\"left\">23:30<\/td><td class=\"has-text-align-left\" data-align=\"left\">01:30<\/td><td class=\"has-text-align-left\" data-align=\"left\">03:30<\/td><td class=\"has-text-align-left\" data-align=\"left\">04:30<\/td><\/tr><tr><td class=\"has-text-align-left\" data-align=\"left\">Classifica\u00e7\u00e3o<\/td><td class=\"has-text-align-left\" data-align=\"left\">03:00<\/td><td class=\"has-text-align-left\" data-align=\"left\">05:30<\/td><td class=\"has-text-align-left\" data-align=\"left\">07:00<\/td><td class=\"has-text-align-left\" data-align=\"left\">08:00<\/td><\/tr><tr><td class=\"has-text-align-left\" data-align=\"left\">Corrida<\/td><td class=\"has-text-align-left\" data-align=\"left\">02:00<\/td><td class=\"has-text-align-left\" data-align=\"left\">04:30<\/td><td class=\"has-text-align-left\" data-align=\"left\">06:00<\/td><td class=\"has-text-align-left\" data-align=\"left\">07:00<\/td><\/tr><\/tbody><\/table><\/figure>\n\n\n\n<p class=\"wp-block-paragraph\"><em>*Hor\u00e1rio de Bras\u00edlia<\/em><\/p>\n\n\n\n<h2 class=\"wp-block-heading\" id=\"h-f1-hoje-saiba-aqui-as-noticias-mais-importantes-do-dia-da-formula-1\"><strong>F1 hoje: saiba aqui as not\u00edcias mais importantes do dia da F\u00f3rmula 1<\/strong><\/h2>\n\n\n\n<p class=\"wp-block-paragraph\"><strong>\u25b6\ufe0f&nbsp;<a href=\"https:\/\/www.grandepremio.com\/br\/f1\/noticias\/ferrari-aposta-em-reacao-admite-dificuldades-charles-leclerc-carro-f1-2026\/\">Ferrari aposta em rea\u00e7\u00e3o, mas admite dificuldades de Leclerc com carro da F1 2026<\/a><br>\u25b6\ufe0f&nbsp;<a href=\"https:\/\/www.grandepremio.com\/br\/f1\/noticias\/alexander-albon-revela-williams-anda-tres-rodas-alerta-nada-parece-resolver\/\">Albon revela que Williams \u201canda em tr\u00eas rodas\u201d e alerta: \u201cNada parece resolver\u201d<\/a><br>\u25b6\ufe0f&nbsp;<a href=\"https:\/\/www.grandepremio.com\/br\/f1\/noticias\/na-garagem-nelson-piquet-puxa-dobradinha-brasil-divide-podio-ayrton-senna-jacarepagua\/\">Na Garagem: Piquet puxa dobradinha do Brasil e divide p\u00f3dio com Senna em Jacarepagu\u00e1<\/a><br>\u25b6\ufe0f&nbsp;<a href=\"https:\/\/www.grandepremio.com\/br\/f1\/noticias\/ex-presidente-diz-pressao-ferrari-podia-destruir-carreira-andrea-kimi-antonelli-formula-1\/\">Ex-presidente diz que press\u00e3o da Ferrari \u201cpoderia destruir carreira\u201d de Antonelli na F1<\/a><\/strong><\/p>\n","protected":false},"excerpt":{"rendered":"<p>F\u00f3rmula 1 disputa GP do Jap\u00e3o neste fim de semana, terceira etapa da temporada 2026. Confira todos os hor\u00e1rios da programa\u00e7\u00e3o em Suzuka<\/p>\n","protected":false},"author":0,"featured_media":1001068128,"comment_status":"closed","ping_status":"closed","sticky":false,"template":"","format":"standard","meta":{"42wp_featured_image_caption":"","42wp_featured_image_credits":"","42wp_featured_video":"","42wp_featured_image_hidden":false,"42wp_authors_list":[],"footnotes":""},"categories":[2],"tags":[27861,26271,209,5273,147,29516,29148,207,180,31425,28995,800,1224,3023,38972,1491,28285,30840,24855,46326,32659,87,82,35129,561,608,46327,32660,31470],"42wp_author":[47164],"class_list":["post-10733","post","type-post","status-publish","format-standard","has-post-thumbnail","hentry","category-f1","tag-andrea-kimi-antonelli","tag-calendario-f1","tag-charles-leclerc","tag-classificacao-f1","tag-f1","tag-f1-2026","tag-f1-hoje","tag-ferrari","tag-formula-1","tag-formula-1-2026","tag-formula-1-hoje","tag-george-russell","tag-globo","tag-gp-do-japao","tag-gp-do-japao-f1","tag-grande-premio","tag-grandepremio","tag-horarios-f1","tag-japao","tag-japao-2026","tag-japao-f1","tag-lewis-hamilton","tag-mercedes","tag-onde-assistir-f1","tag-sportv","tag-suzuka","tag-suzuka-2026","tag-suzuka-f1","tag-temporada-2026-f1","42wp_author-marcos-gil-ribeiro"],"_links":{"self":[{"href":"https:\/\/grandepremio.com\/br\/wp-json\/wp\/v2\/posts\/10733","targetHints":{"allow":["GET"]}}],"collection":[{"href":"https:\/\/grandepremio.com\/br\/wp-json\/wp\/v2\/posts"}],"about":[{"href":"https:\/\/grandepremio.com\/br\/wp-json\/wp\/v2\/types\/post"}],"replies":[{"embeddable":true,"href":"https:\/\/grandepremio.com\/br\/wp-json\/wp\/v2\/comments?post=10733"}],"version-history":[{"count":0,"href":"https:\/\/grandepremio.com\/br\/wp-json\/wp\/v2\/posts\/10733\/revisions"}],"wp:featuredmedia":[{"embeddable":true,"href":"https:\/\/grandepremio.com\/br\/wp-json\/wp\/v2\/media\/1001068128"}],"wp:attachment":[{"href":"https:\/\/grandepremio.com\/br\/wp-json\/wp\/v2\/media?parent=10733"}],"wp:term":[{"taxonomy":"category","embeddable":true,"href":"https:\/\/grandepremio.com\/br\/wp-json\/wp\/v2\/categories?post=10733"},{"taxonomy":"post_tag","embeddable":true,"href":"https:\/\/grandepremio.com\/br\/wp-json\/wp\/v2\/tags?post=10733"},{"taxonomy":"42wp_author","embeddable":true,"href":"https:\/\/grandepremio.com\/br\/wp-json\/wp\/v2\/42wp_author?post=10733"}],"curies":[{"name":"wp","href":"https:\/\/api.w.org\/{rel}","templated":true}]}}