{"id":107335,"date":"2022-11-12T20:44:04","date_gmt":"2022-11-12T23:44:04","guid":{"rendered":"https:\/\/grandepremio.com\/br\/noticias\/esteban-ocon-sofre-gostaria-ter-estado-incendio-carro-sao-paulo\/"},"modified":"2022-11-12T21:09:06","modified_gmt":"2022-11-13T00:09:06","slug":"esteban-ocon-sofre-gostaria-ter-estado-incendio-carro-sao-paulo","status":"publish","type":"post","link":"https:\/\/grandepremio.com\/br\/f1\/esteban-ocon-sofre-gostaria-ter-estado-incendio-carro-sao-paulo\/","title":{"rendered":"Ocon sofre e diz que &#8220;gostaria de ter estado&#8221; em inc\u00eandio do carro em S\u00e3o Paulo"},"content":{"rendered":"\n<figure class=\"wp-block-video\"><video class=\"video-js vjs-big-play-centered\" data-gp-vjs=\"1\" controls poster=\"https:\/\/www.grandepremio.com\/br\/wp-content\/uploads\/2022\/11\/n7Rgvotr4Quy_bMJ-poster.jpeg\" src=\"https:\/\/www.grandepremio.com\/br\/wp-content\/uploads\/2022\/11\/n7Rgvotr4Quy_bMJ.mp4\"><\/video><figcaption>Carro de Ocon pega fogo no parque fechado ap\u00f3s a sprint race em Interlagos (V\u00eddeo: Reprodu\u00e7\u00e3o\/Twitter)<\/figcaption><\/figure>\n\n\n\n<p class=\"wp-block-paragraph\"><strong>Esteban Ocon<\/strong> tinha boas expectativas para o <strong>GP de S\u00e3o Paulo<\/strong> neste fim de semana, dado desempenho do carro e o resultado da classifica\u00e7\u00e3o. S\u00f3 que, neste s\u00e1bado (12), o franc\u00eas bateu com o companheiro de equipe duas vezes na primeira volta da <strong><a href=\"https:\/\/www.grandepremio.com\/br\/f1\/noticias\/george-russell-acerta-estrategia-bate-max-verstappen-vence-corrida-sprint-gp-de-sao-paulo-formula-1\/\" class=\"ek-link\">corrida sprint<\/a><\/strong> e terminou nas \u00faltimas posi\u00e7\u00f5es. Ainda saiu com o carro pegando fogo. E queria estar presente no inc\u00eandio quando come\u00e7ou\u2026 Ao menos foi o que falou em entrevista em que o <strong>GRANDE PR\u00caMIO<\/strong> estava presente.<\/p>\n\n\n\n<p class=\"wp-block-paragraph\"><strong>\u25b6\ufe0f\u00a0Inscreva-se nos dois canais do GRANDE PR\u00caMIO no YouTube:\u00a0<a href=\"https:\/\/www.youtube.com\/channel\/UC9OlHEgxoaY6QY6nWPoiqQg?sub_confirmation=1\" target=\"_blank\" rel=\"noreferrer noopener\">GP<\/a>\u00a0|\u00a0<a href=\"https:\/\/www.youtube.com\/channel\/UC9csiS6q_C3C0FYhyr1rnFA?sub_confirmation=1\" target=\"_blank\" rel=\"noreferrer noopener\">GP2<\/a><\/strong><br><strong>\u25b6\ufe0f\u00a0<a href=\"https:\/\/www.twitch.tv\/grandepremio\" target=\"_blank\" rel=\"noreferrer noopener\">Conhe\u00e7a o canal do GRANDE PR\u00caMIO na Twitch clicando aqui!<\/a><\/strong><\/p>\n\n\n\n<p class=\"wp-block-paragraph\">O carro de Ocon come\u00e7ou a pegar fogo por conta de um superaquecimento dos freios minutos ap\u00f3s sair do cockpit. O piloto da <strong>Alpine<\/strong> foi questionado sobre se estava no carro no momento. Disse que n\u00e3o, mas gostaria de estar, porque teria chamado os fiscais mais rapidamente. <\/p>\n\n\n\n<p class=\"wp-block-paragraph\">&#8220;Gostaria de ter estado. Infelizmente, n\u00e3o estava. Sa\u00ed do carro, fui em dire\u00e7\u00e3o \u00e0s escadas, dei meia volta e vi um carro pegando fogo. Achei que era uma <strong>Williams<\/strong>, mas era o meu. A carroceria est\u00e1 danificada, mas n\u00e3o sei se tem mais alguma estrago&#8221;, falou. Ocon vai largar na 17\u00aa coloca\u00e7\u00e3o em Interlagos.<\/p>\n\n\n\n<figure class=\"wp-block-image size-large\"><img decoding=\"async\" src=\"https:\/\/www.grandepremio.com\/br\/wp-content\/uploads\/2022\/11\/image-1024x576.png\" alt=\"\" class=\"wp-image-632738\"\/><figcaption>Alonso e Ocon se estranharam na corrida sprint em Interlagos (Foto: Reprodu\u00e7\u00e3o\/F1 TV)<\/figcaption><\/figure>\n\n\n\n<p class=\"wp-block-paragraph\">Sobre o acidente, lamentou. &#8220;\u00c9 uma pena para a equipe, na real. Olhando para como nossa classifica\u00e7\u00e3o foi boa ontem em compara\u00e7\u00e3o \u00e0 posi\u00e7\u00e3o de hoje, \u00e9 uma pena. Larguei bem, tentei mergulhar por dentro contra [Lando] Norris, ficou apertado. Eu tirei um pouco o p\u00e9, fiquei onde estava e Alonso estava do meu lado. Tocamos. Da\u00ed em diante, minha corrida acabou&#8221;, disse.<\/p>\n\n\n\n<p class=\"wp-block-paragraph\">Em outra oportunidade, <strong><a href=\"https:\/\/www.grandepremio.com\/br\/f1\/noticias\/fernando-alonso-provoca-mais-lento-esteban-ocon-defende-nega-culpa-acidente-sao-paulo\/\" class=\"ek-link\">Ocon e Alonso trocaram acusa\u00e7\u00f5es e provoca\u00e7\u00f5es<\/a><\/strong> sobre quem deveria levar a culpa pelas duas batidas. A dire\u00e7\u00e3o de prova achou que era Alonso e <strong><a href=\"https:\/\/www.grandepremio.com\/br\/f1\/noticias\/fernando-alonso-punido-5s-toque-esteban-ocon-perde-tres-posicoes-grid-gp-sao-paulo\/\" class=\"ek-link\">puniu o bicampe\u00e3o com 5s<\/a><\/strong> e dois pontos na carteira.<\/p>\n\n\n\n<p class=\"wp-block-paragraph\">O <strong>GRANDE PR\u00caMIO<\/strong> acompanha todas as atividades <strong><a href=\"https:\/\/www.grandepremio.com\/br\/ao-vivo\/\" class=\"ek-link\">AO VIVO e EM TEMPO REAL<\/a><\/strong> e cobre o GP de S\u00e3o Paulo de F\u00f3rmula 1 \u2018in loco\u2019 com Ana Paula Cerveira, Andr\u00e9 Netto, Evelyn Guimar\u00e3es, Felipe Leite, Gabriel Curty, Luana Marino, Rodrigo Berton, Pedro Henrique Marum e Victor Martins. No domingo, a largada est\u00e1 marcada para as 15h [de Bras\u00edlia, GMT-3].<\/p>\n\n\n\n<figure class=\"wp-block-video\"><video class=\"video-js vjs-big-play-centered\" data-gp-vjs=\"1\" controls poster=\"https:\/\/www.grandepremio.com\/br\/wp-content\/uploads\/2022\/11\/LZq-wgOxDqIVoPoM-poster.jpeg\" src=\"https:\/\/www.grandepremio.com\/br\/wp-content\/uploads\/2022\/11\/LZq-wgOxDqIVoPoM.mp4\"><\/video><\/figure>\n","protected":false},"excerpt":{"rendered":"<p>Esteban Ocon estava s\u00f3 lamenta\u00e7\u00e3o depois do fim da corrida sprint do GP de S\u00e3o Paulo, quando se envolveu em duas pancadas com Fernando Alonso<\/p>\n","protected":false},"author":0,"featured_media":1000632651,"comment_status":"closed","ping_status":"closed","sticky":false,"template":"","format":"standard","meta":{"42wp_featured_image_caption":"","42wp_featured_image_credits":"","42wp_featured_video":"","42wp_featured_image_hidden":false,"42wp_authors_list":[],"footnotes":""},"categories":[2],"tags":[20491,302,1357,2100,2237,28371,176,26841,16952,26680,502,1491,30103,28285],"42wp_author":[47144,47120],"class_list":["post-107335","post","type-post","status-publish","format-standard","has-post-thumbnail","hentry","category-f1","tag-alpine","tag-esteban-ocon","tag-f1-2022","tag-f1-interlagos","tag-f1-no-brasil","tag-f1-sao-paulo","tag-fernando-alonso","tag-formula-1-2022","tag-gp-de-interlagos","tag-gp-de-sao-paulo","tag-gp-do-brasil","tag-grande-premio","tag-grande-premio-f1","tag-grandepremio","42wp_author-andre-netto","42wp_author-pedro-henrique-marum"],"_links":{"self":[{"href":"https:\/\/grandepremio.com\/br\/wp-json\/wp\/v2\/posts\/107335","targetHints":{"allow":["GET"]}}],"collection":[{"href":"https:\/\/grandepremio.com\/br\/wp-json\/wp\/v2\/posts"}],"about":[{"href":"https:\/\/grandepremio.com\/br\/wp-json\/wp\/v2\/types\/post"}],"replies":[{"embeddable":true,"href":"https:\/\/grandepremio.com\/br\/wp-json\/wp\/v2\/comments?post=107335"}],"version-history":[{"count":0,"href":"https:\/\/grandepremio.com\/br\/wp-json\/wp\/v2\/posts\/107335\/revisions"}],"wp:featuredmedia":[{"embeddable":true,"href":"https:\/\/grandepremio.com\/br\/wp-json\/wp\/v2\/media\/1000632651"}],"wp:attachment":[{"href":"https:\/\/grandepremio.com\/br\/wp-json\/wp\/v2\/media?parent=107335"}],"wp:term":[{"taxonomy":"category","embeddable":true,"href":"https:\/\/grandepremio.com\/br\/wp-json\/wp\/v2\/categories?post=107335"},{"taxonomy":"post_tag","embeddable":true,"href":"https:\/\/grandepremio.com\/br\/wp-json\/wp\/v2\/tags?post=107335"},{"taxonomy":"42wp_author","embeddable":true,"href":"https:\/\/grandepremio.com\/br\/wp-json\/wp\/v2\/42wp_author?post=107335"}],"curies":[{"name":"wp","href":"https:\/\/api.w.org\/{rel}","templated":true}]}}