{"id":107366,"date":"2022-11-12T13:20:51","date_gmt":"2022-11-12T16:20:51","guid":{"rendered":"https:\/\/grandepremio.com\/br\/noticias\/logan-sargeant-alivia-sufoco-ganha-pontinho-extra-superlicenca-tl2-sao-paulo\/"},"modified":"2022-11-12T16:21:27","modified_gmt":"2022-11-12T19:21:27","slug":"logan-sargeant-alivia-sufoco-ganha-pontinho-extra-superlicenca-tl2-sao-paulo","status":"publish","type":"post","link":"https:\/\/grandepremio.com\/br\/f1\/logan-sargeant-alivia-sufoco-ganha-pontinho-extra-superlicenca-tl2-sao-paulo\/","title":{"rendered":"Sargeant alivia sufoco e ganha pontinho extra na superlicen\u00e7a em TL2 em S\u00e3o Paulo"},"content":{"rendered":"\n<p class=\"wp-block-paragraph\">Desta vez, tudo correu conforme o esperado: <strong>Logan Sargeant<\/strong> deu mais de 24 voltas no treino livre 2 deste s\u00e1bado (12), em <strong>Interlagos<\/strong>, e garantiu mais um ponto rumo aos 40 necess\u00e1rios para a obten\u00e7\u00e3o da superlicen\u00e7a e, assim, confirmar a vaga na <strong>Williams <\/strong>na temporada 2023 da F\u00f3rmula 1. O americano foi escalado pelo time ingl\u00eas para o fim de semana do <strong>GP de S\u00e3o Paulo<\/strong> depois que a tentativa no TL1 do <strong>GP da Cidade do M\u00e9xico<\/strong> n\u00e3o deu certo.<\/p>\n\n\n\n<p class=\"wp-block-paragraph\">H\u00e1 duas semanas, no <strong>Aut\u00f3dromo Hermanos Rodr\u00edguez<\/strong>, Sargeant participou do TL1, mas foi prejudicado por duas bandeiras vermelhas e deu apenas 22 voltas na pista, acumulando pouco mais de 94 km, ou seja, abaixo dos 100 km que garantiriam mais um ponto na contagem. A Williams, ent\u00e3o, decidiu escal\u00e1-lo tamb\u00e9m para o fim de semana no Brasil, al\u00e9m de <strong>Abu Dhabi<\/strong>, cuja participa\u00e7\u00e3o de Logan j\u00e1 estava confirmada.<\/p>\n\n\n\n<p class=\"wp-block-paragraph\"><strong>\u25b6\ufe0f&nbsp;Inscreva-se nos dois canais do GRANDE PR\u00caMIO no YouTube:&nbsp;<a href=\"https:\/\/www.youtube.com\/channel\/UC9OlHEgxoaY6QY6nWPoiqQg?sub_confirmation=1\" target=\"_blank\" rel=\"noreferrer noopener\">GP<\/a>&nbsp;|&nbsp;<a href=\"https:\/\/www.youtube.com\/channel\/UC9csiS6q_C3C0FYhyr1rnFA?sub_confirmation=1\" target=\"_blank\" rel=\"noreferrer noopener\">GP2<\/a><\/strong><br><strong>\u25b6\ufe0f&nbsp;<a href=\"https:\/\/www.twitch.tv\/grandepremio\" target=\"_blank\" rel=\"noreferrer noopener\">Conhe\u00e7a o canal do GRANDE PR\u00caMIO na Twitch clicando aqui!<\/a><\/strong><\/p>\n\n\n\n<figure class=\"wp-block-image size-large\"><img decoding=\"async\" src=\"https:\/\/www.grandepremio.com\/br\/wp-content\/uploads\/2022\/11\/williams-logansargeant-03-1024x683.jpg\" alt=\"\" class=\"wp-image-632511\"\/><figcaption>Logan Sargeant vai para Abu Dhabi com 29 pontos dos 40 necess\u00e1rios para a superlicen\u00e7a (Foto: Williams)<\/figcaption><\/figure>\n\n\n\n<p class=\"wp-block-paragraph\">Agora, o pupilo do time de Grove tem 29 tentos, faltando 11 para bater os 40 que garantem o passe para o grid da F1. No pr\u00f3ximo fim de semana, em Abu Dhabi, al\u00e9m de participar tamb\u00e9m do TL1, Sargeant vai para a \u00faltima etapa da temporada da F\u00f3rmula 2 \u2014 ou seja, mais tr\u00eas pontos em jogo: o dos 100 km no treino livre da F1 e mais dois de adicional caso n\u00e3o receba nenhuma puni\u00e7\u00e3o durante toda a temporada da&nbsp;<a href=\"https:\/\/www.grandepremio.com\/br\/f2\/\" target=\"_blank\" rel=\"noreferrer noopener\">F2<\/a> se passar limpo por Abu Dhabi. <\/p>\n\n\n\n<p class=\"wp-block-paragraph\">Se isso acontecer, o jovem de 21 anos ficar\u00e1 com 32 no total, precisando ser s\u00e9timo ao final do campeonato da F2 para somar mais oito e, com isso, carimbar o passaporte para a F1. Por\u00e9m, se acontecer algum problema semelhante ao do M\u00e9xico e Sargeant perder o ponto extra do TL1 em Abu Dhabi, ter\u00e1 de ser, no m\u00ednimo, sexto colocado na classifica\u00e7\u00e3o final da F2.<\/p>\n\n\n\n<p class=\"wp-block-paragraph\">O&nbsp;<strong>GRANDE PR\u00caMIO<\/strong>&nbsp;acompanha todas as atividades&nbsp;<a href=\"https:\/\/www.grandepremio.com\/br\/ao-vivo\/\" target=\"_blank\" rel=\"noreferrer noopener\"><strong>AO VIVO e EM TEMPO REAL<\/strong><\/a>&nbsp;e cobre o GP de S\u00e3o Paulo de&nbsp;<a href=\"https:\/\/www.grandepremio.com\/formula-1\/\" target=\"_blank\" rel=\"noreferrer noopener\">F\u00f3rmula 1<\/a>&nbsp;\u2018in loco\u2019 com Ana Paula Cerveira, Andr\u00e9 Netto, Evelyn Guimar\u00e3es, Felipe Leite, Gabriel Curty, Luana Marino, Rodrigo Berton, Pedro Henrique Marum e Victor Martins.<\/p>\n\n\n\n<figure class=\"wp-block-embed is-type-video is-provider-youtube wp-block-embed-youtube wp-embed-aspect-16-9 wp-has-aspect-ratio\"><div class=\"wp-block-embed__wrapper\">\n<iframe loading=\"lazy\" title=\"SARGEANT NO TL2 EM INTERLAGOS MOSTRA DESESPERO DA WILLIAMS PARA 2023? | GP \u00c0S 10\" width=\"500\" height=\"281\" src=\"https:\/\/www.youtube.com\/embed\/rgn70B9PuhQ?feature=oembed\" frameborder=\"0\" allow=\"accelerometer; autoplay; clipboard-write; encrypted-media; gyroscope; picture-in-picture; web-share\" referrerpolicy=\"strict-origin-when-cross-origin\" allowfullscreen><\/iframe>\n<\/div><\/figure>\n","protected":false},"excerpt":{"rendered":"<p>Logan Sargeant deu mais de 24 voltas no TL2 deste s\u00e1bado (12), em Interlagos, e com isso bateu os 100 km necess\u00e1rios para acumular mais um ponto na superlicen\u00e7a<\/p>\n","protected":false},"author":0,"featured_media":1000632531,"comment_status":"closed","ping_status":"closed","sticky":false,"template":"","format":"standard","meta":{"42wp_featured_image_caption":"","42wp_featured_image_credits":"","42wp_featured_video":"","42wp_featured_image_hidden":false,"42wp_authors_list":[],"footnotes":""},"categories":[2],"tags":[2208,26680,1491,25553,26088,1708,975,215],"42wp_author":[47147],"class_list":["post-107366","post","type-post","status-publish","format-standard","has-post-thumbnail","hentry","category-f1","tag-formula-2","tag-gp-de-sao-paulo","tag-grande-premio","tag-logan-sargeant","tag-superlicenca","tag-tl2","tag-treino-livre","tag-williams","42wp_author-luana-marino"],"_links":{"self":[{"href":"https:\/\/grandepremio.com\/br\/wp-json\/wp\/v2\/posts\/107366","targetHints":{"allow":["GET"]}}],"collection":[{"href":"https:\/\/grandepremio.com\/br\/wp-json\/wp\/v2\/posts"}],"about":[{"href":"https:\/\/grandepremio.com\/br\/wp-json\/wp\/v2\/types\/post"}],"replies":[{"embeddable":true,"href":"https:\/\/grandepremio.com\/br\/wp-json\/wp\/v2\/comments?post=107366"}],"version-history":[{"count":0,"href":"https:\/\/grandepremio.com\/br\/wp-json\/wp\/v2\/posts\/107366\/revisions"}],"wp:featuredmedia":[{"embeddable":true,"href":"https:\/\/grandepremio.com\/br\/wp-json\/wp\/v2\/media\/1000632531"}],"wp:attachment":[{"href":"https:\/\/grandepremio.com\/br\/wp-json\/wp\/v2\/media?parent=107366"}],"wp:term":[{"taxonomy":"category","embeddable":true,"href":"https:\/\/grandepremio.com\/br\/wp-json\/wp\/v2\/categories?post=107366"},{"taxonomy":"post_tag","embeddable":true,"href":"https:\/\/grandepremio.com\/br\/wp-json\/wp\/v2\/tags?post=107366"},{"taxonomy":"42wp_author","embeddable":true,"href":"https:\/\/grandepremio.com\/br\/wp-json\/wp\/v2\/42wp_author?post=107366"}],"curies":[{"name":"wp","href":"https:\/\/api.w.org\/{rel}","templated":true}]}}