{"id":107371,"date":"2022-11-12T12:00:40","date_gmt":"2022-11-12T15:00:40","guid":{"rendered":"https:\/\/grandepremio.com\/br\/noticias\/enzo-fittipaldi-anuncia-acordo-com-red-bull-e-vira-membro-da-academia-de-pilotos\/"},"modified":"2022-11-12T15:11:59","modified_gmt":"2022-11-12T18:11:59","slug":"enzo-fittipaldi-anuncia-acordo-com-red-bull-e-vira-membro-da-academia-de-pilotos","status":"publish","type":"post","link":"https:\/\/grandepremio.com\/br\/f1\/enzo-fittipaldi-anuncia-acordo-com-red-bull-e-vira-membro-da-academia-de-pilotos\/","title":{"rendered":"Enzo Fittipaldi anuncia acordo com Red Bull e vira membro da Academia de Pilotos"},"content":{"rendered":"\n<p class=\"wp-block-paragraph\"><strong>Enzo Fittipaldi<\/strong>, sexto colocado na classifica\u00e7\u00e3o da <strong>F\u00f3rmula 2<\/strong> com uma etapa restante na temporada, \u00e9 o mais novo membro da <strong>Academia de Pilotos da Red Bull<\/strong>. O pr\u00f3prio brasileiro confirmou a informa\u00e7\u00e3o em suas redes sociais e passa a ser uma das possibilidades de escolha tanto dos taurinos quanto da <strong>AlphaTauri <\/strong>para os treinos livres do ano que vem.<\/p>\n\n\n\n<p class=\"wp-block-paragraph\">N\u00e3o \u00e9 a primeira oportunidade de Enzo em uma Academia de Pilotos, j\u00e1 que o brasileiro foi integrante da Ferrari Driver Academy de 2017 a 2021. No entanto, passou a participar da F\u00f3rmula 2 e recebeu um convite para defender a Charouz a partir do ano passado.<\/p>\n\n\n\n<p class=\"wp-block-paragraph\">&#8220;\u00c9 um passo muito importante na minha carreira e estou muito feliz com essa oportunidade. Vou seguir trabalhando forte para um dia chegar \u00e0 F\u00f3rmula 1. N\u00e3o sei o planejamento pra 2023. A gente ainda est\u00e1 vendo com a Red Bull. A \u00faltima etapa em Abu Dhabi \u00e9 muito importante, ent\u00e3o vamos fazer o melhor poss\u00edvel&#8221;, disse ao <strong>GRANDE PR\u00caMIO.<\/strong><\/p>\n\n\n\n<p class=\"wp-block-paragraph\"><strong>\u25b6\ufe0f&nbsp;<a href=\"https:\/\/www.twitch.tv\/grandepremio\" target=\"_blank\" rel=\"noreferrer noopener\">Conhe\u00e7a o canal do GRANDE PR\u00caMIO na Twitch clicando aqui!<\/a><\/strong><\/p>\n\n\n\n<figure class=\"wp-block-image size-large\"><img decoding=\"async\" src=\"https:\/\/www.grandepremio.com\/br\/wp-content\/uploads\/2022\/08\/410463_1023693_9a4ba6c3_d106_4a7d_ae92_963fde0df5e2-1024x683.jpeg\" alt=\"\" class=\"wp-image-600964\"\/><figcaption>Fittipaldi faz segunda temporada competitiva na F\u00f3rmula 2 e chamou aten\u00e7\u00e3o da Red Bull (Foto: Sebastiaan Rozendaal \/ Dutch Photo Agency)<\/figcaption><\/figure>\n\n\n\n<p class=\"wp-block-paragraph\"><strong>\u25b6\ufe0f&nbsp;Inscreva-se nos dois canais do GRANDE PR\u00caMIO no YouTube:&nbsp;<a href=\"https:\/\/www.youtube.com\/channel\/UC9OlHEgxoaY6QY6nWPoiqQg?sub_confirmation=1\" target=\"_blank\" rel=\"noreferrer noopener\">GP<\/a>&nbsp;|&nbsp;<a href=\"https:\/\/www.youtube.com\/channel\/UC9csiS6q_C3C0FYhyr1rnFA?sub_confirmation=1\" target=\"_blank\" rel=\"noreferrer noopener\">GP2<\/a><\/strong><\/p>\n\n\n\n<p class=\"wp-block-paragraph\">Este ano, a Red Bull optou por levar <strong>J\u00fcri Vips <\/strong>para o TL1 do <strong>GP da Espanha<\/strong>, enquanto a AlphaTauri escolheu <strong>Liam Lawson <\/strong>nas sess\u00f5es de <strong>B\u00e9lgica <\/strong>e <strong>Cidade do M\u00e9xico<\/strong>. Com mais um treino livre 1 pela frente em <strong>Abu Dhabi<\/strong>, a equipe austr\u00edaca deve optar por outro piloto, <a href=\"https:\/\/www.grandepremio.com\/br\/f2\/noticias\/consultor-red-bull-esclarece-relacao-confirma-saida-juri-vips-programa-pilotos\/\" target=\"_blank\" aria-label=\"j\u00e1 que o estoniano foi desligado dos quadros do time ap\u00f3s coment\u00e1rios racistas em uma live (opens in a new tab)\" rel=\"noreferrer noopener\" class=\"ek-link\">j\u00e1 que o estoniano foi desligado dos quadros do time ap\u00f3s coment\u00e1rios racistas em uma live<\/a>.<\/p>\n\n\n\n<p class=\"wp-block-paragraph\">Em sua segunda temporada na F\u00f3rmula 2 \u2014 a primeira completa \u2014, Fittipaldi j\u00e1 foi ao p\u00f3dio <strong>seis vezes<\/strong>. O brasileiro terminou em segundo lugar em <strong>\u00cdmola<\/strong>, <strong>\u00c1ustria <\/strong>e <strong>Hungria<\/strong>, al\u00e9m de ter conquistado tr\u00eas terceiros lugares em <strong>Silverstone<\/strong>, <strong>Budapeste <\/strong>e <strong>Monza<\/strong>. Atualmente, ocupa a sexta coloca\u00e7\u00e3o do campeonato com <strong>126 <\/strong>pontos, mesmo n\u00famero de <strong>Jehan Daruvala <\/strong>[quinto] e <strong>Jack Doohan <\/strong>[quarto].<\/p>\n\n\n\n<figure class=\"wp-block-embed is-type-rich is-provider-spotify wp-block-embed-spotify wp-embed-aspect-21-9 wp-has-aspect-ratio\"><div class=\"wp-block-embed__wrapper\">\n<iframe title=\"Spotify Embed: Paddockast #173: O que ainda est\u00e1 em jogo no GP de S\u00e3o Paulo da F1 2022?\" style=\"border-radius: 12px\" width=\"100%\" height=\"152\" frameborder=\"0\" allowfullscreen allow=\"autoplay; clipboard-write; encrypted-media; fullscreen; picture-in-picture\" loading=\"lazy\" src=\"https:\/\/open.spotify.com\/embed\/episode\/4DTpjxVS8urL3O7whIagYL?go=1&amp;sp_cid=be1c773169f6373b11c0c993f928b2f3&amp;utm_source=oembed&amp;utm_medium=desktop&amp;nd=1\"><\/iframe>\n<\/div><\/figure>\n","protected":false},"excerpt":{"rendered":"<p>Enzo Fittipaldi foi escolhido como novo contratado da Academia de Pilotos da Red Bull a partir de 2023, ap\u00f3s temporada consistente na F\u00f3rmula 2 pela Charouz<\/p>\n","protected":false},"author":0,"featured_media":1000632436,"comment_status":"closed","ping_status":"closed","sticky":false,"template":"","format":"standard","meta":{"42wp_featured_image_caption":"","42wp_featured_image_credits":"","42wp_featured_video":"","42wp_featured_image_hidden":false,"42wp_authors_list":[],"footnotes":""},"categories":[2],"tags":[30561,524,9397,783,290,409,147,1357,180,2208,26680,1491,30103,28285,258,204],"42wp_author":[47143,47142,47109],"class_list":["post-107371","post","type-post","status-publish","format-standard","has-post-thumbnail","hentry","category-f1","tag-academia-red-bull","tag-alphatauri","tag-autodromo-de-interlagos","tag-brasil","tag-charouz","tag-enzo-fittipaldi","tag-f1","tag-f1-2022","tag-formula-1","tag-formula-2","tag-gp-de-sao-paulo","tag-grande-premio","tag-grande-premio-f1","tag-grandepremio","tag-helmut-marko","tag-red-bull","42wp_author-felipe-leite","42wp_author-jp-nascimento","42wp_author-redacao-gp"],"_links":{"self":[{"href":"https:\/\/grandepremio.com\/br\/wp-json\/wp\/v2\/posts\/107371","targetHints":{"allow":["GET"]}}],"collection":[{"href":"https:\/\/grandepremio.com\/br\/wp-json\/wp\/v2\/posts"}],"about":[{"href":"https:\/\/grandepremio.com\/br\/wp-json\/wp\/v2\/types\/post"}],"replies":[{"embeddable":true,"href":"https:\/\/grandepremio.com\/br\/wp-json\/wp\/v2\/comments?post=107371"}],"version-history":[{"count":0,"href":"https:\/\/grandepremio.com\/br\/wp-json\/wp\/v2\/posts\/107371\/revisions"}],"wp:featuredmedia":[{"embeddable":true,"href":"https:\/\/grandepremio.com\/br\/wp-json\/wp\/v2\/media\/1000632436"}],"wp:attachment":[{"href":"https:\/\/grandepremio.com\/br\/wp-json\/wp\/v2\/media?parent=107371"}],"wp:term":[{"taxonomy":"category","embeddable":true,"href":"https:\/\/grandepremio.com\/br\/wp-json\/wp\/v2\/categories?post=107371"},{"taxonomy":"post_tag","embeddable":true,"href":"https:\/\/grandepremio.com\/br\/wp-json\/wp\/v2\/tags?post=107371"},{"taxonomy":"42wp_author","embeddable":true,"href":"https:\/\/grandepremio.com\/br\/wp-json\/wp\/v2\/42wp_author?post=107371"}],"curies":[{"name":"wp","href":"https:\/\/api.w.org\/{rel}","templated":true}]}}