{"id":107373,"date":"2022-11-12T11:35:17","date_gmt":"2022-11-12T14:35:17","guid":{"rendered":"https:\/\/grandepremio.com\/br\/noticias\/thierry-neuville-da-troco-elfyn-evans-lidera-segundo-dia-wrc-japao\/"},"modified":"2022-11-12T15:05:54","modified_gmt":"2022-11-12T18:05:54","slug":"thierry-neuville-da-troco-elfyn-evans-lidera-segundo-dia-wrc-japao","status":"publish","type":"post","link":"https:\/\/grandepremio.com\/br\/rally\/thierry-neuville-da-troco-elfyn-evans-lidera-segundo-dia-wrc-japao\/","title":{"rendered":"Neuville d\u00e1 troco em Evans e lidera segundo dia do WRC no Jap\u00e3o"},"content":{"rendered":"\n<p class=\"wp-block-paragraph\">A etapa final do <strong>Mundial de Rali<\/strong> 2022 tem dois candidatos claros \u00e0 vit\u00f3ria. Se no primeiro dia <strong>Elfyn Evans<\/strong> <a href=\"https:\/\/www.grandepremio.com\/br\/rally\/noticias\/elfyn-evans-bate-thierry-neuville-fecha-primeiro-dia-wrc-japao-lideranca\/\" class=\"ek-link\">foi o grande vencedor<\/a> em cima de <strong>Thierry Neuville<\/strong>, agora foi a vez do belga da <strong>Hyundai<\/strong> aplicar o contragolpe em cima do gal\u00eas da <strong>Toyota<\/strong> e sair vencedor neste s\u00e1bado (12) no <strong>Jap\u00e3o<\/strong>.<\/p>\n\n\n\n<p class=\"wp-block-paragraph\">Evans come\u00e7ou o dia abrindo uma vantagem de 5.9s na lideran\u00e7a e parecia que manteria a forma da sexta-feira. Mas, ap\u00f3s a parada no meio do circuito, perdeu o f\u00f4lego e viu a ascens\u00e3o de Neuville, que foi ganhando terreno a partir do trecho no Lago Mikawako. Ao ultrapassar o ent\u00e3o l\u00edder, fechou o dia com 4s \u00e0 frente do piloto da Toyota, sobretudo na parte final em Okazaki City, onde teve uma atua\u00e7\u00e3o brilhante.<\/p>\n\n\n\n<p class=\"wp-block-paragraph\">&#8220;O dia foi bom para n\u00f3s, desafiador. Lutamos com o equil\u00edbrio do carro ao longo do dia, mas melhoramos demais no per\u00edodo da tarde. Agora, \u00e9 ver o que podemos fazer amanh\u00e3&#8221;, disse Neuville ap\u00f3s assumir a lideran\u00e7a.<\/p>\n\n\n\n<figure class=\"wp-block-image size-large\"><img decoding=\"async\" src=\"https:\/\/www.grandepremio.com\/br\/wp-content\/uploads\/2022\/11\/121122_OGIER_SAT_d9f9e_frz_1400x788-1024x576.jpeg\" alt=\"\" class=\"wp-image-632429\"\/><figcaption>Ogier se recuperou de um furo no pneu e subiu de d\u00e9cimo para quinto no segundo dia do WRC no Jap\u00e3o (Foto: WRC)<\/figcaption><\/figure>\n\n\n\n<p class=\"wp-block-paragraph\"><strong>Ott T\u00e4nak<\/strong>, da <strong>Hyundai<\/strong>, completou o top-3 da etapa japonesa e abriu pouco mais de um minuto de vantagem para o quarto colocado, <strong>Takamoto Katsuta<\/strong>. A grande atua\u00e7\u00e3o do dia ficou por conta do octacampe\u00e3o do <strong>WRC<\/strong>, <strong>S\u00e9bastien Ogier<\/strong>, que pulou de d\u00e9cimo para o quinto lugar. <\/p>\n\n\n\n<p class=\"wp-block-paragraph\"><strong>\u25b6\ufe0f&nbsp;Inscreva-se nos dois canais do GRANDE PR\u00caMIO no YouTube:&nbsp;<a href=\"https:\/\/www.youtube.com\/channel\/UC9OlHEgxoaY6QY6nWPoiqQg?sub_confirmation=1\" target=\"_blank\" rel=\"noreferrer noopener\">GP<\/a>&nbsp;|&nbsp;<a href=\"https:\/\/www.youtube.com\/channel\/UC9csiS6q_C3C0FYhyr1rnFA?sub_confirmation=1\" target=\"_blank\" rel=\"noreferrer noopener\">GP2<\/a><\/strong><br><strong>\u25b6\ufe0f&nbsp;<a href=\"https:\/\/www.twitch.tv\/grandepremio\" target=\"_blank\" rel=\"noreferrer noopener\">Conhe\u00e7a o canal do GRANDE PR\u00caMIO na Twitch clicando aqui!<\/a><\/strong><\/p>\n\n\n\n<p class=\"wp-block-paragraph\">O franc\u00eas se recuperou de um furo no pneu de sua Toyota e ganhou for\u00e7a para, ao menos, brigar pelo p\u00f3dio no Jap\u00e3o. O campe\u00e3o da temporada, <strong>Kalle Rovanper\u00e4<\/strong>, tamb\u00e9m teve problemas e fechou o segundo dia apenas em 11\u00ba.<\/p>\n\n\n\n<p class=\"wp-block-paragraph\">O trecho final a ser disputado neste domingo (13) possui cinco etapas: Asahi Kougen (7,52 km) abre o circuito, seguido por Ena City (21,59 km), o planalto de Nenoue (11,6 kn) antes de voltar para o in\u00edcio, que vai hospedar o Wolf Power Stage, que paga pontos de b\u00f4nus aos pilotos.<\/p>\n","protected":false},"excerpt":{"rendered":"<p>Belga da Hyundai devolveu o triunfo em cima de Elfyn Evans e fechou o segundo dia do Rali no Jap\u00e3o na lideran\u00e7a. Campe\u00e3o, Rovanper\u00e4 tem problemas e terminou em 11\u00ba<\/p>\n","protected":false},"author":0,"featured_media":1000632419,"comment_status":"closed","ping_status":"closed","sticky":false,"template":"","format":"standard","meta":{"42wp_featured_image_caption":"","42wp_featured_image_credits":"","42wp_featured_video":"","42wp_featured_image_hidden":false,"42wp_authors_list":[],"footnotes":""},"categories":[5],"tags":[740,24855,26932,5170,1721,737,30637],"42wp_author":[47128],"class_list":["post-107373","post","type-post","status-publish","format-standard","has-post-thumbnail","hentry","category-rally","tag-elfyn-evans","tag-japao","tag-kalle-rovanpera","tag-ott-tanak","tag-sebastien-ogier","tag-thierry-neuville","tag-wrc-2022","42wp_author-guilherme-bloisi"],"_links":{"self":[{"href":"https:\/\/grandepremio.com\/br\/wp-json\/wp\/v2\/posts\/107373","targetHints":{"allow":["GET"]}}],"collection":[{"href":"https:\/\/grandepremio.com\/br\/wp-json\/wp\/v2\/posts"}],"about":[{"href":"https:\/\/grandepremio.com\/br\/wp-json\/wp\/v2\/types\/post"}],"replies":[{"embeddable":true,"href":"https:\/\/grandepremio.com\/br\/wp-json\/wp\/v2\/comments?post=107373"}],"version-history":[{"count":0,"href":"https:\/\/grandepremio.com\/br\/wp-json\/wp\/v2\/posts\/107373\/revisions"}],"wp:featuredmedia":[{"embeddable":true,"href":"https:\/\/grandepremio.com\/br\/wp-json\/wp\/v2\/media\/1000632419"}],"wp:attachment":[{"href":"https:\/\/grandepremio.com\/br\/wp-json\/wp\/v2\/media?parent=107373"}],"wp:term":[{"taxonomy":"category","embeddable":true,"href":"https:\/\/grandepremio.com\/br\/wp-json\/wp\/v2\/categories?post=107373"},{"taxonomy":"post_tag","embeddable":true,"href":"https:\/\/grandepremio.com\/br\/wp-json\/wp\/v2\/tags?post=107373"},{"taxonomy":"42wp_author","embeddable":true,"href":"https:\/\/grandepremio.com\/br\/wp-json\/wp\/v2\/42wp_author?post=107373"}],"curies":[{"name":"wp","href":"https:\/\/api.w.org\/{rel}","templated":true}]}}