{"id":107383,"date":"2022-11-11T20:46:05","date_gmt":"2022-11-11T23:46:05","guid":{"rendered":"https:\/\/grandepremio.com\/br\/noticias\/transito-caotico-organizacao-abrir-pista-interlagos-para-saida-publico\/"},"modified":"2022-11-11T22:13:40","modified_gmt":"2022-11-12T01:13:40","slug":"transito-caotico-organizacao-abrir-pista-interlagos-para-saida-publico","status":"publish","type":"post","link":"https:\/\/grandepremio.com\/br\/f1\/transito-caotico-organizacao-abrir-pista-interlagos-para-saida-publico\/","title":{"rendered":"Tr\u00e2nsito ca\u00f3tico faz organiza\u00e7\u00e3o abrir pista de Interlagos para sa\u00edda do p\u00fablico"},"content":{"rendered":"\n<figure class=\"wp-block-video\"><video class=\"video-js vjs-big-play-centered\" data-gp-vjs=\"1\" controls src=\"https:\/\/www.grandepremio.com\/br\/wp-content\/uploads\/2022\/11\/WhatsApp-Video-2022-11-11-at-20.11.44.mp4\"><\/video><figcaption>Carros usando a pista de Interlagos para deixar o local (V\u00eddeo: Reprodu\u00e7\u00e3o)<\/figcaption><\/figure>\n\n\n\n<p class=\"wp-block-paragraph\">A sexta-feira (11) em <strong>Interlagos<\/strong> foi de tr\u00e2nsito ca\u00f3tico \u2014 tanto na chegada ao Aut\u00f3dromo, quanto na despedida. O tr\u00e1fego intenso na movimenta\u00e7\u00e3o do p\u00fablico na sa\u00edda da pista foi tanto que obrigou a organiza\u00e7\u00e3o a liberar o trajeto do pr\u00f3prio circuito para que o processo pudesse ser agilizado. <\/p>\n\n\n\n<p class=\"wp-block-paragraph\">Filas enormes e incomuns, por serem ainda dentro do aut\u00f3dromo, deram o tom do tr\u00e2nsito. <\/p>\n\n\n\n<p class=\"wp-block-paragraph\"><strong>\u25b6\ufe0f&nbsp;Inscreva-se nos dois canais do GRANDE PR\u00caMIO no YouTube:&nbsp;<a href=\"https:\/\/www.youtube.com\/channel\/UC9OlHEgxoaY6QY6nWPoiqQg?sub_confirmation=1\" target=\"_blank\" rel=\"noreferrer noopener\">GP<\/a>&nbsp;|&nbsp;<a href=\"https:\/\/www.youtube.com\/channel\/UC9csiS6q_C3C0FYhyr1rnFA?sub_confirmation=1\" target=\"_blank\" rel=\"noreferrer noopener\">GP2<\/a><\/strong><br><strong>\u25b6\ufe0f&nbsp;<a href=\"https:\/\/www.twitch.tv\/grandepremio\" target=\"_blank\" rel=\"noreferrer noopener\">Conhe\u00e7a o canal do GRANDE PR\u00caMIO na Twitch clicando aqui!<\/a><\/strong><\/p>\n\n\n\n<p class=\"wp-block-paragraph\">Na chegada ao circuito, pela manh\u00e3, o trajeto Avenida Interlagos-entrada do port\u00e3o 7, destinado \u00e0 imprensa \u2014 de somente 3,3 km \u2014 demorou uma hora para ser conclu\u00eddo. A Companhia de Engenharia de Tr\u00e1fego (CET) da cidade de S\u00e3o Paulo n\u00e3o montou qualquer esquema especial. <\/p>\n\n\n\n<p class=\"wp-block-paragraph\">Uma combina\u00e7\u00e3o de fatores deixou o tr\u00e2nsito ca\u00f3tico \u2014 n\u00e3o s\u00f3 em Interlagos, como em toda S\u00e3o Paulo. A forte chuva, ainda mais em uma v\u00e9spera de feriado prolongado, fez a cidade bater o recorde de tr\u00e2nsito do ano \u2014 404km de lentid\u00e3o, registrados \u00e0s 17h (de Bras\u00edlia, GMT -3).<\/p>\n\n\n\n<figure class=\"wp-block-embed is-type-rich is-provider-spotify wp-block-embed-spotify wp-embed-aspect-21-9 wp-has-aspect-ratio\"><div class=\"wp-block-embed__wrapper\">\n<iframe title=\"Spotify Embed: Paddockast #173: O que ainda est\u00e1 em jogo no GP de S\u00e3o Paulo da F1 2022?\" style=\"border-radius: 12px\" width=\"100%\" height=\"152\" frameborder=\"0\" allowfullscreen allow=\"autoplay; clipboard-write; encrypted-media; fullscreen; picture-in-picture\" loading=\"lazy\" src=\"https:\/\/open.spotify.com\/embed\/episode\/4DTpjxVS8urL3O7whIagYL?utm_source=oembed\"><\/iframe>\n<\/div><\/figure>\n\n\n\n<p class=\"wp-block-paragraph\">De acordo com o Centro de Gerenciamento de Emerg\u00eancias (CGE) da cidade de S\u00e3o Paulo, todas as regi\u00f5es do munic\u00edpio entraram em estado de aten\u00e7\u00e3o devido aos alagamentos em ruas e avenidas. <\/p>\n\n\n\n<p class=\"wp-block-paragraph\">O&nbsp;<strong>GRANDE PR\u00caMIO<\/strong>&nbsp;acompanha todas as atividades&nbsp;<strong><a href=\"https:\/\/www.grandepremio.com\/br\/ao-vivo\/\">AO VIVO e EM&nbsp;<\/a><a href=\"https:\/\/www.grandepremio.com\/br\/ao-vivo\/\" target=\"_blank\" rel=\"noreferrer noopener\">TEMPO REAL<\/a><\/strong>&nbsp;e cobre o GP de S\u00e3o Paulo de&nbsp;F\u00f3rmula 1&nbsp;\u2018in loco\u2019 com Ana Paula Cerveira, Andr\u00e9 Netto, Evelyn Guimar\u00e3es, Felipe Leite, Gabriel Curty, Luana Marino, Rodrigo Berton, Pedro Henrique Marum e Victor Martins. No s\u00e1bado, o TL2 est\u00e1 marcado para as 12h30 [de Bras\u00edlia, GMT-3].<\/p>\n\n\n\n<figure class=\"wp-block-video\"><video class=\"video-js vjs-big-play-centered\" data-gp-vjs=\"1\" controls src=\"https:\/\/www.grandepremio.com\/br\/wp-content\/uploads\/2022\/11\/Transito-em-Interlagos.mp4\"><\/video><figcaption>O tr\u00e2nsito em Interlagos (V\u00eddeo: Victor Martins\/GRANDE PR\u00caMIO)<\/figcaption><\/figure>\n","protected":false},"excerpt":{"rendered":"<p>Cidade de S\u00e3o Paulo, com forte chuva e em v\u00e9spera de feriado prolongado, registrou recorde de tr\u00e2nsito nesta sexta-feira (11): 404 km<\/p>\n","protected":false},"author":0,"featured_media":1000632360,"comment_status":"closed","ping_status":"closed","sticky":false,"template":"","format":"standard","meta":{"42wp_featured_image_caption":"","42wp_featured_image_credits":"","42wp_featured_video":"","42wp_featured_image_hidden":false,"42wp_authors_list":[],"footnotes":""},"categories":[2],"tags":[147,1357,180,26841,26680,30282,29971,32967,28633,1491,28285,124,2380],"42wp_author":[47143],"class_list":["post-107383","post","type-post","status-publish","format-standard","has-post-thumbnail","hentry","category-f1","tag-f1","tag-f1-2022","tag-formula-1","tag-formula-1-2022","tag-gp-de-sao-paulo","tag-gp-de-sao-paulo-2022","tag-gp-de-sao-paulo-de-f1","tag-gp-de-sao-paulo-de-f1-2022","tag-gp-de-sao-paulo-de-formula-1","tag-grande-premio","tag-grandepremio","tag-interlagos","tag-sao-paulo","42wp_author-felipe-leite"],"_links":{"self":[{"href":"https:\/\/grandepremio.com\/br\/wp-json\/wp\/v2\/posts\/107383","targetHints":{"allow":["GET"]}}],"collection":[{"href":"https:\/\/grandepremio.com\/br\/wp-json\/wp\/v2\/posts"}],"about":[{"href":"https:\/\/grandepremio.com\/br\/wp-json\/wp\/v2\/types\/post"}],"replies":[{"embeddable":true,"href":"https:\/\/grandepremio.com\/br\/wp-json\/wp\/v2\/comments?post=107383"}],"version-history":[{"count":0,"href":"https:\/\/grandepremio.com\/br\/wp-json\/wp\/v2\/posts\/107383\/revisions"}],"wp:featuredmedia":[{"embeddable":true,"href":"https:\/\/grandepremio.com\/br\/wp-json\/wp\/v2\/media\/1000632360"}],"wp:attachment":[{"href":"https:\/\/grandepremio.com\/br\/wp-json\/wp\/v2\/media?parent=107383"}],"wp:term":[{"taxonomy":"category","embeddable":true,"href":"https:\/\/grandepremio.com\/br\/wp-json\/wp\/v2\/categories?post=107383"},{"taxonomy":"post_tag","embeddable":true,"href":"https:\/\/grandepremio.com\/br\/wp-json\/wp\/v2\/tags?post=107383"},{"taxonomy":"42wp_author","embeddable":true,"href":"https:\/\/grandepremio.com\/br\/wp-json\/wp\/v2\/42wp_author?post=107383"}],"curies":[{"name":"wp","href":"https:\/\/api.w.org\/{rel}","templated":true}]}}