{"id":107384,"date":"2022-11-11T20:27:56","date_gmt":"2022-11-11T23:27:56","guid":{"rendered":"https:\/\/grandepremio.com\/br\/noticias\/confira-declaracoes-pilotos-apos-classificacao-gp-sao-paulo-formula-1-2022\/"},"modified":"2022-11-11T22:08:52","modified_gmt":"2022-11-12T01:08:52","slug":"confira-declaracoes-pilotos-apos-classificacao-gp-sao-paulo-formula-1-2022","status":"publish","type":"post","link":"https:\/\/grandepremio.com\/br\/f1\/confira-declaracoes-pilotos-apos-classificacao-gp-sao-paulo-formula-1-2022\/","title":{"rendered":"Confira declara\u00e7\u00f5es dos pilotos ap\u00f3s classifica\u00e7\u00e3o do GP de S\u00e3o Paulo de F1 2022"},"content":{"rendered":"\n<p class=\"wp-block-paragraph\">A F\u00f3rmula 1, por vezes, reserva boas surpresas \u2014 como a que aconteceu neste s\u00e1bado (11) de classifica\u00e7\u00e3o para o GP de S\u00e3o Paulo. A cl\u00e1ssica chuva em Interlagos e um erro de&nbsp;<strong>George Russell<\/strong>&nbsp;permitiram que&nbsp;<strong>Kevin Magnussen<\/strong>&nbsp;<a href=\"https:\/\/www.grandepremio.com\/br\/f1\/noticias\/kevin-magnussen-aproveita-erro-george-russell-chuva-conquistar-pole-incrivel-gp-de-sao-paulo\/\">cravasse a pole-position no lend\u00e1rio circuito paulistano.<\/a> Hist\u00f3rico. <\/p>\n\n\n\n<p class=\"wp-block-paragraph\">Max Verstappen vai largar ao seu lado. O holand\u00eas ficou 0s203 de Magnussen e saiu satisfeito com a primeira fila na corrida sprint de amanh\u00e3. <a href=\"https:\/\/www.grandepremio.com\/br\/f1\/noticias\/george-russell-roda-lago-atola-brita-causa-bandeira-vermelha-q3-interlagos\/\" class=\"ek-link\">Quem fecha o top-3 \u00e9 George Russell, que causou a \u00fanica bandeira vermelha da classifica\u00e7\u00e3o depois de perder o controle do W13, escapar da pista e atolar na brita.<\/a><\/p>\n\n\n\n<p class=\"wp-block-paragraph\"><strong>Lando Norris<\/strong> e <strong>Carlos Sainz<\/strong> apareceram logo atr\u00e1s, \u00e0 frente das duas <strong>Alpine<\/strong>: <strong>Esteban Ocon e Fernando Alonso<\/strong>. <strong>Lewis Hamilton<\/strong> terminou 0s937 atr\u00e1s do pole-position. <strong>Sergio P\u00e9rez<\/strong>, que foi atrapalhado por <strong>Charles Leclerc<\/strong>, ficou em nono, \u00e0 frente do monegasco. <\/p>\n\n\n\n<p class=\"wp-block-paragraph\"><strong>\u25b6\ufe0f&nbsp;Inscreva-se nos dois canais do GRANDE PR\u00caMIO no YouTube:&nbsp;<a href=\"https:\/\/www.youtube.com\/channel\/UC9OlHEgxoaY6QY6nWPoiqQg?sub_confirmation=1\" target=\"_blank\" rel=\"noreferrer noopener\">GP<\/a>&nbsp;|&nbsp;<a href=\"https:\/\/www.youtube.com\/channel\/UC9csiS6q_C3C0FYhyr1rnFA?sub_confirmation=1\" target=\"_blank\" rel=\"noreferrer noopener\">GP2<\/a><\/strong><br><strong>\u25b6\ufe0f&nbsp;<a href=\"https:\/\/www.twitch.tv\/grandepremio\" target=\"_blank\" rel=\"noreferrer noopener\">Conhe\u00e7a o canal do GRANDE PR\u00caMIO na Twitch clicando aqui!<\/a><\/strong><\/p>\n\n\n\n<p class=\"wp-block-paragraph\">O&nbsp;<strong>GRANDE PR\u00caMIO<\/strong>&nbsp;acompanha todas as atividades&nbsp;<strong><a href=\"https:\/\/www.grandepremio.com\/br\/ao-vivo\/\">AO VIVO e EM&nbsp;<\/a><a href=\"https:\/\/www.grandepremio.com\/br\/ao-vivo\/\" target=\"_blank\" rel=\"noreferrer noopener\">TEMPO REAL<\/a><\/strong>&nbsp;e cobre o GP de S\u00e3o Paulo de&nbsp;F\u00f3rmula 1&nbsp;\u2018in loco\u2019 com Ana Paula Cerveira, Andr\u00e9 Netto, Evelyn Guimar\u00e3es, Felipe Leite, Gabriel Curty, Luana Marino, Rodrigo Berton, Pedro Henrique Marum e Victor Martins. No s\u00e1bado, o TL2 est\u00e1 marcado para as 12h30 [de Bras\u00edlia, GMT-3].<\/p>\n\n\n\n<figure class=\"wp-block-image size-large\"><img decoding=\"async\" src=\"https:\/\/www.grandepremio.com\/br\/wp-content\/uploads\/2022\/11\/IMG_4051_1-1024x683.jpg\" alt=\"\" class=\"wp-image-631497\"\/><figcaption>Kevin Magnussen \u00e9 o pole-position! (Foto: Rodrigo Berton\/Grande Pr\u00eamio) <\/figcaption><\/figure>\n\n\n\n<h3 class=\"wp-block-heading\" id=\"h-confira-tudo-que-foi-falado-pelos-pilotos-apos-a-classificacao-para-o-gp-de-sao-paulo-de-formula-1\"><strong>Confira tudo que foi falado pelos pilotos ap\u00f3s a classifica\u00e7\u00e3o para o GP de S\u00e3o Paulo de F\u00f3rmula 1:<\/strong><\/h3>\n\n\n\n<p class=\"wp-block-paragraph\"><strong>Kevin Magnussen, 1\u00ba: <a href=\"https:\/\/www.grandepremio.com\/br\/f1\/noticias\/kevin-magnussen-celebra-ida-pista-momento-exato-promete-diversao-interlagos\/\" class=\"ek-link\">Magnussen celebra ida \u00e0 pista \u201cno momento exato\u201d e promete \u201cdivers\u00e3o\u201d em Interlagos<\/a><\/strong><\/p>\n\n\n\n<p class=\"wp-block-paragraph\"><strong>Max Verstappen, 2\u00ba: <a href=\"https:\/\/www.grandepremio.com\/br\/f1\/noticias\/max-verstappen-diz-q3-foi-loteria-chuva-celebra-primeira-fila-corrida-sprint\/\" class=\"ek-link\">Verstappen diz que \u201cQ3 foi loteria\u201d com chuva, mas celebra primeira fila na corrida sprint<\/a><\/strong><\/p>\n\n\n\n<p class=\"wp-block-paragraph\"><strong>George Russell, 3\u00ba: <a href=\"https:\/\/www.grandepremio.com\/br\/f1\/noticias\/george-russell-torce-chuva-brigar-max-verstappen-se-contenta-3o-grid-gp-sao-paulo\/\" class=\"ek-link\">Russell torce por chuva para brigar com Verstappen e se contenta com 3\u00ba no grid de SP<\/a><\/strong><\/p>\n\n\n\n<p class=\"wp-block-paragraph\"><strong>Lando Norris, 4\u00ba: <a href=\"https:\/\/www.grandepremio.com\/br\/f1\/noticias\/lando-norris-aprova-atuacao-interlagos-apos-intoxicacao-alimentar-dia-quase-perfeito\/\" class=\"ek-link\">Norris aprova atua\u00e7\u00e3o em Interlagos ap\u00f3s intoxica\u00e7\u00e3o alimentar: \u201cDia quase perfeito\u201d<\/a><\/strong><\/p>\n\n\n\n<p class=\"wp-block-paragraph\"><strong>Carlos Sainz, 5\u00ba: <a href=\"https:\/\/www.grandepremio.com\/br\/f1\/noticias\/carlos-sainz-admite-erros-classificacao-maluca-parabeniza-kevin-magnussen-merece\/\" class=\"ek-link\">Sainz admite erros em \u201cclassifica\u00e7\u00e3o maluca\u201d e parabeniza Magnussen: \u201cMerece\u201d<\/a><\/strong><\/p>\n\n\n\n<p class=\"wp-block-paragraph\"><strong>Esteban Ocon, 6\u00ba: <a href=\"https:\/\/www.grandepremio.com\/br\/f1\/noticias\/esteban-ocon-sexto-lugar-sao-paulo-poderia-ser-melhor-apos-pole-kevin-magnussen\/\" class=\"ek-link\">Ocon diz que sexto lugar em S\u00e3o Paulo \u201cpoderia ser melhor\u201d ap\u00f3s pole de Magnussen<\/a><\/strong><\/p>\n\n\n\n<p class=\"wp-block-paragraph\"><strong>Fernando Alonso, 7\u00ba: <a href=\"https:\/\/www.grandepremio.com\/br\/f1\/noticias\/fernando-alonso-comemora-alpine-liderou-pneus-intermediarios-classificacao-sp\/\" class=\"ek-link\">Alonso comemora que Alpine \u201cliderou com pneus intermedi\u00e1rios\u201d na classifica\u00e7\u00e3o em SP<\/a><\/strong><\/p>\n\n\n\n<p class=\"wp-block-paragraph\"><strong>Lewis Hamilton, 8\u00ba: <a href=\"https:\/\/www.grandepremio.com\/br\/f1\/noticias\/lewis-hamilton-lamenta-dificuldade-analisar-condicoes-interlagos-tudo-escuro\/\" class=\"ek-link\">Hamilton lamenta dificuldade em \u201canalisar condi\u00e7\u00f5es\u201d em Interlagos: \u201cTudo escuro\u201d<\/a><\/strong><\/p>\n\n\n\n<p class=\"wp-block-paragraph\"><strong>Sergio P\u00e9rez, 9\u00ba: <a href=\"https:\/\/www.grandepremio.com\/br\/f1\/noticias\/sergio-perez-diz-atrapalhado-charles-leclerc-sao-paulo-nao-sei-estava-fazendo\/\" class=\"ek-link\">P\u00e9rez se diz atrapalhado por Leclerc em S\u00e3o Paulo: \u201cN\u00e3o sei o que estava fazendo\u201d<\/a><\/strong><\/p>\n\n\n\n<p class=\"wp-block-paragraph\"><strong>Charles Leclerc, d\u00e9cimo: <a href=\"https:\/\/www.grandepremio.com\/br\/f1\/noticias\/charles-leclerc-assume-tatica-pneus-q3-por-chuva-nunca-veio-interlagos\/\" class=\"ek-link\">Leclerc assume t\u00e1tica de pneus no Q3 por \u201cchuva que nunca veio\u201d em Interlagos<\/a><\/strong><\/p>\n\n\n\n<figure class=\"wp-block-image size-large\"><img decoding=\"async\" src=\"https:\/\/www.grandepremio.com\/br\/wp-content\/uploads\/2022\/11\/ferrari-charlesleclerc-afp-02-1024x683.jpg\" alt=\"\" class=\"wp-image-632052\"\/><figcaption>Charles Leclerc larga em d\u00e9cimo na sprint race em Interlagos (Foto: AFP) <\/figcaption><\/figure>\n\n\n\n<p class=\"wp-block-paragraph\"><strong>Alex Albon, 11\u00ba:<\/strong> \u201cO que faz nossos pneus funcionarem \u00e9 diferente para a maioria das pessoa. Est\u00e1vamos realmente fazendo nossas pr\u00f3prias coisas hoje. Fizemos um trabalho muito bom para ficarmos com a 11\u00aa posi\u00e7\u00e3o e em uma pista como essa n\u00e3o \u00e9 f\u00e1cil e estava muito perto. Est\u00e1vamos apenas alguns d\u00e9cimos atr\u00e1s, ent\u00e3o estou muito orgulhoso e acho que fizemos um \u00f3timo trabalho. Esperamos que isso nos prepare para o resto do fim de semana, mas veremos o que podemos fazer amanh\u00e3.&#8221;<\/p>\n\n\n\n<p class=\"wp-block-paragraph\"><strong>Pierre Gasly, 12\u00ba: <a href=\"https:\/\/www.grandepremio.com\/br\/f1\/noticias\/pierre-gasly-ve-pole-kevin-magnussen-ruim-tabela-admite-amo-formula-1-por-coisas-assim\/\" class=\"ek-link\">Gasly v\u00ea pole de Magnussen \u201cruim na tabela\u201d, mas admite: \u201cAmo a F1 por coisas assim\u201d<\/a><\/strong><\/p>\n\n\n\n<p class=\"wp-block-paragraph\"><strong>Sebastian Vettel, 13\u00ba: <a href=\"https:\/\/www.grandepremio.com\/br\/f1\/noticias\/sebastian-vettel-lamenta-perda-q3-0s1-dificil-julgar-clima-interlagos\/\" class=\"ek-link\">Vettel lamenta perda do Q3 por 0s1 e explica que \u201cfoi dif\u00edcil julgar clima\u201d em Interlagos<\/a><\/strong><\/p>\n\n\n\n<p class=\"wp-block-paragraph\"><strong>Daniel Ricciardo, 14\u00ba:<\/strong> &#8220;Foi uma sess\u00e3o complicada, em condi\u00e7\u00f5es complicadas. Foi muito divertido para ser honesto, mas n\u00e3o t\u00ednhamos ritmo. Quando vi alguns tempos de volta dos outros, n\u00e3o tinha certeza se isso era poss\u00edvel. Eu simplesmente n\u00e3o tinha ritmo quando colocamos os pneus slicks. Vamos tentar compensar isso amanh\u00e3. O bom \u00e9 que tamb\u00e9m temos a corrida sprint, ent\u00e3o voc\u00ea tem duas chances e espero que possamos ganhar alguns pontos.&#8221;<\/p>\n\n\n\n<p class=\"wp-block-paragraph\"><strong>Lance Stroll, 15\u00ba:<\/strong> &#8220;Foi uma sess\u00e3o dif\u00edcil hoje. Acho que n\u00e3o tivemos ritmo na classifica\u00e7\u00e3o, ent\u00e3o precisamos descobrir por que isso aconteceu. Vamos ver o que podemos fazer amanh\u00e3 na corrida sprint e novamente no domingo. Espera-se que o tempo fique inst\u00e1vel durante todo o fim de semana, ent\u00e3o deve haver muitas oportunidades para fazer algumas ultrapassagens e ganhar alguns pontos.&#8221;<\/p>\n\n\n\n<p class=\"wp-block-paragraph\"><strong>Nicholas Latifi, 16\u00ba:<\/strong> \u201cNestas condi\u00e7\u00f5es, ficou bem claro quando sa\u00edmos nos intermedi\u00e1rios que em algum momento ia mudar para <em>slicks<\/em>. Ent\u00e3o foi complicado tentar julgar as condi\u00e7\u00f5es e tentamos construir o ritmo e conseguir a volta certa no final e acho que fui um dos primeiros carros a mudar para slicks, ent\u00e3o poderia ter ido bem. Foi frustrante, pois voc\u00ea espera poder fazer um pouco de diferen\u00e7a na sess\u00e3o, mas tamb\u00e9m tivemos alguns problemas e, sem isso, acho que havia espa\u00e7o para um pouco mais.&#8221;<\/p>\n\n\n\n<p class=\"wp-block-paragraph\"><strong>Guanyu Zhou, 17\u00ba:<\/strong> &#8220;Tudo estava indo muito bem, especialmente considerando que as condi\u00e7\u00f5es de pista estavam muito escorregadias. Infelizmente, provavelmente paramos uma ou duas voltas tarde demais, e eu s\u00f3 tinha uma volta para acelerar com os slicks, ent\u00e3o era quase imposs\u00edvel dar tudo ali. \u00c9 obviamente frustrante ser eliminado por menos de dois d\u00e9cimos, especialmente porque provavelmente melhorar\u00edamos se tiv\u00e9ssemos mais uma volta, ent\u00e3o \u00e9 um pouco dif\u00edcil. Sentimos que t\u00ednhamos ritmo no in\u00edcio, fiz uma volta muito boa com os macios, o que torna mais frustrante, pois sinto que poder\u00edamos ter dado muito mais hoje. No entanto, esperamos ganhar algum terreno amanh\u00e3 e melhorar nossas posi\u00e7\u00f5es de largada antes da corrida de domingo.&#8221;<\/p>\n\n\n\n<p class=\"wp-block-paragraph\"><strong>Valtteri Bottas, 18\u00ba:<\/strong> &#8220;\u00c9 um resultado decepcionante, especialmente depois que parecemos fortes no TL1 hoje cedo. No final, decidimos usar pneus intermedi\u00e1rios ao parar nos boxes e isso acabou sendo a escolha errada: na minha volta, vi uma Williams com dificuldades e decidi ficar com os intermedi\u00e1rios. Percebemos que os macios eram a melhor op\u00e7\u00e3o e paramos novamente, mas duas voltas n\u00e3o foram suficientes para trazer esses pneus \u00e0 temperatura correta. Ainda assim, tudo est\u00e1 em jogo: temos dois dias para chegar aos pontos e, dado o nosso ritmo no seco, ainda temos chance de trazer para casa um bom resultado.&#8221;<\/p>\n\n\n\n<p class=\"wp-block-paragraph\"><strong>Yuki Tsunoda, 19\u00ba:<\/strong> &#8220;Estou obviamente desapontado hoje, faltou ader\u00eancia em geral desde o TL1 e n\u00e3o conseguimos encontrar uma solu\u00e7\u00e3o para isso antes de ir para a classifica\u00e7\u00e3o. Consegui sair com o pneu seco por duas voltas no Q1 e tentar fazer uma boa volta, mas infelizmente n\u00e3o tive ritmo com essa falta de ader\u00eancia.&#8221;<\/p>\n\n\n\n<p class=\"wp-block-paragraph\"><strong>Mick Schumacher, 20\u00ba:<\/strong> &#8220;Em primeiro lugar, parab\u00e9ns ao Kevin e \u00e0 equipe \u2013 eles realmente merecem. De minha parte, foi um pouco confuso, mas talvez eu tenha subestimado a ader\u00eancia. A pista parecia bem \u00famida, mas n\u00e3o era tanto quanto eu pensava. \u00c9 muito frustrante e isso significa que amanh\u00e3 o trabalho ser\u00e1 um pouco mais dif\u00edcil, mas estamos prontos para isso.&#8221;<\/p>\n\n\n\n<figure class=\"wp-block-embed is-type-rich is-provider-spotify wp-block-embed-spotify wp-embed-aspect-21-9 wp-has-aspect-ratio\"><div class=\"wp-block-embed__wrapper\">\n<iframe title=\"Spotify Embed: Paddockast #173: O que ainda est\u00e1 em jogo no GP de S\u00e3o Paulo da F1 2022?\" style=\"border-radius: 12px\" width=\"100%\" height=\"152\" frameborder=\"0\" allowfullscreen allow=\"autoplay; clipboard-write; encrypted-media; fullscreen; picture-in-picture\" loading=\"lazy\" src=\"https:\/\/open.spotify.com\/embed\/episode\/4DTpjxVS8urL3O7whIagYL?utm_source=oembed\"><\/iframe>\n<\/div><\/figure>\n","protected":false},"excerpt":{"rendered":"<p>A F\u00f3rmula 1, por vezes, reserva boas surpresas. Hoje n\u00e3o foi diferente: Kevin Magnussen parte da primeira posi\u00e7\u00e3o na corrida sprint de amanh\u00e3 <\/p>\n","protected":false},"author":0,"featured_media":1000632113,"comment_status":"closed","ping_status":"closed","sticky":false,"template":"","format":"standard","meta":{"42wp_featured_image_caption":"","42wp_featured_image_credits":"","42wp_featured_video":"","42wp_featured_image_hidden":false,"42wp_authors_list":[],"footnotes":""},"categories":[2],"tags":[654,457,524,20491,309,546,209,211,302,1357,176,207,26841,800,16952,26680,502,1491,30103,28285,3746,119,117,547,87,203,90,82,1294,801,676,204,210,3132,612,215,597],"42wp_author":[47143],"class_list":["post-107384","post","type-post","status-publish","format-standard","has-post-thumbnail","hentry","category-f1","tag-alexander-albon","tag-alfa-romeo","tag-alphatauri","tag-alpine","tag-aston-martin","tag-carlos-sainz","tag-charles-leclerc","tag-daniel-ricciardo","tag-esteban-ocon","tag-f1-2022","tag-fernando-alonso","tag-ferrari","tag-formula-1-2022","tag-george-russell","tag-gp-de-interlagos","tag-gp-de-sao-paulo","tag-gp-do-brasil","tag-grande-premio","tag-grande-premio-f1","tag-grandepremio","tag-guanyu-zhou","tag-haas","tag-kevin-magnussen","tag-lando-norris","tag-lewis-hamilton","tag-max-verstappen","tag-mclaren","tag-mercedes","tag-mick-schumacher","tag-nicholas-latifi","tag-pierre-gasly","tag-red-bull","tag-sebastian-vettel","tag-sergio-perez","tag-valtteri-bottas","tag-williams","tag-yuki-tsunoda","42wp_author-felipe-leite"],"_links":{"self":[{"href":"https:\/\/grandepremio.com\/br\/wp-json\/wp\/v2\/posts\/107384","targetHints":{"allow":["GET"]}}],"collection":[{"href":"https:\/\/grandepremio.com\/br\/wp-json\/wp\/v2\/posts"}],"about":[{"href":"https:\/\/grandepremio.com\/br\/wp-json\/wp\/v2\/types\/post"}],"replies":[{"embeddable":true,"href":"https:\/\/grandepremio.com\/br\/wp-json\/wp\/v2\/comments?post=107384"}],"version-history":[{"count":0,"href":"https:\/\/grandepremio.com\/br\/wp-json\/wp\/v2\/posts\/107384\/revisions"}],"wp:featuredmedia":[{"embeddable":true,"href":"https:\/\/grandepremio.com\/br\/wp-json\/wp\/v2\/media\/1000632113"}],"wp:attachment":[{"href":"https:\/\/grandepremio.com\/br\/wp-json\/wp\/v2\/media?parent=107384"}],"wp:term":[{"taxonomy":"category","embeddable":true,"href":"https:\/\/grandepremio.com\/br\/wp-json\/wp\/v2\/categories?post=107384"},{"taxonomy":"post_tag","embeddable":true,"href":"https:\/\/grandepremio.com\/br\/wp-json\/wp\/v2\/tags?post=107384"},{"taxonomy":"42wp_author","embeddable":true,"href":"https:\/\/grandepremio.com\/br\/wp-json\/wp\/v2\/42wp_author?post=107384"}],"curies":[{"name":"wp","href":"https:\/\/api.w.org\/{rel}","templated":true}]}}