{"id":107459,"date":"2022-11-09T17:45:41","date_gmt":"2022-11-09T20:45:41","guid":{"rendered":"https:\/\/grandepremio.com\/br\/noticias\/lewis-hamilton-elege-2021-momento-mais-especial-brasil-reviver-amor-alegria-povo\/"},"modified":"2022-11-09T20:56:35","modified_gmt":"2022-11-09T23:56:35","slug":"lewis-hamilton-elege-2021-momento-mais-especial-brasil-reviver-amor-alegria-povo","status":"publish","type":"post","link":"https:\/\/grandepremio.com\/br\/f1\/lewis-hamilton-elege-2021-momento-mais-especial-brasil-reviver-amor-alegria-povo\/","title":{"rendered":"Hamilton elege 2021 momento mais especial no Brasil por &#8220;reviver amor e alegria do povo&#8221;"},"content":{"rendered":"\n<p class=\"wp-block-paragraph\"><strong>Lewis Hamilton <\/strong>pode dizer que tem uma rela\u00e7\u00e3o \u00edntima com o circuito de <strong>Interlagos<\/strong>, ainda que n\u00e3o tenha corrido na pista desde a inf\u00e2ncia, como tantos outros pilotos brasileiros. Foi no Aut\u00f3dromo Jos\u00e9 Carlos Pace que ele sofreu uma das mais dolorosas derrotas, em seu ano de estreia, mas foi tamb\u00e9m no Brasil que se sagrou campe\u00e3o da <strong>F\u00f3rmula 1<\/strong> pela primeira vez na carreira, numa final emocionante, decidida na \u00faltima curva. Mas nenhum momento marcou mais a vida do heptacampe\u00e3o do que o vivido no ano passado, e ele explicou por que o <strong>GP de S\u00e3o Paulo <\/strong>de 2021 tem um significado especial.<\/p>\n\n\n\n<p class=\"wp-block-paragraph\">Durante coletiva de imprensa promovida por uma das patrocinadoras da Mercedes, realizada nesta quarta-feira (9), em S\u00e3o Paulo, Hamilton relembrou as emo\u00e7\u00f5es da sua \u00faltima passagem em terras brasileiras ao ser questionado pelo <strong>GRANDE PR\u00caMIO<\/strong> sobre qual era a sua melhor mem\u00f3ria do Brasil. O #44 contou que em 2007 e 2008, quando experimentou sentimentos muito distintos, ainda era muito novo e estava descobrindo coisas sobre si pr\u00f3prio como pessoa e piloto.<\/p>\n\n\n\n<p class=\"wp-block-paragraph\"><strong>\u25b6\ufe0f\u00a0Inscreva-se nos dois canais do GRANDE PR\u00caMIO no YouTube:\u00a0<a href=\"https:\/\/www.youtube.com\/channel\/UC9OlHEgxoaY6QY6nWPoiqQg?sub_confirmation=1\" target=\"_blank\" rel=\"noreferrer noopener\">GP<\/a>\u00a0|\u00a0<a href=\"https:\/\/www.youtube.com\/channel\/UC9csiS6q_C3C0FYhyr1rnFA?sub_confirmation=1\" target=\"_blank\" rel=\"noreferrer noopener\">GP2<\/a><\/strong><br><strong>\u25b6\ufe0f\u00a0<a href=\"https:\/\/www.twitch.tv\/grandepremio\" target=\"_blank\" rel=\"noreferrer noopener\">Conhe\u00e7a o canal do GRANDE PR\u00caMIO na Twitch clicando aqui!<\/a><\/strong><\/p>\n\n\n\n<figure class=\"wp-block-image size-large\"><img decoding=\"async\" src=\"https:\/\/www.grandepremio.com\/br\/wp-content\/uploads\/2022\/11\/000_32N88AC-1024x682.jpg\" alt=\"\" class=\"wp-image-631113\"\/><figcaption>Lewis Hamilton jamais vai esquecer o que viveu no Brasil em 2021 (Foto: Miguel Schincariol\/AFP)<\/figcaption><\/figure>\n\n\n\n<p class=\"wp-block-paragraph\">&#8220;Foi uma trajet\u00f3ria linda ao longo desses anos, um crescimento muito grande entre mim e o p\u00fablico daqui\u2026 mas 2021 foi definitivamente o momento mais especial para mim&#8221;, elegeu Hamilton, detalhando o quanto a maturidade tornou a \u00faltima vit\u00f3ria conquistada no Brasil t\u00e3o especial. <\/p>\n\n\n\n<p class=\"wp-block-paragraph\">&#8220;Corro h\u00e1 30 anos, e ao longo do caminho, tive muitos momentos onde pensava n\u00e3o ser bom o suficiente, n\u00e3o conseguir conquistar as coisas que sempre sonhei\u2026 de alguma maneira, consegui mudar minha mentalidade para uma mais positiva, para coisas que pareciam ser imposs\u00edveis&#8221;, disse, emendando que 2021 &#8220;foi outro exemplo disso&#8221;.<\/p>\n\n\n\n<p class=\"wp-block-paragraph\">&#8220;Com 36 anos, diante de um desafio muito dif\u00edcil\u2026 come\u00e7ar em \u00faltimo, em Interlagos, n\u00e3o \u00e9 f\u00e1cil&#8221;, ressaltou o ingl\u00eas, aos risos. No ano passado, Hamilton largou em \u00faltimo na sprint race ap\u00f3s uma puni\u00e7\u00e3o por irregularidades no DRS e terminou em quinto depois de impressionantes 24 voltas. No domingo, por\u00e9m, mais problemas: a troca do motor a combust\u00e3o interna fez o piloto perder cinco posi\u00e7\u00f5es, ou seja, largar em d\u00e9cimo. E novamente, o ingl\u00eas deu um show: j\u00e1 era quinto ao final da primeira volta, segundo no 18\u00ba giro, e a lideran\u00e7a definitiva veio na volta 58, levando a torcida ao del\u00edrio ao deixar para tr\u00e1s <strong>Max Verstappen<\/strong>. Hamilton ultrapassou todos os carros naquele fim de semana.<\/p>\n\n\n\n<p class=\"wp-block-paragraph\">&#8220;De algum jeito, consegui vencer a corrida. O apoio foi inacredit\u00e1vel, as pessoas torcendo por mim, a atmosfera positiva\u2026 e de novo, poder empunhar a bandeira do Brasil&#8221;, completou, referindo-se ao ic\u00f4nico gesto de <strong>Ayrton Senna<\/strong> celebrar as vit\u00f3rias na F1.<\/p>\n\n\n\n<p class=\"wp-block-paragraph\">Sobre o ato de pedir a bandeira do Brasil, ali\u00e1s, Hamilton declarou que sentiu algo dentro dele dizendo que &#8220;naquele dia, tinha de fazer aquilo naquele momento&#8221;. &#8220;Parei, peguei a bandeira e parecia que estava fazendo Ayrton ficar orgulhoso. Parecia que eu estava revivendo o amor e a alegria de um povo brasileiro muito f\u00e3 do esporte, por muito tempo&#8221;, concluiu.<\/p>\n\n\n\n<p class=\"wp-block-paragraph\">A\u00a0<a href=\"https:\/\/www.grandepremio.com\/formula-1\/\" target=\"_blank\" rel=\"noreferrer noopener\"><\/a><a href=\"https:\/\/www.grandepremio.com\/formula-1\/\" target=\"_blank\" rel=\"noreferrer noopener\">F\u00f3rmula 1<\/a>\u00a0continua neste fim de semana, entre os dias 11 e 13 de novembro, com o GP de S\u00e3o Paulo, etapa brasileira, direto de\u00a0<a href=\"https:\/\/www.grandepremio.com\/br\/circuito\/interlagos\/\" target=\"_blank\" rel=\"noreferrer noopener\">Interlagos<\/a>. O\u00a0<strong>GRANDE PR\u00caMIO<\/strong>\u00a0acompanha tudo\u00a0<strong>\u2018IN LOCO\u2019<\/strong>\u00a0com equipe cheia.<\/p>\n","protected":false},"excerpt":{"rendered":"<p>Lewis Hamilton relembrou ao GRANDE PR\u00caMIO a apoteose vivida em Interlagos em 2021 e disse que, ap\u00f3s a vit\u00f3ria, sentiu que empunhar a bandeira brasileira depois de tanto apoio recebido da torcida deixaria seu grande \u00eddolo, Ayrton Senna, orgulhoso<\/p>\n","protected":false},"author":0,"featured_media":1000525586,"comment_status":"closed","ping_status":"closed","sticky":false,"template":"","format":"standard","meta":{"42wp_featured_image_caption":"","42wp_featured_image_credits":"","42wp_featured_video":"","42wp_featured_image_hidden":false,"42wp_authors_list":[],"footnotes":""},"categories":[2],"tags":[783,156,1357,180,26680,502,1491,1442,124,87,203,82,541],"42wp_author":[47119,47147],"class_list":["post-107459","post","type-post","status-publish","format-standard","has-post-thumbnail","hentry","category-f1","tag-brasil","tag-f1-2021","tag-f1-2022","tag-formula-1","tag-gp-de-sao-paulo","tag-gp-do-brasil","tag-grande-premio","tag-in-loco","tag-interlagos","tag-lewis-hamilton","tag-max-verstappen","tag-mercedes","tag-petronas","42wp_author-gabriel-carvalho","42wp_author-luana-marino"],"_links":{"self":[{"href":"https:\/\/grandepremio.com\/br\/wp-json\/wp\/v2\/posts\/107459","targetHints":{"allow":["GET"]}}],"collection":[{"href":"https:\/\/grandepremio.com\/br\/wp-json\/wp\/v2\/posts"}],"about":[{"href":"https:\/\/grandepremio.com\/br\/wp-json\/wp\/v2\/types\/post"}],"replies":[{"embeddable":true,"href":"https:\/\/grandepremio.com\/br\/wp-json\/wp\/v2\/comments?post=107459"}],"version-history":[{"count":0,"href":"https:\/\/grandepremio.com\/br\/wp-json\/wp\/v2\/posts\/107459\/revisions"}],"wp:featuredmedia":[{"embeddable":true,"href":"https:\/\/grandepremio.com\/br\/wp-json\/wp\/v2\/media\/1000525586"}],"wp:attachment":[{"href":"https:\/\/grandepremio.com\/br\/wp-json\/wp\/v2\/media?parent=107459"}],"wp:term":[{"taxonomy":"category","embeddable":true,"href":"https:\/\/grandepremio.com\/br\/wp-json\/wp\/v2\/categories?post=107459"},{"taxonomy":"post_tag","embeddable":true,"href":"https:\/\/grandepremio.com\/br\/wp-json\/wp\/v2\/tags?post=107459"},{"taxonomy":"42wp_author","embeddable":true,"href":"https:\/\/grandepremio.com\/br\/wp-json\/wp\/v2\/42wp_author?post=107459"}],"curies":[{"name":"wp","href":"https:\/\/api.w.org\/{rel}","templated":true}]}}