{"id":10746,"date":"2026-03-23T04:00:00","date_gmt":"2026-03-23T07:00:00","guid":{"rendered":"https:\/\/grandepremio.com\/br\/noticias\/ex-presidente-diz-pressao-ferrari-podia-destruir-carreira-andrea-kimi-antonelli-formula-1\/"},"modified":"2026-03-23T14:23:56","modified_gmt":"2026-03-23T17:23:56","slug":"ex-presidente-diz-pressao-ferrari-podia-destruir-carreira-andrea-kimi-antonelli-formula-1","status":"publish","type":"post","link":"https:\/\/grandepremio.com\/br\/f1\/ex-presidente-diz-pressao-ferrari-podia-destruir-carreira-andrea-kimi-antonelli-formula-1\/","title":{"rendered":"Ex-presidente diz que press\u00e3o da Ferrari &#8220;poderia destruir carreira&#8221; de Antonelli na F1"},"content":{"rendered":"\n<p class=\"wp-block-paragraph\"><strong>Luca di Montezemolo<\/strong> exaltou o desempenho de <strong>Andrea Kimi Antonelli<\/strong> <a href=\"https:\/\/www.grandepremio.com\/br\/f1\/noticias\/andrea-kimi-antonelli-domina-veterano-china-vence-primeira-formula-1-gabriel-bortoleto-nem-larga\/\">na vit\u00f3ria no <strong>GP da China<\/strong><\/a>. O ex-presidente da <strong>Ferrari <\/strong>afirmou que o italiano demonstrou maturidade rara para a idade, chegando a compar\u00e1-lo com <strong>Max Verstappen<\/strong>. O ex-dirigente tamb\u00e9m reconheceu inc\u00f4modo ao ver o jovem triunfar com a <strong>Mercedes<\/strong>, mas disse que correr pela escuderia de Maranello neste momento poderia ser prejudicial \u00e0 carreira.<\/p>\n\n\n\n<p class=\"wp-block-paragraph\">O triunfo em GP da China marcou <a href=\"https:\/\/www.grandepremio.com\/br\/f1\/noticias\/andrea-kimi-antonelli-quebra-tabu-leva-italia-volta-topo-podio-apos-20-anos-formula-1\/\">o fim de um jejum de 20 anos sem vit\u00f3rias italianas na F1<\/a>, al\u00e9m de colocar Antonelli em segundo na lista de vencedores mais jovens da hist\u00f3ria da categoria. Montezemolo destacou a evolu\u00e7\u00e3o constante do piloto e a forma como lidou com adversidades ao longo da corrida, ressaltando o controle emocional demonstrado, tra\u00e7o incomum tanto para a idade quanto para o perfil dos italianos.<\/p>\n\n\n\n<figure class=\"wp-block-embed is-type-video is-provider-youtube wp-block-embed-youtube wp-embed-aspect-16-9 wp-has-aspect-ratio\"><div class=\"wp-block-embed__wrapper\">\n<iframe loading=\"lazy\" title=\"12H DE SEBRING | IMSA SPORTSCAR 2026 | 2\u00aa ETAPA | PARTE 2 (17:15-23:10)\" width=\"500\" height=\"281\" src=\"https:\/\/www.youtube.com\/embed\/EeKWQtlc8d8?feature=oembed\" frameborder=\"0\" allow=\"accelerometer; autoplay; clipboard-write; encrypted-media; gyroscope; picture-in-picture; web-share\" referrerpolicy=\"strict-origin-when-cross-origin\" allowfullscreen><\/iframe>\n<\/div><\/figure>\n\n\n\n<h3 class=\"wp-block-heading\" id=\"h-gp-experience-o-novo-produto-do-grande-premio-conecta-voce-aos-maiores-eventos-de-esporte-a-motor-do-mundo-va-para-indianapolis-com-a-gente-nbsp-saiba-aqui-todos-os-detalhes\"><strong><mark style=\"background-color:rgba(0, 0, 0, 0)\" class=\"has-inline-color has-vivid-red-color\">+ GP EXPERIENCE: o novo produto do GRANDE PR\u00caMIO conecta voc\u00ea aos maiores eventos de esporte a motor do mundo. V\u00e1 para Indian\u00e1polis com a gente:&nbsp;<a href=\"https:\/\/gpexperience.tur.br\/\" target=\"_blank\" rel=\"noreferrer noopener\">saiba aqui todos os detalhes<\/a>.<\/mark><\/strong><\/h3>\n\n\n\n<p class=\"wp-block-paragraph\">&#8220;A vit\u00f3ria do Kimi me emocionou. \u00c9 um garoto de 19 anos que est\u00e1 melhorando constantemente. Teve problemas na largada, mas n\u00e3o desanimou. Assumiu a lideran\u00e7a e guiou sem hesitar, s\u00f3 arriscando no fim\u201d, disse ao <em>Corriere della Sera<\/em>.<\/p>\n\n\n\n<p class=\"wp-block-paragraph\">&#8220;Ele mostrou maturidade e compostura, algo pouco caracter\u00edstico de um italiano, e especialmente de algu\u00e9m t\u00e3o jovem. Tem os p\u00e9s no ch\u00e3o, e espero que continue assim, todo o potencial est\u00e1 ali&#8221;, afirmou.<\/p>\n\n\n\n<figure class=\"wp-block-image size-large\"><img decoding=\"async\" src=\"https:\/\/www.grandepremio.com\/br\/wp-content\/uploads\/2026\/03\/china-corrida-f1-2026-afp-mercedes-kimi-antonelli-04-1200x800.jpg\" alt=\"\" class=\"wp-image-1068205\"\/><figcaption class=\"wp-element-caption\">Kimi Antonelli quebrou jejum de 20 anos sem vit\u00f3ria da It\u00e1lia na F1 (Foto: AFP) <\/figcaption><\/figure>\n\n\n\n<p class=\"wp-block-paragraph\">Montezemolo discorreu sobre as diferen\u00e7as na forma\u00e7\u00e3o dos pilotos atualmente em rela\u00e7\u00e3o \u00e0 \u00e9poca que estava na F1. O ex-dirigente lembrou que Verstappen foi um dos poucos a impressionar desde muito cedo, mas destacou que o desenvolvimento do neerland\u00eas foi conduzido com cautela.<\/p>\n\n\n\n<p class=\"wp-block-paragraph\">&#8220;Hoje em dia a situa\u00e7\u00e3o \u00e9 diferente. Os pilotos n\u00e3o s\u00e3o observados apenas pelos resultados no kart, mas tamb\u00e9m pelos n\u00fameros nos simuladores, que \u00e9 onde s\u00e3o mais treinados atualmente. Ent\u00e3o, \u00e9 mais f\u00e1cil escolher os nomes&#8221;, explicou.<\/p>\n\n\n\n<p class=\"wp-block-paragraph\">&#8220;O \u00fanico que me impressionou t\u00e3o cedo foi Verstappen. Aos 12 anos, j\u00e1 era o melhor de todos. Mas foi muito bem cuidado, conversei com Helmut Marko sobre isso&#8221;, comentou.<\/p>\n\n\n\n<p class=\"wp-block-paragraph\">Apesar dos elogios, Montezemolo admitiu desconforto ao ver o compatriota defendendo a Mercedes. Questionado se preferia v\u00ea-lo na Ferrari, respondeu de forma direta.<\/p>\n\n\n\n<figure class=\"wp-block-image size-large\"><img decoding=\"async\" src=\"https:\/\/www.grandepremio.com\/br\/wp-content\/uploads\/2025\/11\/sao-paulo-2025-f1-corrida-red-bull-max-verstappen-afp-03-1200x800.jpg\" alt=\"\" class=\"wp-image-1032557\"\/><figcaption class=\"wp-element-caption\">Luca di Montezemolo lembrou de Max Verstappen ao elogiar Andrea Kimi Antoneli (Foto: AFP) <\/figcaption><\/figure>\n\n\n\n<p class=\"wp-block-paragraph\">&#8220;Certamente. Foi um pouco irritante v\u00ea-lo em uma Mercedes&#8221;, declarou.<\/p>\n\n\n\n<p class=\"wp-block-paragraph\">Mesmo assim, o ex-presidente ponderou que colocar Antonelli diretamente na equipe italiana &#8211; como foi feito na Mercedes &#8211; poderia ter sido prejudicial \u00e0 carreira do piloto, citando a press\u00e3o caracter\u00edstica do ambiente da escuderia e usando Felipe Massa como exemplo.<\/p>\n\n\n\n<p class=\"wp-block-paragraph\">&#8220;Pegar um jovem talento como Antonelli e coloc\u00e1-lo imediatamente na Ferrari poderia destruir a carreira dele&#8221;, ponderou. &#8220;Com Felipe Massa, por exemplo, o colocamos na Sauber para ganhar experi\u00eancia antes&#8221;, concluiu.<\/p>\n\n\n\n<p class=\"wp-block-paragraph\">A F1 volta \u00e0 pista para a terceira etapa da temporada neste fim de semana, no&nbsp;<strong>GP do Jap\u00e3o<\/strong>, entre os dias&nbsp;<strong>27 e 29 de mar\u00e7o<\/strong>. O&nbsp;<strong>GRANDE PR\u00caMIO<\/strong>&nbsp;acompanha todas as atividades<a href=\"https:\/\/www.grandepremio.com\/br\/ao-vivo\/f1\/\">&nbsp;<strong>AO VIVO E EM&nbsp;<\/strong><\/a><strong><a href=\"https:\/\/www.grandepremio.com\/br\/ao-vivo\/\" target=\"_blank\" rel=\"noreferrer noopener\">TEMPO REAL<\/a><\/strong>,&nbsp;<a href=\"https:\/\/www.youtube.com\/@GrandePremio1\/streams\">al\u00e9m de classifica\u00e7\u00e3o e corrida em&nbsp;<strong>SEGUNDA TELA&nbsp;<\/strong>no YouTube<\/a>, em parceria com a&nbsp;<strong>Voz do Esporte<\/strong>. O&nbsp;<strong>Briefing&nbsp;<\/strong>chega para analisar ap\u00f3s o fim de cada dia de atividades nas redes sociais e na&nbsp;<strong>GPTV<\/strong>.<\/p>\n\n\n\n<p class=\"wp-block-paragraph\"><strong>GP do Jap\u00e3o de F1: veja os hor\u00e1rios em Brasil, Cabo Verde,&nbsp;<a href=\"https:\/\/grandepremio.pt\/\" target=\"_blank\" rel=\"noreferrer noopener\">Portugal<\/a>, Angola e Mo\u00e7ambique:<\/strong><\/p>\n\n\n\n<figure class=\"wp-block-table\"><table class=\"has-fixed-layout\"><tbody><tr><td class=\"has-text-align-left\" data-align=\"left\"><strong>Sess\u00e3o<\/strong><\/td><td class=\"has-text-align-left\" data-align=\"left\"><strong>BRA*<\/strong><\/td><td class=\"has-text-align-left\" data-align=\"left\"><strong>CBV<\/strong><\/td><td class=\"has-text-align-left\" data-align=\"left\"><strong>POR<\/strong><br><strong>ANG<\/strong><\/td><td class=\"has-text-align-left\" data-align=\"left\"><strong>MOZ<\/strong><\/td><\/tr><tr><td class=\"has-text-align-left\" data-align=\"left\">Treino livre 1<\/td><td class=\"has-text-align-left\" data-align=\"left\">23:30<\/td><td class=\"has-text-align-left\" data-align=\"left\">01:30<\/td><td class=\"has-text-align-left\" data-align=\"left\">03:30<\/td><td class=\"has-text-align-left\" data-align=\"left\">04:30<\/td><\/tr><tr><td class=\"has-text-align-left\" data-align=\"left\">Treino livre 2<\/td><td class=\"has-text-align-left\" data-align=\"left\">03:00<\/td><td class=\"has-text-align-left\" data-align=\"left\">05:30<\/td><td class=\"has-text-align-left\" data-align=\"left\">07:00<\/td><td class=\"has-text-align-left\" data-align=\"left\">08:00<\/td><\/tr><tr><td class=\"has-text-align-left\" data-align=\"left\">Treino livre 3<\/td><td class=\"has-text-align-left\" data-align=\"left\">23:30<\/td><td class=\"has-text-align-left\" data-align=\"left\">01:30<\/td><td class=\"has-text-align-left\" data-align=\"left\">03:30<\/td><td class=\"has-text-align-left\" data-align=\"left\">04:30<\/td><\/tr><tr><td class=\"has-text-align-left\" data-align=\"left\">Classifica\u00e7\u00e3o<\/td><td class=\"has-text-align-left\" data-align=\"left\">03:00<\/td><td class=\"has-text-align-left\" data-align=\"left\">05:30<\/td><td class=\"has-text-align-left\" data-align=\"left\">07:00<\/td><td class=\"has-text-align-left\" data-align=\"left\">08:00<\/td><\/tr><tr><td class=\"has-text-align-left\" data-align=\"left\">Corrida<\/td><td class=\"has-text-align-left\" data-align=\"left\">02:00<\/td><td class=\"has-text-align-left\" data-align=\"left\">04:30<\/td><td class=\"has-text-align-left\" data-align=\"left\">06:00<\/td><td class=\"has-text-align-left\" data-align=\"left\">07:00<\/td><\/tr><\/tbody><\/table><\/figure>\n\n\n\n<p class=\"wp-block-paragraph\"><em>*Hor\u00e1rio de Bras\u00edlia<\/em><\/p>\n\n\n\n<p class=\"wp-block-paragraph\">\u25b6\ufe0f&nbsp;<strong>Inscreva-se nos dois canais do GRANDE PR\u00caMIO no YouTube:&nbsp;<a href=\"https:\/\/www.youtube.com\/channel\/UC9OlHEgxoaY6QY6nWPoiqQg?sub_confirmation=1\">GP<\/a>&nbsp;|&nbsp;<a href=\"https:\/\/www.youtube.com\/channel\/UC9csiS6q_C3C0FYhyr1rnFA?sub_confirmation=1\">GPTV<\/a><\/strong><\/p>\n\n\n\n<h2 class=\"wp-block-heading\" id=\"h-f1-hoje-saiba-aqui-as-noticias-mais-importantes-do-dia-da-formula-1\"><strong>F1 hoje: saiba aqui as not\u00edcias mais importantes do dia da F\u00f3rmula 1<\/strong><\/h2>\n\n\n\n<p class=\"wp-block-paragraph\"><strong>\u25b6\ufe0f <a href=\"https:\/\/www.grandepremio.com\/br\/f1\/noticias\/quis-combinar-formula-1-formula-e-ex-ceo-ve-influencia-mercedes-novas-regras\/\">\u201cQuis combinar F1 e F\u00f3rmula E\u201d: ex-CEO v\u00ea influ\u00eancia da Mercedes em novas regras<\/a><br>\u25b6\ufe0f <a href=\"https:\/\/www.grandepremio.com\/br\/f1\/noticias\/valtteri-bottas-ve-pausa-forcada-formula-1-bastante-benefica-cadillac-temos-problemas\/\">Bottas v\u00ea pausa for\u00e7ada da F1 como \u201cbastante ben\u00e9fica\u201d para Cadillac: \u201cTemos problemas\u201d<\/a><br>\u25b6\ufe0f <a href=\"https:\/\/www.grandepremio.com\/br\/f1\/noticias\/racing-bulls-pintura-especial-gp-do-japao-mencao-flor-cerejeira\/\">Racing Bulls adota pintura especial para GP do Jap\u00e3o com men\u00e7\u00e3o a flor de cerejeira<\/a><br>\u25b6\ufe0f <a href=\"https:\/\/www.grandepremio.com\/br\/f1\/noticias\/ceo-da-mclaren-mantem-otimismo-e-garante-vitorias-na-f1-2026-mais-cedo-ou-mais-tarde\/\">CEO da McLaren mant\u00e9m otimismo e garante vit\u00f3rias na F1 2026 \u201cmais cedo ou mais tarde\u201d<\/a><\/strong><\/p>\n","protected":false},"excerpt":{"rendered":"<p>Luca di Montezemolo exaltou talento e maturidade de Andrea Kimi Antonelli e comparou precocidade com Max Verstappen. Ex-presidente da Ferrari lamentou que feito tenha ocorrido pela Mercedes, mas disse que press\u00e3o do time italiano seria prejudicial<\/p>\n","protected":false},"author":0,"featured_media":1001066827,"comment_status":"closed","ping_status":"closed","sticky":false,"template":"","format":"standard","meta":{"42wp_featured_image_caption":"","42wp_featured_image_credits":"","42wp_featured_video":"","42wp_featured_image_hidden":false,"42wp_authors_list":[],"footnotes":""},"categories":[2],"tags":[27861,26271,5273,147,29516,29148,504,207,180,31425,28995,1491,28285,30840,2404,203,82,35129,204,31470],"42wp_author":[47164],"class_list":["post-10746","post","type-post","status-publish","format-standard","has-post-thumbnail","hentry","category-f1","tag-andrea-kimi-antonelli","tag-calendario-f1","tag-classificacao-f1","tag-f1","tag-f1-2026","tag-f1-hoje","tag-felipe-massa","tag-ferrari","tag-formula-1","tag-formula-1-2026","tag-formula-1-hoje","tag-grande-premio","tag-grandepremio","tag-horarios-f1","tag-luca-di-montezemolo","tag-max-verstappen","tag-mercedes","tag-onde-assistir-f1","tag-red-bull","tag-temporada-2026-f1","42wp_author-marcos-gil-ribeiro"],"_links":{"self":[{"href":"https:\/\/grandepremio.com\/br\/wp-json\/wp\/v2\/posts\/10746","targetHints":{"allow":["GET"]}}],"collection":[{"href":"https:\/\/grandepremio.com\/br\/wp-json\/wp\/v2\/posts"}],"about":[{"href":"https:\/\/grandepremio.com\/br\/wp-json\/wp\/v2\/types\/post"}],"replies":[{"embeddable":true,"href":"https:\/\/grandepremio.com\/br\/wp-json\/wp\/v2\/comments?post=10746"}],"version-history":[{"count":0,"href":"https:\/\/grandepremio.com\/br\/wp-json\/wp\/v2\/posts\/10746\/revisions"}],"wp:featuredmedia":[{"embeddable":true,"href":"https:\/\/grandepremio.com\/br\/wp-json\/wp\/v2\/media\/1001066827"}],"wp:attachment":[{"href":"https:\/\/grandepremio.com\/br\/wp-json\/wp\/v2\/media?parent=10746"}],"wp:term":[{"taxonomy":"category","embeddable":true,"href":"https:\/\/grandepremio.com\/br\/wp-json\/wp\/v2\/categories?post=10746"},{"taxonomy":"post_tag","embeddable":true,"href":"https:\/\/grandepremio.com\/br\/wp-json\/wp\/v2\/tags?post=10746"},{"taxonomy":"42wp_author","embeddable":true,"href":"https:\/\/grandepremio.com\/br\/wp-json\/wp\/v2\/42wp_author?post=10746"}],"curies":[{"name":"wp","href":"https:\/\/api.w.org\/{rel}","templated":true}]}}