{"id":107461,"date":"2022-11-09T16:04:33","date_gmt":"2022-11-09T19:04:33","guid":{"rendered":"https:\/\/grandepremio.com\/br\/noticias\/formula-1-escala-iza-cantar-hino-nacional-gp-sao-paulo-2022\/"},"modified":"2023-08-13T16:39:36","modified_gmt":"2023-08-13T19:39:36","slug":"formula-1-escala-iza-cantar-hino-nacional-gp-sao-paulo-2022","status":"publish","type":"post","link":"https:\/\/grandepremio.com\/br\/f1\/formula-1-escala-iza-cantar-hino-nacional-gp-sao-paulo-2022\/","title":{"rendered":"F1 escala IZA para cantar Hino Nacional no GP de S\u00e3o Paulo de 2022"},"content":{"rendered":"\n<p class=\"wp-block-paragraph\">H\u00e1 duas semanas, na coletiva do<strong> GP de S\u00e3o Paulo<\/strong>, a organiza\u00e7\u00e3o do evento prometia algumas surpresas para o p\u00fablico durante o fim de semana. E uma delas foi confirmada nesta quarta-feira (9): <strong>IZA <\/strong>cantar\u00e1 o <strong>Hino Nacional<\/strong>, acompanhada pela <strong>Orquestra Sinf\u00f4nica de Heli\u00f3polis.<\/strong><\/p>\n\n\n\n<p class=\"wp-block-paragraph\">\u201cVai ser muito importante cantar o Hino nesse momento. Eu cantei uma vez o Hino Nacional, no Rio Open 2019, e j\u00e1 foi uma experi\u00eancia incr\u00edvel. \u00c9 uma honra para mim, nesse momento da minha carreira, poder fazer isso em um evento que \u00e9 hist\u00f3rico para o nosso pa\u00eds, onde j\u00e1 fomos t\u00e3o bem representados. Eu nunca estive em Interlagos, vai ser a realiza\u00e7\u00e3o de um sonho&#8221;, disse a cantora. <\/p>\n\n\n\n<p class=\"wp-block-paragraph\"><strong>\u25b6\ufe0f&nbsp;Inscreva-se nos dois canais do GRANDE PR\u00caMIO no YouTube:&nbsp;<a href=\"https:\/\/www.youtube.com\/channel\/UC9OlHEgxoaY6QY6nWPoiqQg?sub_confirmation=1\" target=\"_blank\" rel=\"noreferrer noopener\">GP<\/a>&nbsp;|&nbsp;<a href=\"https:\/\/www.youtube.com\/channel\/UC9csiS6q_C3C0FYhyr1rnFA?sub_confirmation=1\" target=\"_blank\" rel=\"noreferrer noopener\">GP2<\/a><\/strong><br><strong>\u25b6\ufe0f&nbsp;<a href=\"https:\/\/www.twitch.tv\/grandepremio\" target=\"_blank\" rel=\"noreferrer noopener\">Conhe\u00e7a o canal do GRANDE PR\u00caMIO na Twitch clicando aqui!<\/a><\/strong><\/p>\n\n\n\n<figure class=\"wp-block-image size-full\"><img decoding=\"async\" src=\"https:\/\/www.grandepremio.com\/br\/wp-content\/uploads\/2022\/11\/25068354.jpg\" alt=\"\" class=\"wp-image-631086\"\/><figcaption class=\"wp-element-caption\">Iza vai cantar Hino Nacional  acompanhada pela Orquestra Sinf\u00f4nica de Heli\u00f3polis (Foto: Reprodu\u00e7\u00e3o\/Instagram)<\/figcaption><\/figure>\n\n\n\n<p class=\"wp-block-paragraph\">A Orquestra Sinf\u00f4nica de Heli\u00f3polis foi criada a partir de um projeto em 1996 com um grupo de alunos da comunidade, em S\u00e3o Paulo, e que tem se ampliado para estudantes de m\u00fasica de todo o Brasil. O objetivo \u00e9 trazer uma maior diversidade cultural e uma maneira mais incisiva na pr\u00e1tica da inclus\u00e3o social por meio da m\u00fasica cl\u00e1ssica.<\/p>\n\n\n\n<p class=\"wp-block-paragraph\">O heptacampe\u00e3o <strong>Lewis Hamilton<\/strong>, ap\u00f3s comparecer \u00e0 cerim\u00f4nia de entrega do t\u00edtulo de cidad\u00e3o honor\u00e1rio em Bras\u00edlia, tamb\u00e9m teve um jantar com <strong>IZA e Seu Jorge. <\/strong><\/p>\n\n\n\n<p class=\"wp-block-paragraph\">A&nbsp;<a href=\"https:\/\/www.grandepremio.com\/formula-1\/\" target=\"_blank\" rel=\"noreferrer noopener\">F\u00f3rmula 1<\/a>&nbsp;retorna neste fim de semana, entre os dias 11 e 13 de novembro, com o GP de S\u00e3o Paulo \u2014 etapa brasileira do calend\u00e1rio, em&nbsp;<a href=\"https:\/\/www.grandepremio.com\/br\/circuito\/interlagos\/\" target=\"_blank\" rel=\"noreferrer noopener\">Interlagos<\/a>. O&nbsp;<strong>GRANDE PR\u00caMIO<\/strong>&nbsp;acompanha tudo&nbsp;<strong>\u2018IN LOCO\u2019<\/strong>&nbsp;com equipe cheia.<\/p>\n","protected":false},"excerpt":{"rendered":"<p>IZA cantar\u00e1 o Hino Nacional, acompanhada pela Orquestra Sinf\u00f4nica de Heli\u00f3polis. H\u00e1 duas semanas, na coletiva do GP de S\u00e3o Paulo, a organiza\u00e7\u00e3o do evento prometia algumas surpresas <\/p>\n","protected":false},"author":0,"featured_media":1000631087,"comment_status":"closed","ping_status":"closed","sticky":false,"template":"","format":"standard","meta":{"42wp_featured_image_caption":"","42wp_featured_image_credits":"","42wp_featured_video":"","42wp_featured_image_hidden":false,"42wp_authors_list":[],"footnotes":""},"categories":[2],"tags":[147,1357,180,26841,30282,29971,502,1491,30103,28285,87,82],"42wp_author":[47139,47158],"class_list":["post-107461","post","type-post","status-publish","format-standard","has-post-thumbnail","hentry","category-f1","tag-f1","tag-f1-2022","tag-formula-1","tag-formula-1-2022","tag-gp-de-sao-paulo-2022","tag-gp-de-sao-paulo-de-f1","tag-gp-do-brasil","tag-grande-premio","tag-grande-premio-f1","tag-grandepremio","tag-lewis-hamilton","tag-mercedes","42wp_author-ana-cerveira","42wp_author-warm-up"],"_links":{"self":[{"href":"https:\/\/grandepremio.com\/br\/wp-json\/wp\/v2\/posts\/107461","targetHints":{"allow":["GET"]}}],"collection":[{"href":"https:\/\/grandepremio.com\/br\/wp-json\/wp\/v2\/posts"}],"about":[{"href":"https:\/\/grandepremio.com\/br\/wp-json\/wp\/v2\/types\/post"}],"replies":[{"embeddable":true,"href":"https:\/\/grandepremio.com\/br\/wp-json\/wp\/v2\/comments?post=107461"}],"version-history":[{"count":0,"href":"https:\/\/grandepremio.com\/br\/wp-json\/wp\/v2\/posts\/107461\/revisions"}],"wp:featuredmedia":[{"embeddable":true,"href":"https:\/\/grandepremio.com\/br\/wp-json\/wp\/v2\/media\/1000631087"}],"wp:attachment":[{"href":"https:\/\/grandepremio.com\/br\/wp-json\/wp\/v2\/media?parent=107461"}],"wp:term":[{"taxonomy":"category","embeddable":true,"href":"https:\/\/grandepremio.com\/br\/wp-json\/wp\/v2\/categories?post=107461"},{"taxonomy":"post_tag","embeddable":true,"href":"https:\/\/grandepremio.com\/br\/wp-json\/wp\/v2\/tags?post=107461"},{"taxonomy":"42wp_author","embeddable":true,"href":"https:\/\/grandepremio.com\/br\/wp-json\/wp\/v2\/42wp_author?post=107461"}],"curies":[{"name":"wp","href":"https:\/\/api.w.org\/{rel}","templated":true}]}}