{"id":107478,"date":"2022-11-08T18:19:05","date_gmt":"2022-11-08T21:19:05","guid":{"rendered":"https:\/\/grandepremio.com\/br\/noticias\/lewis-hamilton-festeja-titulo-cidadao-honorario-brasil-parte-minha-historia\/"},"modified":"2022-11-08T18:20:27","modified_gmt":"2022-11-08T21:20:27","slug":"lewis-hamilton-festeja-titulo-cidadao-honorario-brasil-parte-minha-historia","status":"publish","type":"post","link":"https:\/\/grandepremio.com\/br\/f1\/lewis-hamilton-festeja-titulo-cidadao-honorario-brasil-parte-minha-historia\/","title":{"rendered":"Hamilton festeja t\u00edtulo de cidad\u00e3o honor\u00e1rio: &#8220;Brasil \u00e9 parte da minha hist\u00f3ria&#8221;"},"content":{"rendered":"\n<p class=\"wp-block-paragraph\"><strong>Lewis Hamilton<\/strong> <a href=\"https:\/\/www.grandepremio.com\/br\/f1\/noticias\/lewis-hamilton-recebe-titulo-cidadao-honorario-brasil-evento-camara-deputados-brasilia\/\" class=\"ek-link\">recebeu na \u00faltima segunda-feira (7) o t\u00edtulo de <strong>cidad\u00e3o honor\u00e1rio<\/strong> do Brasil<\/a> durante sess\u00e3o solene na C\u00e2mara dos Deputados em Bras\u00edlia. <a href=\"https:\/\/www.grandepremio.com\/br\/f1\/noticias\/lewis-hamilton-declara-brasil-honraria-agora-considero-voces\/\" class=\"ek-link\">O piloto brit\u00e2nico agradeceu durante o evento todo o carinho recebido<\/a> e, na tarde desta ter\u00e7a-feira (8), utilizou as redes sociais para manifestar mais uma vez seu apre\u00e7o pelo pa\u00eds e sua popula\u00e7\u00e3o.<\/p>\n\n\n\n<p class=\"wp-block-paragraph\">&#8220;Brasil, eu estou muito honrado em receber esse t\u00edtulo de cidad\u00e3o honor\u00e1rio. S\u00f3 de me oferecerem, j\u00e1 foi um gesto incr\u00edvel. Esse pa\u00eds lindo e sua energia s\u00e3o partes profundamente significantes da minha pr\u00f3pria hist\u00f3ria. Eu ganhei meu primeiro campeonato mundial aqui. A corrida do ano passado aqui foi uma das melhores da minha vida inteira! Meu her\u00f3i \u00e9 daqui&#8221;, disse Hamilton.<\/p>\n\n\n\n<p class=\"wp-block-paragraph\"><strong>\u25b6\ufe0f\u00a0Inscreva-se nos dois canais do GRANDE PR\u00caMIO no YouTube:\u00a0<a href=\"https:\/\/www.youtube.com\/channel\/UC9OlHEgxoaY6QY6nWPoiqQg?sub_confirmation=1\" target=\"_blank\" rel=\"noreferrer noopener\">GP<\/a>\u00a0|\u00a0<a href=\"https:\/\/www.youtube.com\/channel\/UC9csiS6q_C3C0FYhyr1rnFA?sub_confirmation=1\" target=\"_blank\" rel=\"noreferrer noopener\">GP2<\/a><\/strong><br><strong>\u25b6\ufe0f\u00a0<a href=\"https:\/\/www.twitch.tv\/grandepremio\" target=\"_blank\" rel=\"noreferrer noopener\">Conhe\u00e7a o canal do GRANDE PR\u00caMIO na Twitch clicando aqui!<\/a><\/strong><\/p>\n\n\n\n<figure class=\"wp-block-image size-large\"><img decoding=\"async\" src=\"https:\/\/www.grandepremio.com\/br\/wp-content\/uploads\/2022\/11\/Snapinsta.app_1080_314461517_1695715030814053_1070962183354175572_n-864x1024.jpg\" alt=\"\" class=\"wp-image-630972\"\/><figcaption>Lewis Hamilton agradeceu o t\u00edtulo de cidad\u00e3o honor\u00e1rio do Brasil nas redes sociais (Foto: Reprodu\u00e7\u00e3o\/Instagram)<\/figcaption><\/figure>\n\n\n\n<p class=\"wp-block-paragraph\">&#8220;E al\u00e9m do automobilismo, s\u00e3o as pessoas daqui o que mais importa pra mim. Pessoas que s\u00e3o o motivo pelo qual sempre senti amor aqui. Espero que todos voc\u00eas sintam o amor que eu estou mandando de volta pra voc\u00eas. Do fundo do meu cora\u00e7\u00e3o, Brasil, obrigado obrigado e obrigado&#8221;, agradeceu o heptacampe\u00e3o.<\/p>\n\n\n\n<p class=\"wp-block-paragraph\">O piloto da <strong>Mercedes<\/strong> vai em busca de sua primeira vit\u00f3ria em 2022. A\u00a0<a href=\"https:\/\/www.grandepremio.com\/formula-1\/\" target=\"_blank\" rel=\"noreferrer noopener\">F\u00f3rmula 1<\/a>\u00a0continua neste fim de semana, entre os dias 11 e 13 de novembro, com o GP de S\u00e3o Paulo, etapa brasileira, direto de\u00a0<a href=\"https:\/\/www.grandepremio.com\/br\/circuito\/interlagos\/\" target=\"_blank\" rel=\"noreferrer noopener\">Interlagos<\/a>. O\u00a0<strong>GRANDE PR\u00caMIO<\/strong>\u00a0acompanha tudo\u00a0<strong>\u2018IN LOCO\u2019<\/strong>\u00a0com equipe cheia.<\/p>\n\n\n\n<p class=\"wp-block-paragraph\"><strong>Hamilton cidad\u00e3o brasileiro<\/strong><\/p>\n\n\n\n<p class=\"wp-block-paragraph\">Lewis Hamilton esteve na C\u00e2mara dos Deputados, em Bras\u00edlia, para receber o t\u00edtulo de Cidad\u00e3o Honor\u00e1rio do Brasil, nesta segunda-feira (7). O t\u00edtulo foi concedido ao heptacampe\u00e3o mundial pelo gesto de empunhar a bandeira brasileira ap\u00f3s a vit\u00f3ria no GP de S\u00e3o Paulo de 2021, emulando o tricampe\u00e3o mundial Ayrton Senna.<\/p>\n\n\n\n<p class=\"wp-block-paragraph\">Hamilton chegou em Bras\u00edlia e recebeu o t\u00edtulo e a medalha de m\u00e9rito legislativo das m\u00e3os de Arthur Lira (Progressistas\/AL), presidente da C\u00e2mara dos Deputados. O heptacampe\u00e3o, que disputa o GP de S\u00e3o Paulo com a Mercedes no pr\u00f3ximo fim de semana, falou sobre o t\u00edtulo.<\/p>\n\n\n\n<p class=\"wp-block-paragraph\">\u201cMuito obrigado pela recep\u00e7\u00e3o maravilhosa. Estou maravilhado com o amor e carinho que voc\u00eas me mostraram ao longos dos \u00faltimos anos. N\u00e3o sabia o que esperar hoje, mas ver todos voc\u00eas aqui me deu uma energia grande demais. Agrade\u00e7o a todos, do fundo do meu cora\u00e7\u00e3o. \u00c9 uma grande honra aceitar e receber essa honraria. Agora, finalmente, posso dizer que eu sou um de voc\u00eas. Amo o Brasil, sempre amei. Tenho muitas mem\u00f3rias incr\u00edveis mesmo de antes de vir pela primeira vez. Mas sabendo de tudo que vivi aqui desde vi pela primeira vez, em 2007, e especialmente o que aconteceu no ano passado foi incr\u00edvel\u201d, disse.<\/p>\n\n\n\n<p class=\"wp-block-paragraph\">Hamilton, quinto colocado no campeonato de 2022 e ainda sem vencer na temporada, j\u00e1 tinha faturado a etapa brasileira da F\u00f3rmula 1 em outras oportunidades, em 2016 e 2018, mas nenhuma t\u00e3o dram\u00e1tica quanto em 2021, quando saiu de \u00faltimo na sprint race e de d\u00e9cimo na prova principal. O ingl\u00eas comentou sobre a rela\u00e7\u00e3o de idolatria com Senna e a longa identifica\u00e7\u00e3o com o Brasil.<\/p>\n\n\n\n<p class=\"wp-block-paragraph\">\u201cQuero dedicar essa honra a Ayrton Senna, fam\u00edlia dele, amigos e f\u00e3s. Quando assisti Ayrton pela primeira vez, tinha cinco anos de idade e sabia que queria ser um campe\u00e3o mundial como ele. A\u00ed, passei a saber sobre o Brasil e jogar FIFA com a sele\u00e7\u00e3o do Brasil. Quero muito passar mais tempo aqui, conhecer mais lugares, como a floresta amaz\u00f4nica e lugares lindos. Como um homem preto no Brasil, temos tanta coisa ainda a melhorar em nosso esporte. Estou comprometido a mudar muita coisa e, quando estou no Brasil, vejo tanta gente, de tantas vertentes, lutando pelo que eu acredito. Quando eu era mais novo, e dizia que queria ser um piloto como Ayrton, muita gente me dizia que era imposs\u00edvel. Espero que hoje seja mais uma demonstra\u00e7\u00e3o de que se voc\u00ea trabalhar e acreditar no seu sonho, nada \u00e9 imposs\u00edvel. Quero que seja um recado \u00e0 juventude: sempre acreditem. Agora, me considero um de voc\u00eas. Obrigado, Brasil, eu amo voc\u00eas\u201d, finalizou.<\/p>\n","protected":false},"excerpt":{"rendered":"<p>Em post em sua conta no Instagram, Lewis Hamilton celebrou a honraria recebida ao se tornar cidad\u00e3o honor\u00e1rio brasileiro e destacou a import\u00e2ncia dos cidad\u00e3os do pa\u00eds em sua trajet\u00f3ria<\/p>\n","protected":false},"author":0,"featured_media":1000630704,"comment_status":"closed","ping_status":"closed","sticky":false,"template":"","format":"standard","meta":{"42wp_featured_image_caption":"","42wp_featured_image_credits":"","42wp_featured_video":"","42wp_featured_image_hidden":false,"42wp_authors_list":[],"footnotes":""},"categories":[2],"tags":[783,147,1357,180,26841,26680,30282,1491,87],"42wp_author":[47144],"class_list":["post-107478","post","type-post","status-publish","format-standard","has-post-thumbnail","hentry","category-f1","tag-brasil","tag-f1","tag-f1-2022","tag-formula-1","tag-formula-1-2022","tag-gp-de-sao-paulo","tag-gp-de-sao-paulo-2022","tag-grande-premio","tag-lewis-hamilton","42wp_author-andre-netto"],"_links":{"self":[{"href":"https:\/\/grandepremio.com\/br\/wp-json\/wp\/v2\/posts\/107478","targetHints":{"allow":["GET"]}}],"collection":[{"href":"https:\/\/grandepremio.com\/br\/wp-json\/wp\/v2\/posts"}],"about":[{"href":"https:\/\/grandepremio.com\/br\/wp-json\/wp\/v2\/types\/post"}],"replies":[{"embeddable":true,"href":"https:\/\/grandepremio.com\/br\/wp-json\/wp\/v2\/comments?post=107478"}],"version-history":[{"count":0,"href":"https:\/\/grandepremio.com\/br\/wp-json\/wp\/v2\/posts\/107478\/revisions"}],"wp:featuredmedia":[{"embeddable":true,"href":"https:\/\/grandepremio.com\/br\/wp-json\/wp\/v2\/media\/1000630704"}],"wp:attachment":[{"href":"https:\/\/grandepremio.com\/br\/wp-json\/wp\/v2\/media?parent=107478"}],"wp:term":[{"taxonomy":"category","embeddable":true,"href":"https:\/\/grandepremio.com\/br\/wp-json\/wp\/v2\/categories?post=107478"},{"taxonomy":"post_tag","embeddable":true,"href":"https:\/\/grandepremio.com\/br\/wp-json\/wp\/v2\/tags?post=107478"},{"taxonomy":"42wp_author","embeddable":true,"href":"https:\/\/grandepremio.com\/br\/wp-json\/wp\/v2\/42wp_author?post=107478"}],"curies":[{"name":"wp","href":"https:\/\/api.w.org\/{rel}","templated":true}]}}