{"id":107486,"date":"2022-11-08T10:35:22","date_gmt":"2022-11-08T13:35:22","guid":{"rendered":"https:\/\/grandepremio.com\/br\/noticias\/sergio-perez-revela-capacete-pantera-negra-gp-sao-paulo-formula-1-2022\/"},"modified":"2022-11-08T10:37:32","modified_gmt":"2022-11-08T13:37:32","slug":"sergio-perez-revela-capacete-pantera-negra-gp-sao-paulo-formula-1-2022","status":"publish","type":"post","link":"https:\/\/grandepremio.com\/br\/f1\/sergio-perez-revela-capacete-pantera-negra-gp-sao-paulo-formula-1-2022\/","title":{"rendered":"P\u00e9rez revela capacete &#8216;Pantera Negra&#8217; para GP de S\u00e3o Paulo de F\u00f3rmula 1 2022"},"content":{"rendered":"\n<p class=\"wp-block-paragraph\">&#8216;Pantera Negra&#8217; foi um marco por se tratar do primeiro filme estrelado por um super-her\u00f3i preto e faturou mais de US$ 1,3 bilh\u00e3o (cerca de R$ 6,7 bilh\u00f5es, na cota\u00e7\u00e3o atual) em bilheterias pelo mundo. Neste fim de semana, a sequ\u00eancia &#8216;Wakanda Forever&#8217; estrear\u00e1 nos cinemas \u2014 e<strong> Sergio P\u00e9rez<\/strong>, como parte de uma a\u00e7\u00e3o promocional da pel\u00edcula, ir\u00e1 usar um capacete especial no <strong>GP de S\u00e3o Paulo<\/strong>.<\/p>\n\n\n\n<p class=\"wp-block-paragraph\"><strong>\u25b6\ufe0f\u00a0Inscreva-se nos dois canais do GRANDE PR\u00caMIO no YouTube:\u00a0<a href=\"https:\/\/www.youtube.com\/channel\/UC9OlHEgxoaY6QY6nWPoiqQg?sub_confirmation=1\" target=\"_blank\" rel=\"noreferrer noopener\">GP<\/a>\u00a0|\u00a0<a href=\"https:\/\/www.youtube.com\/channel\/UC9csiS6q_C3C0FYhyr1rnFA?sub_confirmation=1\" target=\"_blank\" rel=\"noreferrer noopener\">GP2<\/a><\/strong><br><strong>\u25b6\ufe0f\u00a0<a href=\"https:\/\/www.twitch.tv\/grandepremio\" target=\"_blank\" rel=\"noreferrer noopener\">Conhe\u00e7a o canal do GRANDE PR\u00caMIO na Twitch clicando aqui!<\/a><\/strong><\/p>\n\n\n\n<p class=\"wp-block-paragraph\">O casco a ser utilizado pelo piloto mexicano da <strong>Red Bull<\/strong> no <strong>Aut\u00f3dromo de Interlagos<\/strong> tem a cor cinza, em tom fosco, com o s\u00edmbolo do rei T\u2019Challa de Wakanda ao centro.<\/p>\n\n\n\n<p class=\"wp-block-paragraph\">&#8220;Meu capacete para a pr\u00f3xima corrida. O que acharam? Espero que a gente consiga ser t\u00e3o r\u00e1pido quanto o Pantera Negra&#8221;, disse &#8216;Checo&#8217; P\u00e9rez ao apresentar o casco. <\/p>\n\n\n\n<figure class=\"wp-block-image size-large\"><img decoding=\"async\" src=\"https:\/\/www.grandepremio.com\/br\/wp-content\/uploads\/2022\/11\/FhAJ8kdVQAAnN6m-1024x682.jpg\" alt=\"\" class=\"wp-image-630794\"\/><figcaption>Mais detalhes do casco de P\u00e9rez (Foto: Reprodu\u00e7\u00e3o\/Twitter)<\/figcaption><\/figure>\n\n\n\n<p class=\"wp-block-paragraph\">A <strong>F\u00f3rmula 1<\/strong> j\u00e1 tem certa liga\u00e7\u00e3o com o super-her\u00f3i. A pole-position de n\u00famero 93 da carreira de <strong>Lewis Hamilton<\/strong>, conquistada no dia 29 de agosto de 2020 em <strong>Spa-Francorchamps<\/strong>, <a href=\"https:\/\/www.grandepremio.com\/br\/f1\/noticias\/wakanda-forever-hamilton-dedica-pole-na-belgica-a-ator-chadwick-boseman\/\" class=\"ek-link\">foi dedicada<\/a> ao ator Chadwick Boseman \u2014 protagonista de &#8216;Pantera Negra&#8217;.<\/p>\n\n\n\n<p class=\"wp-block-paragraph\">Na sexta-feira anterior \u00e0 disputa na <strong>B\u00e9lgica<\/strong>, Boseman morreu aos 43 anos, v\u00edtima de um c\u00e2ncer no c\u00f3lon. Diagnosticado em est\u00e1gio tr\u00eas em 2016, o ator trouxe alguns de seus mais ic\u00f4nicos papeis j\u00e1 sofrendo com a doen\u00e7a \u2014 entre sess\u00f5es de quimioterapia e cirurgias, como destacou a fam\u00edlia dele ap\u00f3s a morte. A doen\u00e7a evoluiu para o est\u00e1gio quatro \u2014 tudo isso sem o p\u00fablico saber. <\/p>\n\n\n\n<p class=\"wp-block-paragraph\">&#8220;Essa foi para Chadwick Boseman. Descanse em paz, cara&#8221;, foi a primeira coisa que Hamilton disse, ainda no cockpit, ap\u00f3s conquistar a pole na B\u00e9lgica. O choque pela morte era real. Quando saiu do volante, na \u00e1rea reservada, o piloto da Mercedes subiu no carro e fez o gesto que caracteriza o cumprimento entre wakandanos \u2014 de Wakanda, pa\u00eds fict\u00edcio de onde vem o Pantera Negra. Com os bra\u00e7os cruzados em \u2018x\u2019 na altura do peito, n\u00e3o precisou dizer as palavras, mas todos sabiam o que o heptacampe\u00e3o queria dizer: Wakanda Forever.<\/p>\n\n\n\n<figure class=\"wp-block-image size-large\"><img decoding=\"async\" src=\"https:\/\/www.grandepremio.com\/br\/wp-content\/uploads\/2020\/08\/mercedes-lewishamilton-01-8-1024x678.jpg\" alt=\"\" class=\"wp-image-412943\"\/><figcaption>Lewis Hamilton e a homenagem ao Pantera Negra (Foto: Mercedes)<\/figcaption><\/figure>\n\n\n\n<p class=\"wp-block-paragraph\">Na entrevista p\u00f3s-treino, Hamilton falou ainda um pouco mais. &#8220;Acordei com a triste not\u00edcia da morte de Chadwick. \u00c9 uma not\u00edcia que realmente me quebrou. Ele era dono de uma luz que brilhava muito forte. Wakanda Forever. S\u00f3 queria vir aqui hoje e guiar com perfei\u00e7\u00e3o&#8221;, disse.<\/p>\n\n\n\n<p class=\"wp-block-paragraph\">A\u00a0F\u00f3rmula 1\u00a0continua neste fim de semana, entre os dias 11 e 13 de novembro, com o GP de S\u00e3o Paulo \u2014 etapa brasileira do calend\u00e1rio, em\u00a0Interlagos. O\u00a0<strong>GRANDE PR\u00caMIO<\/strong>\u00a0acompanha tudo\u00a0<strong>\u2018IN LOCO\u2019<\/strong>\u00a0com equipe cheia.<\/p>\n","protected":false},"excerpt":{"rendered":"<p>Como parte de uma a\u00e7\u00e3o promocional do novo filme do super-her\u00f3i, piloto da Red Bull ir\u00e1 utilizar casco especial para a corrida em Interlagos<\/p>\n","protected":false},"author":0,"featured_media":1000630793,"comment_status":"closed","ping_status":"closed","sticky":false,"template":"","format":"standard","meta":{"42wp_featured_image_caption":"","42wp_featured_image_credits":"","42wp_featured_video":"","42wp_featured_image_hidden":false,"42wp_authors_list":[],"footnotes":""},"categories":[2],"tags":[1893,147,1357,180,26841,1491,28285,27382,3132],"42wp_author":[47143],"class_list":["post-107486","post","type-post","status-publish","format-standard","has-post-thumbnail","hentry","category-f1","tag-checo","tag-f1","tag-f1-2022","tag-formula-1","tag-formula-1-2022","tag-grande-premio","tag-grandepremio","tag-perez","tag-sergio-perez","42wp_author-felipe-leite"],"_links":{"self":[{"href":"https:\/\/grandepremio.com\/br\/wp-json\/wp\/v2\/posts\/107486","targetHints":{"allow":["GET"]}}],"collection":[{"href":"https:\/\/grandepremio.com\/br\/wp-json\/wp\/v2\/posts"}],"about":[{"href":"https:\/\/grandepremio.com\/br\/wp-json\/wp\/v2\/types\/post"}],"replies":[{"embeddable":true,"href":"https:\/\/grandepremio.com\/br\/wp-json\/wp\/v2\/comments?post=107486"}],"version-history":[{"count":0,"href":"https:\/\/grandepremio.com\/br\/wp-json\/wp\/v2\/posts\/107486\/revisions"}],"wp:featuredmedia":[{"embeddable":true,"href":"https:\/\/grandepremio.com\/br\/wp-json\/wp\/v2\/media\/1000630793"}],"wp:attachment":[{"href":"https:\/\/grandepremio.com\/br\/wp-json\/wp\/v2\/media?parent=107486"}],"wp:term":[{"taxonomy":"category","embeddable":true,"href":"https:\/\/grandepremio.com\/br\/wp-json\/wp\/v2\/categories?post=107486"},{"taxonomy":"post_tag","embeddable":true,"href":"https:\/\/grandepremio.com\/br\/wp-json\/wp\/v2\/tags?post=107486"},{"taxonomy":"42wp_author","embeddable":true,"href":"https:\/\/grandepremio.com\/br\/wp-json\/wp\/v2\/42wp_author?post=107486"}],"curies":[{"name":"wp","href":"https:\/\/api.w.org\/{rel}","templated":true}]}}