{"id":107526,"date":"2022-11-06T11:41:32","date_gmt":"2022-11-06T14:41:32","guid":{"rendered":"https:\/\/grandepremio.com\/br\/noticias\/red-bull-construcao-tunel-vento-ultima-cartada-dietrich-mateschitz\/"},"modified":"2022-11-06T15:38:46","modified_gmt":"2022-11-06T18:38:46","slug":"red-bull-construcao-tunel-vento-ultima-cartada-dietrich-mateschitz","status":"publish","type":"post","link":"https:\/\/grandepremio.com\/br\/f1\/red-bull-construcao-tunel-vento-ultima-cartada-dietrich-mateschitz\/","title":{"rendered":"Red Bull prepara constru\u00e7\u00e3o de t\u00fanel de vento como \u00faltima cartada de Mateschitz"},"content":{"rendered":"\n<p class=\"wp-block-paragraph\">A <strong>Red Bull <\/strong>j\u00e1 planeja construir um novo t\u00fanel de vento h\u00e1 algum tempo em sua sede em Milton Keynes, na Inglaterra, e a conclus\u00e3o do plano est\u00e1 mais pr\u00f3xima do que nunca. Uma das \u00faltimas canetadas de <strong>Dietrich Mateschitz<\/strong>, fundador da empresa austr\u00edaca de energ\u00e9ticos, foi justamente a aprova\u00e7\u00e3o do projeto \u2014 que tem at\u00e9 dois anos para ser conclu\u00eddo. O dirigente faleceu na \u00faltima semana.<\/p>\n\n\n\n<p class=\"wp-block-paragraph\">O t\u00fanel de vento da equipe ainda \u00e9 o mesmo utilizado pela <strong>Arrows <\/strong>na <strong>F\u00f3rmula 1<\/strong>, comprado pela Red Bull quando os taurinos absorveram as opera\u00e7\u00f5es da <strong>Jaguar <\/strong>em 2004. A instala\u00e7\u00e3o, devido \u00e0 idade, possui algumas limita\u00e7\u00f5es \u2014 principalmente no que diz respeito ao controle de temperatura \u2014 e ser\u00e1 substitu\u00edda pelo time austr\u00edaco at\u00e9 2024.<\/p>\n\n\n\n<p class=\"wp-block-paragraph\"><strong>\u25b6\ufe0f&nbsp;<a href=\"https:\/\/www.twitch.tv\/grandepremio\" target=\"_blank\" rel=\"noreferrer noopener\">Conhe\u00e7a o canal do GRANDE PR\u00caMIO na Twitch clicando aqui!<\/a><\/strong><\/p>\n\n\n\n<figure class=\"wp-block-image size-full\"><img decoding=\"async\" src=\"https:\/\/www.grandepremio.com\/br\/wp-content\/uploads\/2017\/01\/201511251339677_GEPA_full_7129_GEPA-20061581171_DMa.jpg\" alt=\"\" class=\"wp-image-198599\"\/><figcaption>Dietrich Mateschitz deixou projeto de novo t\u00fanel de vento aprovado na Red Bull (Foto: Red Bull Content Pool)<\/figcaption><\/figure>\n\n\n\n<p class=\"wp-block-paragraph\"><strong>\u25b6\ufe0f&nbsp;Inscreva-se nos dois canais do GRANDE PR\u00caMIO no YouTube:&nbsp;<a href=\"https:\/\/www.youtube.com\/channel\/UC9OlHEgxoaY6QY6nWPoiqQg?sub_confirmation=1\" target=\"_blank\" rel=\"noreferrer noopener\">GP<\/a>&nbsp;|&nbsp;<a href=\"https:\/\/www.youtube.com\/channel\/UC9csiS6q_C3C0FYhyr1rnFA?sub_confirmation=1\" target=\"_blank\" rel=\"noreferrer noopener\">GP2<\/a><\/strong><\/p>\n\n\n\n<p class=\"wp-block-paragraph\">O respons\u00e1vel por confirmar a novidade foi o pr\u00f3prio chefe da Red Bull, <strong>Christian Horner<\/strong>, que destacou a import\u00e2ncia de ter um t\u00fanel de vento atualizado em uma \u00e9poca com t\u00e3o pouco tempo para testes \u2014 e uma redu\u00e7\u00e3o ainda maior prevista em 2023, <a aria-label=\"j\u00e1 que a equipe foi punida em 10% de seu tempo de desenvolvimento aerodin\u00e2mico (opens in a new tab)\" href=\"https:\/\/www.grandepremio.com\/br\/f1\/noticias\/fia-multa-red-bull-r-37-mi-reduz-testes-aerodinamicos-quebra-teto-gastos\/\" target=\"_blank\" rel=\"noreferrer noopener\" class=\"ek-link\">j\u00e1 que a equipe foi punida em <strong>10% <\/strong>de seu tempo de desenvolvimento aerodin\u00e2mico<\/a> ap\u00f3s estourar o limite do teto de gastos do ano passado.<\/p>\n\n\n\n<p class=\"wp-block-paragraph\">&#8220;Foi um dos compromissos que Dietrich [Mateschitz] fez ao neg\u00f3cio, investir em um novo t\u00fanel de vento&#8221;, confirmou Horner ao portal ingl\u00eas <em>The Race<\/em>. &#8220;Quando as novas regras de t\u00fanel de vento foram introduzidas, a efici\u00eancia do nosso t\u00fanel n\u00e3o p\u00f4de mais ser comparada \u00e0 dire\u00e7\u00e3o que as regras tomaram&#8221;, explicou.<\/p>\n\n\n\n<p class=\"wp-block-paragraph\">A&nbsp;<a href=\"https:\/\/www.grandepremio.com\/formula-1\/\" target=\"_blank\" rel=\"noreferrer noopener\"><\/a><a href=\"https:\/\/www.grandepremio.com\/formula-1\/\" target=\"_blank\" rel=\"noreferrer noopener\">F\u00f3rmula 1<\/a>&nbsp;continua no pr\u00f3ximo fim de semana, entre os dias 11 e 13 de novembro, com o GP de S\u00e3o Paulo, etapa brasileira, direto de&nbsp;<a href=\"https:\/\/www.grandepremio.com\/br\/circuito\/interlagos\/\" target=\"_blank\" rel=\"noreferrer noopener\">Interlagos<\/a>. O&nbsp;<strong>GRANDE PR\u00caMIO<\/strong>&nbsp;acompanha tudo&nbsp;<strong>\u2018IN LOCO\u2019<\/strong>&nbsp;com equipe cheia.<\/p>\n\n\n\n<figure class=\"wp-block-embed is-type-rich is-provider-spotify wp-block-embed-spotify wp-embed-aspect-21-9 wp-has-aspect-ratio\"><div class=\"wp-block-embed__wrapper\">\n<iframe title=\"Spotify Embed: Paddockast #171: Red Bull quebra maior hegemonia da hist\u00f3ria. \u00c9 nova era na F1?\" style=\"border-radius: 12px\" width=\"100%\" height=\"152\" frameborder=\"0\" allowfullscreen allow=\"autoplay; clipboard-write; encrypted-media; fullscreen; picture-in-picture\" loading=\"lazy\" src=\"https:\/\/open.spotify.com\/embed\/episode\/4M4b0NVh2zwkgpGqBiHrrr?go=1&amp;sp_cid=e46124eea03b8a44a11fb2bd27d4142f&amp;utm_source=oembed&amp;utm_medium=desktop&amp;nd=1\"><\/iframe>\n<\/div><\/figure>\n","protected":false},"excerpt":{"rendered":"<p>Falecido na \u00faltima semana, Dietrich Mateschitz \u2014 fundador e dono da Red Bull \u2014 deixou aprovado projeto de constru\u00e7\u00e3o de novo t\u00fanel de vento para equipe, que ter\u00e1 redu\u00e7\u00e3o de testes em 2023<\/p>\n","protected":false},"author":0,"featured_media":1000447208,"comment_status":"closed","ping_status":"closed","sticky":false,"template":"","format":"standard","meta":{"42wp_featured_image_caption":"","42wp_featured_image_credits":"","42wp_featured_video":"","42wp_featured_image_hidden":false,"42wp_authors_list":[],"footnotes":""},"categories":[2],"tags":[12603,3764,147,1357,180,29827,1491,30103,28285,17551,204],"42wp_author":[47142],"class_list":["post-107526","post","type-post","status-publish","format-standard","has-post-thumbnail","hentry","category-f1","tag-autodromo-hermanos-rodriguez","tag-dietrich-mateschitz","tag-f1","tag-f1-2022","tag-formula-1","tag-gp-da-cidade-do-mexico","tag-grande-premio","tag-grande-premio-f1","tag-grandepremio","tag-mexico","tag-red-bull","42wp_author-jp-nascimento"],"_links":{"self":[{"href":"https:\/\/grandepremio.com\/br\/wp-json\/wp\/v2\/posts\/107526","targetHints":{"allow":["GET"]}}],"collection":[{"href":"https:\/\/grandepremio.com\/br\/wp-json\/wp\/v2\/posts"}],"about":[{"href":"https:\/\/grandepremio.com\/br\/wp-json\/wp\/v2\/types\/post"}],"replies":[{"embeddable":true,"href":"https:\/\/grandepremio.com\/br\/wp-json\/wp\/v2\/comments?post=107526"}],"version-history":[{"count":0,"href":"https:\/\/grandepremio.com\/br\/wp-json\/wp\/v2\/posts\/107526\/revisions"}],"wp:featuredmedia":[{"embeddable":true,"href":"https:\/\/grandepremio.com\/br\/wp-json\/wp\/v2\/media\/1000447208"}],"wp:attachment":[{"href":"https:\/\/grandepremio.com\/br\/wp-json\/wp\/v2\/media?parent=107526"}],"wp:term":[{"taxonomy":"category","embeddable":true,"href":"https:\/\/grandepremio.com\/br\/wp-json\/wp\/v2\/categories?post=107526"},{"taxonomy":"post_tag","embeddable":true,"href":"https:\/\/grandepremio.com\/br\/wp-json\/wp\/v2\/tags?post=107526"},{"taxonomy":"42wp_author","embeddable":true,"href":"https:\/\/grandepremio.com\/br\/wp-json\/wp\/v2\/42wp_author?post=107526"}],"curies":[{"name":"wp","href":"https:\/\/api.w.org\/{rel}","templated":true}]}}