{"id":107570,"date":"2022-11-04T13:03:31","date_gmt":"2022-11-04T16:03:31","guid":{"rendered":"https:\/\/grandepremio.com\/br\/noticias\/sergio-sette-camara-oferta-equipe-grande-favoritas-formula-e-nio\/"},"modified":"2022-11-05T13:35:17","modified_gmt":"2022-11-05T16:35:17","slug":"sergio-sette-camara-oferta-equipe-grande-favoritas-formula-e-nio","status":"publish","type":"post","link":"https:\/\/grandepremio.com\/br\/formula-e\/sergio-sette-camara-oferta-equipe-grande-favoritas-formula-e-nio\/","title":{"rendered":"Sette C\u00e2mara revela oferta de equipe &#8220;grande e uma das favoritas&#8221; da FE ap\u00f3s fechar com NIO"},"content":{"rendered":"\n<p class=\"wp-block-paragraph\">De contrato assinado para a defender a <strong>NIO <\/strong>a partir de 2023 na<strong> F\u00f3rmula E<\/strong>, <strong>S\u00e9rgio Sette C\u00e2mara <\/strong>revelou que foi procurado por uma das &#8220;favoritas&#8221; do grid no ano que vem. Em entrevista exclusiva concedida ao <strong>GRANDE PR\u00caMIO<\/strong>, o brasileiro destacou que a aproxima\u00e7\u00e3o aconteceu depois de ter firmado v\u00ednculo com o time chin\u00eas, o que impediu o avan\u00e7o das negocia\u00e7\u00f5es entre as partes.<\/p>\n\n\n\n<p class=\"wp-block-paragraph\">&#8220;Eu assinei com a NIO, e tr\u00eas semanas depois veio uma equipe muito grande do campeonato, que deve ser uma das favoritas no ano que vem, e me contactou querendo [me contratar] de qualquer jeito&#8221;, revelou Sette C\u00e2mara. &#8220;Mas n\u00e3o foi poss\u00edvel fazer a mudan\u00e7a, eu j\u00e1 estava comprometido com a NIO. O que eu busco \u00e9 estar uma posi\u00e7\u00e3o de ter um carro r\u00e1pido e brigar por vit\u00f3rias aonde for&#8221;, afirmou.<\/p>\n\n\n\n<p class=\"wp-block-paragraph\">Sette C\u00e2mara foi anunciado pela NIO <a href=\"https:\/\/www.grandepremio.com\/br\/formula-e\/noticias\/sergio-sette-camara-confirma-saida-dragon-junta-nio-temporada-2022-2023-fe\/\" target=\"_blank\" aria-label=\"no dia 14 de setembro (opens in a new tab)\" rel=\"noreferrer noopener\" class=\"ek-link\">no dia 14 de setembro<\/a>, em acordo que j\u00e1 havia sido encaminhado um m\u00eas antes. Naquele momento, <strong>McLaren <\/strong>e <strong>Maserati <\/strong>\u2014 que se preparam para incorporar as duas primeiras colocadas do Mundial de Construtores, Mercedes e Venturi, a partir do ano que vem \u2014 n\u00e3o tinham suas duplas de equipe definidas para 2023.<\/p>\n\n\n\n<p class=\"wp-block-paragraph\"><strong>\u25b6\ufe0f\u00a0<a href=\"https:\/\/www.twitch.tv\/grandepremio\" target=\"_blank\" rel=\"noreferrer noopener\">Conhe\u00e7a o canal do GRANDE PR\u00caMIO na Twitch clicando aqui!<\/a><\/strong><\/p>\n\n\n\n<figure class=\"wp-block-image size-large\"><img decoding=\"async\" src=\"https:\/\/www.grandepremio.com\/br\/wp-content\/uploads\/2022\/10\/SSC-1024x683.jpg\" alt=\"\" class=\"wp-image-620619\"\/><figcaption>Sette C\u00e2mara j\u00e1 participa dos primeiros testes com o carro Gen3 da NIO (Foto: NIO)<\/figcaption><\/figure>\n\n\n\n<p class=\"wp-block-paragraph\">A equipe inglesa, inclusive, ainda n\u00e3o tem \u2014 anunciou apenas <strong>Ren\u00e9 Rast<\/strong>. Vale lembrar que Sette C\u00e2mara j\u00e1 foi piloto de testes e desenvolvimento da <strong>F\u00f3rmula 1<\/strong> pela McLaren em 2019, e a equipe ficou a ver navios depois que <strong>Felix Rosenqvist <\/strong>deixou claro que preferia deixar a equipe para continuar correndo na <strong>Indy <\/strong>do que retornar \u00e0 F\u00f3rmula E.<\/p>\n\n\n\n<p class=\"wp-block-paragraph\">Por outro lado, a <strong>Maserati <\/strong>tinha as m\u00e3os atadas por um motivo diferente: ainda aguardava o desfecho da novela <strong>Nyck de Vries<\/strong> \u2014 o holand\u00eas j\u00e1 tinha um acordo para correr pela equipe no ano que vem, mas uma vaga de titular na F\u00f3rmula 1 tinha o poder de cancelar o plano. <a href=\"https:\/\/www.grandepremio.com\/br\/f1\/noticias\/alphatauri-encerra-novela-anuncia-nyck-de-vries-temporada-2023-formula-1\/\" target=\"_blank\" aria-label=\"Foi o que aconteceu (opens in a new tab)\" rel=\"noreferrer noopener\" class=\"ek-link\">Foi o que aconteceu<\/a>, com o holand\u00eas anunciado pela <strong>AlphaTauri <\/strong>em 7 de outubro.<\/p>\n\n\n\n<p class=\"wp-block-paragraph\">Assim, a Maserati <a href=\"https:\/\/www.grandepremio.com\/br\/formula-e\/noticias\/maserati-confirma-dupla-formula-e-anuncia-maximilian-gunther-edoardo-mortara\/\" target=\"_blank\" aria-label=\"s\u00f3 anunciou sua dupla titular nesta \u00faltima quinta-feira (3) (opens in a new tab)\" rel=\"noreferrer noopener\" class=\"ek-link\">s\u00f3 anunciou sua dupla titular nesta \u00faltima quinta-feira (3)<\/a>: <strong>Edoardo Mortara<\/strong>, que era dado como certo para mais uma temporada ap\u00f3s obter sucesso com a Venturi, e <strong>Maximilian G\u00fcnther<\/strong>, que deixou a Nissan ap\u00f3s uma Era Gen2 frustrante para a equipe japonesa.<\/p>\n\n\n\n<p class=\"wp-block-paragraph\">&#8220;Quem sabe, no futuro eu vou poder falar sobre isso&#8221;, disse Sette C\u00e2mara. &#8220;Tive de fazer um exerc\u00edcio de virar a chave. Pensei: &#8216;n\u00e3o vou ficar aqui lamentando que poderia ser a oportunidade da minha vida&#8217;. No fim das contas, n\u00e3o foi poss\u00edvel. Tem de virar a chave e come\u00e7ar a trabalhar para as coisas acontecerem&#8221;, salientou.<\/p>\n\n\n\n<figure class=\"wp-block-image size-large\"><img decoding=\"async\" src=\"https:\/\/www.grandepremio.com\/br\/wp-content\/uploads\/2022\/02\/5-EPS801_133636_W6I8371-compressed-1024x683.jpg\" alt=\"\" class=\"wp-image-538475\"\/><figcaption>O brasileiro fez a \u00faltima temporada pela Dragon e somou os \u00fanicos dois pontos da equipe (Foto: FIA F\u00f3rmula E)<\/figcaption><\/figure>\n\n\n\n<p class=\"wp-block-paragraph\"><strong>\u25b6\ufe0f\u00a0Inscreva-se nos dois canais do GRANDE PR\u00caMIO no YouTube:\u00a0<a href=\"https:\/\/www.youtube.com\/channel\/UC9OlHEgxoaY6QY6nWPoiqQg?sub_confirmation=1\" target=\"_blank\" rel=\"noreferrer noopener\">GP<\/a>\u00a0|\u00a0<a href=\"https:\/\/www.youtube.com\/channel\/UC9csiS6q_C3C0FYhyr1rnFA?sub_confirmation=1\" target=\"_blank\" rel=\"noreferrer noopener\">GP2<\/a><\/strong><\/p>\n\n\n\n<p class=\"wp-block-paragraph\"><strong>\u25b6\ufe0f&nbsp;Inscreva-se nos dois canais do GRANDE PR\u00caMIO no YouTube:&nbsp;<a href=\"https:\/\/www.youtube.com\/channel\/UC9OlHEgxoaY6QY6nWPoiqQg?sub_confirmation=1\" target=\"_blank\" rel=\"noreferrer noopener\">GP<\/a>&nbsp;|&nbsp;<a href=\"https:\/\/www.youtube.com\/channel\/UC9csiS6q_C3C0FYhyr1rnFA?sub_confirmation=1\" target=\"_blank\" rel=\"noreferrer noopener\">GP2<\/a><\/strong><\/p>\n\n\n\n<p class=\"wp-block-paragraph\">Questionado sobre a possibilidade de correr em outras categorias, Sette C\u00e2mara avaliou que poderia ser um passo interessante para o futuro. Na opini\u00e3o do piloto da NIO, o mais importante \u00e9 estar em um lugar no qual seja poss\u00edvel brigar por grandes resultados e a afirma\u00e7\u00e3o de seu nome. No entanto, admitiu que a vontade principal \u00e9 de se sobressair na F\u00f3rmula E.<\/p>\n\n\n\n<p class=\"wp-block-paragraph\">&#8220;Depois da F\u00f3rmula 1, acho que estar em uma equipe de ponta da F\u00f3rmula E \u00e9 muito interessante&#8221;, ressaltou o brasileiro. &#8220;Indy e WEC tamb\u00e9m s\u00e3o campeonatos interessantes. Tem o IMSA, mas a\u00ed voc\u00ea precisa passar muito tempo nos Estados Unidos, tira o seu foco de outros campeonatos. S\u00e3o campeonatos que, se eu tiver a oportunidade de brigar por t\u00edtulos, vit\u00f3rias, construir uma carreira de sucesso, \u00e9 l\u00f3gico que eu vou olhar com carinho&#8221;, admitiu.<\/p>\n\n\n\n<p class=\"wp-block-paragraph\">&#8220;Mas se puder ser feito na F\u00f3rmula E, eu vou dar prefer\u00eancia&#8221;, destacou. &#8220;Obviamente, descartei a F\u00f3rmula 1 dessa lista porque n\u00e3o \u00e9 onde meu foco precisa estar. Se falarem meu nome, quem sabe eu viro o foco&#8221;, completou.<\/p>\n\n\n\n<figure class=\"wp-block-embed is-type-video is-provider-youtube wp-block-embed-youtube wp-embed-aspect-16-9 wp-has-aspect-ratio\"><div class=\"wp-block-embed__wrapper\">\n<iframe loading=\"lazy\" title=\"SETTE C\u00c2MARA NA NIO: O QUE MUDA NA F\u00d3RMULA E?\" width=\"500\" height=\"281\" src=\"https:\/\/www.youtube.com\/embed\/-HKng0kZ-6c?start=29&amp;feature=oembed\" frameborder=\"0\" allow=\"accelerometer; autoplay; clipboard-write; encrypted-media; gyroscope; picture-in-picture; web-share\" referrerpolicy=\"strict-origin-when-cross-origin\" allowfullscreen><\/iframe>\n<\/div><figcaption>SETTE C\u00c2MARA NA NIO: O QUE MUDA NA F\u00d3RMULA E?<\/figcaption><\/figure>\n","protected":false},"excerpt":{"rendered":"<p>Ao GRANDE PR\u00caMIO, S\u00e9rgio Sette C\u00e2mara revelou que foi procurado por &#8220;uma das favoritas&#8221; da F\u00f3rmula E ap\u00f3s fechar contrato com a NIO e admitiu que pensa em correr em outras categorias do automobilismo \u2014 desde que tenha condi\u00e7\u00e3o de brigar por vit\u00f3rias<\/p>\n","protected":false},"author":0,"featured_media":1000614752,"comment_status":"closed","ping_status":"closed","sticky":false,"template":"","format":"standard","meta":{"42wp_featured_image_caption":"","42wp_featured_image_credits":"","42wp_featured_video":"","42wp_featured_image_hidden":false,"42wp_authors_list":[],"footnotes":""},"categories":[19],"tags":[379,27903,840,28327,1601,1491,30103,28285,8870,90,82,375,1025,660],"42wp_author":[47142],"class_list":["post-107570","post","type-post","status-publish","format-standard","has-post-thumbnail","hentry","category-formula-e","tag-fe","tag-fe-2022","tag-formula-e","tag-formula-e-2022","tag-gen3","tag-grande-premio","tag-grande-premio-f1","tag-grandepremio","tag-maserati","tag-mclaren","tag-mercedes","tag-nio","tag-sergio-sette-camara","tag-venturi","42wp_author-jp-nascimento"],"_links":{"self":[{"href":"https:\/\/grandepremio.com\/br\/wp-json\/wp\/v2\/posts\/107570","targetHints":{"allow":["GET"]}}],"collection":[{"href":"https:\/\/grandepremio.com\/br\/wp-json\/wp\/v2\/posts"}],"about":[{"href":"https:\/\/grandepremio.com\/br\/wp-json\/wp\/v2\/types\/post"}],"replies":[{"embeddable":true,"href":"https:\/\/grandepremio.com\/br\/wp-json\/wp\/v2\/comments?post=107570"}],"version-history":[{"count":0,"href":"https:\/\/grandepremio.com\/br\/wp-json\/wp\/v2\/posts\/107570\/revisions"}],"wp:featuredmedia":[{"embeddable":true,"href":"https:\/\/grandepremio.com\/br\/wp-json\/wp\/v2\/media\/1000614752"}],"wp:attachment":[{"href":"https:\/\/grandepremio.com\/br\/wp-json\/wp\/v2\/media?parent=107570"}],"wp:term":[{"taxonomy":"category","embeddable":true,"href":"https:\/\/grandepremio.com\/br\/wp-json\/wp\/v2\/categories?post=107570"},{"taxonomy":"post_tag","embeddable":true,"href":"https:\/\/grandepremio.com\/br\/wp-json\/wp\/v2\/tags?post=107570"},{"taxonomy":"42wp_author","embeddable":true,"href":"https:\/\/grandepremio.com\/br\/wp-json\/wp\/v2\/42wp_author?post=107570"}],"curies":[{"name":"wp","href":"https:\/\/api.w.org\/{rel}","templated":true}]}}