{"id":107577,"date":"2022-11-04T10:00:00","date_gmt":"2022-11-04T13:00:00","guid":{"rendered":"https:\/\/grandepremio.com\/br\/noticias\/por-que-mexico-escancarou-ma-fase-da-ferrari-formula-1-2022\/"},"modified":"2022-11-04T08:02:20","modified_gmt":"2022-11-04T11:02:20","slug":"por-que-mexico-escancarou-ma-fase-da-ferrari-formula-1-2022","status":"publish","type":"post","link":"https:\/\/grandepremio.com\/br\/f1\/por-que-mexico-escancarou-ma-fase-da-ferrari-formula-1-2022\/","title":{"rendered":"Por que M\u00e9xico escancarou a m\u00e1 fase da Ferrari na F1 2022?"},"content":{"rendered":"\n<p class=\"wp-block-paragraph\">A Ferrari teve muitas dificuldades no GP da Cidade do M\u00e9xico. Por conta da altitude, a F1-75 n\u00e3o conseguiu imprimir um bom ritmo e, por isso, viu a Mercedes ocupar \u2014 mesmo que provisoriamente \u2014 sua posi\u00e7\u00e3o na corrida, numa tentativa de parar Red Bull e Max Verstappen. <\/p>\n\n\n\n<p class=\"wp-block-paragraph\">Ap\u00f3s a prova, Charles Leclerc disse que n\u00e3o h\u00e1 como ter uma corrida pior que a do M\u00e9xico, com duas rodadas para o fim da F1 2022. Pensando na briga dos italianos pelo vice-campeonato nos Construtores&#8230; ser\u00e1 mesmo? \u00c9 o que Ana Paula Cerveira discute no v\u00eddeo de hoje. <\/p>\n\n\n\n<p class=\"wp-block-paragraph\"><strong>Assista ao v\u00eddeo!<\/strong><\/p>\n\n\n\n<figure class=\"wp-block-embed is-type-rich is-provider-incorporar-manipulador wp-block-embed-incorporar-manipulador wp-embed-aspect-16-9 wp-has-aspect-ratio\"><div class=\"wp-block-embed__wrapper\">\n<iframe loading=\"lazy\" title=\"POR QUE M\u00c9XICO ESCANCAROU A M\u00c1 FASE DA FERRARI NA F1 2022? | GP \u00c0S 10\" width=\"500\" height=\"281\" src=\"https:\/\/www.youtube.com\/embed\/YKitx8LOVN4?feature=oembed\" frameborder=\"0\" allow=\"accelerometer; autoplay; clipboard-write; encrypted-media; gyroscope; picture-in-picture; web-share\" referrerpolicy=\"strict-origin-when-cross-origin\" allowfullscreen><\/iframe>\n<\/div><\/figure>\n\n\n\n<p class=\"wp-block-paragraph\"><\/p>\n","protected":false},"excerpt":{"rendered":"<p>Charles Leclerc disse que n\u00e3o h\u00e1 como ter uma corrida pior que a do M\u00e9xico, com duas rodadas para o fim da F1 2022. Ser\u00e1 mesmo? <\/p>\n","protected":false},"author":0,"featured_media":1000629563,"comment_status":"closed","ping_status":"closed","sticky":false,"template":"","format":"standard","meta":{"42wp_featured_image_caption":"","42wp_featured_image_credits":"","42wp_featured_video":"","42wp_featured_image_hidden":false,"42wp_authors_list":[],"footnotes":""},"categories":[2],"tags":[147,1357,207,180,26841,30282,29971,502,1491,30103,28285],"42wp_author":[47139],"class_list":["post-107577","post","type-post","status-publish","format-standard","has-post-thumbnail","hentry","category-f1","tag-f1","tag-f1-2022","tag-ferrari","tag-formula-1","tag-formula-1-2022","tag-gp-de-sao-paulo-2022","tag-gp-de-sao-paulo-de-f1","tag-gp-do-brasil","tag-grande-premio","tag-grande-premio-f1","tag-grandepremio","42wp_author-ana-cerveira"],"_links":{"self":[{"href":"https:\/\/grandepremio.com\/br\/wp-json\/wp\/v2\/posts\/107577","targetHints":{"allow":["GET"]}}],"collection":[{"href":"https:\/\/grandepremio.com\/br\/wp-json\/wp\/v2\/posts"}],"about":[{"href":"https:\/\/grandepremio.com\/br\/wp-json\/wp\/v2\/types\/post"}],"replies":[{"embeddable":true,"href":"https:\/\/grandepremio.com\/br\/wp-json\/wp\/v2\/comments?post=107577"}],"version-history":[{"count":0,"href":"https:\/\/grandepremio.com\/br\/wp-json\/wp\/v2\/posts\/107577\/revisions"}],"wp:featuredmedia":[{"embeddable":true,"href":"https:\/\/grandepremio.com\/br\/wp-json\/wp\/v2\/media\/1000629563"}],"wp:attachment":[{"href":"https:\/\/grandepremio.com\/br\/wp-json\/wp\/v2\/media?parent=107577"}],"wp:term":[{"taxonomy":"category","embeddable":true,"href":"https:\/\/grandepremio.com\/br\/wp-json\/wp\/v2\/categories?post=107577"},{"taxonomy":"post_tag","embeddable":true,"href":"https:\/\/grandepremio.com\/br\/wp-json\/wp\/v2\/tags?post=107577"},{"taxonomy":"42wp_author","embeddable":true,"href":"https:\/\/grandepremio.com\/br\/wp-json\/wp\/v2\/42wp_author?post=107577"}],"curies":[{"name":"wp","href":"https:\/\/api.w.org\/{rel}","templated":true}]}}