{"id":107578,"date":"2022-11-04T09:14:51","date_gmt":"2022-11-04T12:14:51","guid":{"rendered":"https:\/\/grandepremio.com\/br\/noticias\/dennis-hauger-prema-mp-segunda-temporada-formula-2-2023\/"},"modified":"2022-11-04T11:22:18","modified_gmt":"2022-11-04T14:22:18","slug":"dennis-hauger-prema-mp-segunda-temporada-formula-2-2023","status":"publish","type":"post","link":"https:\/\/grandepremio.com\/br\/f2\/dennis-hauger-prema-mp-segunda-temporada-formula-2-2023\/","title":{"rendered":"Hauger troca Prema por MP para segunda temporada na F\u00f3rmula 2 em 2023"},"content":{"rendered":"\n<p class=\"wp-block-paragraph\">A <strong>MP <\/strong>anunciou nesta sexta-feira (4) que <strong>Dennis Hauger<\/strong>, piloto da <strong>Academia Red Bull<\/strong> que realiza sua primeira temporada na <strong>F\u00f3rmula 2<\/strong>, ser\u00e1 titular da equipe na categoria no ano que vem. O time holand\u00eas, que levou <strong>Felipe Drugovich <\/strong>ao t\u00edtulo deste ano, ainda conta com o franc\u00eas <strong>Cl\u00e9ment Novalak <\/strong>na atual temporada.<\/p>\n\n\n\n<p class=\"wp-block-paragraph\">O noruegu\u00eas, campe\u00e3o da<strong> F\u00f3rmula 3<\/strong> em <strong>2021<\/strong>, disputou seu primeiro ano na F2 pela <strong>Prema<\/strong>. Com 98 pontos conquistados na 11\u00aa posi\u00e7\u00e3o \u2014 restando uma etapa para definir o campeonato, em Abu Dhabi \u2014, o jovem de 19 anos tem sido amplamente superado pelo companheiro de equipe Jehan Daruvala \u2014 o quinto, com 126 tentos.<\/p>\n\n\n\n<p class=\"wp-block-paragraph\">Sua primeira experi\u00eancia com o carro da nova equipe ser\u00e1 logo ap\u00f3s o encerramento da temporada, em Yas Marina, nos tr\u00eas dias de testes que ser\u00e3o realizados ap\u00f3s a disputa da etapa de Abu Dhabi. Vale destacar que a MP ainda busca o t\u00edtulo de equipes, empatada em <strong>281 pontos <\/strong>com a <strong>ART <\/strong>antes das \u00faltimas corridas.<\/p>\n\n\n\n<p class=\"wp-block-paragraph\"><strong>\u25b6\ufe0f&nbsp;<a href=\"https:\/\/www.twitch.tv\/grandepremio\" target=\"_blank\" rel=\"noreferrer noopener\">Conhe\u00e7a o canal do GRANDE PR\u00caMIO na Twitch clicando aqui!<\/a><\/strong><\/p>\n\n\n\n<figure class=\"wp-block-image size-large\"><img decoding=\"async\" src=\"https:\/\/www.grandepremio.com\/br\/wp-content\/uploads\/2022\/07\/Hauger-1024x576.jpeg\" alt=\"\" class=\"wp-image-597344\"\/><figcaption>Dennis Hauger vai deixar a Prema para se juntar \u00e0 MP em 2023 (Foto: Reprodu\u00e7\u00e3o\/F2)<\/figcaption><\/figure>\n\n\n\n<p class=\"wp-block-paragraph\"><strong>\u25b6\ufe0f&nbsp;Inscreva-se nos dois canais do GRANDE PR\u00caMIO no YouTube:&nbsp;<a href=\"https:\/\/www.youtube.com\/channel\/UC9OlHEgxoaY6QY6nWPoiqQg?sub_confirmation=1\" target=\"_blank\" rel=\"noreferrer noopener\">GP<\/a>&nbsp;|&nbsp;<a href=\"https:\/\/www.youtube.com\/channel\/UC9csiS6q_C3C0FYhyr1rnFA?sub_confirmation=1\" target=\"_blank\" rel=\"noreferrer noopener\">GP2<\/a><\/strong><\/p>\n\n\n\n<p class=\"wp-block-paragraph\">&#8220;A MP foi a revela\u00e7\u00e3o do ano, consistentemente produzindo um grande carro para todas as etapas da temporada&#8221;, celebrou Hauger. &#8220;N\u00f3s reconhecemos isso, e \u00e9 uma not\u00edcia maravilhosa poder confirmar esse acordo. Estou ansioso para trabalhar com a equipe, come\u00e7ando nos testes de Abu Dhabi, os quais espero que sejam nosso ponto de partida para um 2023 de muito sucesso&#8221;, completou.<\/p>\n\n\n\n<p class=\"wp-block-paragraph\">Hauger vai encerrando sua primeira temporada na F2 com duas vit\u00f3rias, na corrida sprint de M\u00f4naco e na disputa principal de Baku. No ano passado, o noruegu\u00eas triunfou em sua segunda tentativa de t\u00edtulo na F\u00f3rmula 3 \u2014 e tamb\u00e9m logo ap\u00f3s trocar de equipe, deixando a Hitech e se juntando \u00e0 Prema.<\/p>\n\n\n\n<p class=\"wp-block-paragraph\">&#8220;O t\u00edtulo de 2021 da F\u00f3rmula 3 ainda est\u00e1 fresco em minha mente&#8221;, disse Sander Dorsman, chefe da MP. &#8220;Com o conhecimento e a experi\u00eancia que ele ganhou em sua primeira temporada na F2, estou certo de que ir\u00e1 traduzir isso em um ritmo consistente e mais resultados, como os produzidos em M\u00f4naco e Baku este ano&#8221;, finalizou.<\/p>\n\n\n\n<p class=\"wp-block-paragraph\">A F\u00f3rmula 2 encerra sua temporada em Abu Dhabi, simultaneamente \u00e0 F\u00f3rmula 1, entre os dias 17 e 19 de novembro.<\/p>\n","protected":false},"excerpt":{"rendered":"<p>Ap\u00f3s temporada de estreia na F\u00f3rmula 2 pela Prema, Dennis Hauger repete movimento que fez na F3 e assina com nova equipe para o segundo ano \u2014 a MP de Felipe Drugovich<\/p>\n","protected":false},"author":0,"featured_media":1000505801,"comment_status":"closed","ping_status":"closed","sticky":false,"template":"","format":"standard","meta":{"42wp_featured_image_caption":"","42wp_featured_image_credits":"","42wp_featured_video":"","42wp_featured_image_hidden":false,"42wp_authors_list":[],"footnotes":""},"categories":[9],"tags":[30561,25741,1581,111,29651,32048,1024,2208,2971,4606,1306,349,204,2018],"42wp_author":[47142],"class_list":["post-107578","post","type-post","status-publish","format-standard","has-post-thumbnail","hentry","category-f2","tag-academia-red-bull","tag-clement-novalak","tag-dennis-hauger","tag-f2","tag-f2-2022","tag-f2-2023","tag-felipe-drugovich","tag-formula-2","tag-jehan-daruvala","tag-mp","tag-mp-motorsport","tag-prema","tag-red-bull","tag-sprint-race","42wp_author-jp-nascimento"],"_links":{"self":[{"href":"https:\/\/grandepremio.com\/br\/wp-json\/wp\/v2\/posts\/107578","targetHints":{"allow":["GET"]}}],"collection":[{"href":"https:\/\/grandepremio.com\/br\/wp-json\/wp\/v2\/posts"}],"about":[{"href":"https:\/\/grandepremio.com\/br\/wp-json\/wp\/v2\/types\/post"}],"replies":[{"embeddable":true,"href":"https:\/\/grandepremio.com\/br\/wp-json\/wp\/v2\/comments?post=107578"}],"version-history":[{"count":0,"href":"https:\/\/grandepremio.com\/br\/wp-json\/wp\/v2\/posts\/107578\/revisions"}],"wp:featuredmedia":[{"embeddable":true,"href":"https:\/\/grandepremio.com\/br\/wp-json\/wp\/v2\/media\/1000505801"}],"wp:attachment":[{"href":"https:\/\/grandepremio.com\/br\/wp-json\/wp\/v2\/media?parent=107578"}],"wp:term":[{"taxonomy":"category","embeddable":true,"href":"https:\/\/grandepremio.com\/br\/wp-json\/wp\/v2\/categories?post=107578"},{"taxonomy":"post_tag","embeddable":true,"href":"https:\/\/grandepremio.com\/br\/wp-json\/wp\/v2\/tags?post=107578"},{"taxonomy":"42wp_author","embeddable":true,"href":"https:\/\/grandepremio.com\/br\/wp-json\/wp\/v2\/42wp_author?post=107578"}],"curies":[{"name":"wp","href":"https:\/\/api.w.org\/{rel}","templated":true}]}}