{"id":107580,"date":"2022-11-04T08:41:43","date_gmt":"2022-11-04T11:41:43","guid":{"rendered":"https:\/\/grandepremio.com\/br\/noticias\/mercedes-elogia-daniel-ricciardo-despista-contratacao-reserva-nao-decidimos\/"},"modified":"2022-11-04T08:43:57","modified_gmt":"2022-11-04T11:43:57","slug":"mercedes-elogia-daniel-ricciardo-despista-contratacao-reserva-nao-decidimos","status":"publish","type":"post","link":"https:\/\/grandepremio.com\/br\/f1\/mercedes-elogia-daniel-ricciardo-despista-contratacao-reserva-nao-decidimos\/","title":{"rendered":"Mercedes elogia Ricciardo, mas despista sobre contrata\u00e7\u00e3o como reserva: &#8220;N\u00e3o decidimos&#8221;"},"content":{"rendered":"\n<p class=\"wp-block-paragraph\"><strong>Daniel Ricciardo<\/strong> est\u00e1 conformado em ficar de fora do grid titular na temporada de 2023 da <strong>F\u00f3rmula 1<\/strong>. A \u00fanica vaga restante \u00e9 a da <strong>Haas<\/strong>, que parece n\u00e3o apetecer o australiano de 33 anos. Assim sendo, resta ou tirar um ano sab\u00e1tico da categoria, ou assumir o posto de reserva em alguma equipe. <\/p>\n\n\n\n<p class=\"wp-block-paragraph\"><strong>\u25b6\ufe0f\u00a0Inscreva-se nos dois canais do GRANDE PR\u00caMIO no YouTube:\u00a0<a href=\"https:\/\/www.youtube.com\/channel\/UC9OlHEgxoaY6QY6nWPoiqQg?sub_confirmation=1\" target=\"_blank\" rel=\"noreferrer noopener\">GP<\/a>\u00a0|\u00a0<a href=\"https:\/\/www.youtube.com\/channel\/UC9csiS6q_C3C0FYhyr1rnFA?sub_confirmation=1\" target=\"_blank\" rel=\"noreferrer noopener\">GP2<\/a><\/strong><br><strong>\u25b6\ufe0f\u00a0<a href=\"https:\/\/www.twitch.tv\/grandepremio\" target=\"_blank\" rel=\"noreferrer noopener\">Conhe\u00e7a o canal do GRANDE PR\u00caMIO na Twitch clicando aqui!<\/a><\/strong><\/p>\n\n\n\n<p class=\"wp-block-paragraph\">Mesmo n\u00e3o contr\u00e1rio \u00e0 primeira ideia \u2014 <a href=\"https:\/\/www.grandepremio.com\/br\/f1\/noticias\/daniel-ricciardo-2023-sabatico-voltar-f1-um-passo-atras-dois-frente\/\" class=\"ek-link\">inclusive enxergando-a com bons olhos<\/a> \u2014, Ricciardo se v\u00ea mais ligado \u00e0 segunda. Recentemente, rumores de que o piloto est\u00e1 em negocia\u00e7\u00f5es para virar reserva da <strong>Red Bull<\/strong> ou da <strong>Mercedes<\/strong> em 2023 vieram \u00e0 tona. <\/p>\n\n\n\n<p class=\"wp-block-paragraph\">Perguntado sobre a possibilidade, o chefe de equipe da Mercedes, <strong>Toto Wolff<\/strong>, despistou. &#8220;Acho que ele est\u00e1 conversando com alguns times sobre uma poss\u00edvel fun\u00e7\u00e3o. Penso que a Red Bull (\u00e9 uma dessas equipes)&#8221;, disse. <\/p>\n\n\n\n<figure class=\"wp-block-image size-large\"><img decoding=\"async\" src=\"https:\/\/www.grandepremio.com\/br\/wp-content\/uploads\/2022\/04\/M277694-1024x683.jpg\" alt=\"\" class=\"wp-image-559336\"\/><figcaption>Ricciardo na Mercedes? Toto Wolff despistou (Foto: Mercedes AMG-F1\/Steve Etherington)<\/figcaption><\/figure>\n\n\n\n<p class=\"wp-block-paragraph\">Para a equipe alem\u00e3, <a href=\"https:\/\/www.grandepremio.com\/br\/f1\/noticias\/george-russell-reclama-pneus-duros-mexico-adoraria-daniel-ricciardo-mercedes\/\" class=\"ek-link\">faria sentido trazer Ricciardo ao time.<\/a> A Mercedes se v\u00ea sem reserva e terceiro piloto no momento, j\u00e1 que <strong>Nyck de Vries<\/strong> acertou com a AlphaTauri e <strong>Stoffel Vandoorne<\/strong> rumou para a Aston Martin. Mesmo com a experi\u00eancia do australiano, algo requisitado no time, Wolff garantiu que n\u00e3o h\u00e1 nada de concreto. <\/p>\n\n\n\n<p class=\"wp-block-paragraph\">&#8220;Quanto a n\u00f3s, gostamos muito dele e \u00e9 uma \u00f3tima pessoa, mas n\u00e3o estamos ainda em posi\u00e7\u00e3o de decidir quem vai ser o nosso reserva e nosso terceiro piloto. Ele est\u00e1 na F1 h\u00e1 um bom tempo, conhece muito desses carros, ent\u00e3o pode realmente ser vantajoso. Mas n\u00e3o quero deixar nenhum rumor no ar, porque ainda n\u00e3o nos decidimos&#8221;, completou o chefe das Flechas de Prata. <\/p>\n\n\n\n<p class=\"wp-block-paragraph\">A\u00a0F\u00f3rmula 1\u00a0continua em duas semanas, entre os dias 11 e 13 de novembro, com o GP de S\u00e3o Paulo \u2014 etapa brasileira do calend\u00e1rio, em\u00a0Interlagos. O\u00a0<strong>GRANDE PR\u00caMIO<\/strong>\u00a0acompanha tudo\u00a0<strong>\u2018IN LOCO\u2019<\/strong>\u00a0com equipe cheia.<\/p>\n\n\n\n<figure class=\"wp-block-embed is-type-rich is-provider-spotify wp-block-embed-spotify wp-embed-aspect-21-9 wp-has-aspect-ratio\"><div class=\"wp-block-embed__wrapper\">\n<iframe title=\"Spotify Embed: Paddockast #172: Hamilton x Alonso: a volta da rivalidade mais quente da gera\u00e7\u00e3o\" style=\"border-radius: 12px\" width=\"100%\" height=\"152\" frameborder=\"0\" allowfullscreen allow=\"autoplay; clipboard-write; encrypted-media; fullscreen; picture-in-picture\" loading=\"lazy\" src=\"https:\/\/open.spotify.com\/embed\/episode\/5uNql6zNSx3WFcRuy9AC7b?utm_source=oembed\"><\/iframe>\n<\/div><\/figure>\n","protected":false},"excerpt":{"rendered":"<p>Chefe da equipe alem\u00e3, Toto Wolff elogiou experi\u00eancia e disse &#8220;gostar muito&#8221; do australiano, mas evitou falar em chegada do piloto como reserva para a F1 2023<\/p>\n","protected":false},"author":0,"featured_media":1000628426,"comment_status":"closed","ping_status":"closed","sticky":false,"template":"","format":"standard","meta":{"42wp_featured_image_caption":"","42wp_featured_image_credits":"","42wp_featured_video":"","42wp_featured_image_hidden":false,"42wp_authors_list":[],"footnotes":""},"categories":[2],"tags":[211,147,1357,180,26841,1491,28285,82,986,3118,150,1920],"42wp_author":[47143],"class_list":["post-107580","post","type-post","status-publish","format-standard","has-post-thumbnail","hentry","category-f1","tag-daniel-ricciardo","tag-f1","tag-f1-2022","tag-formula-1","tag-formula-1-2022","tag-grande-premio","tag-grandepremio","tag-mercedes","tag-reserva","tag-ricciardo","tag-toto-wolff","tag-wolff","42wp_author-felipe-leite"],"_links":{"self":[{"href":"https:\/\/grandepremio.com\/br\/wp-json\/wp\/v2\/posts\/107580","targetHints":{"allow":["GET"]}}],"collection":[{"href":"https:\/\/grandepremio.com\/br\/wp-json\/wp\/v2\/posts"}],"about":[{"href":"https:\/\/grandepremio.com\/br\/wp-json\/wp\/v2\/types\/post"}],"replies":[{"embeddable":true,"href":"https:\/\/grandepremio.com\/br\/wp-json\/wp\/v2\/comments?post=107580"}],"version-history":[{"count":0,"href":"https:\/\/grandepremio.com\/br\/wp-json\/wp\/v2\/posts\/107580\/revisions"}],"wp:featuredmedia":[{"embeddable":true,"href":"https:\/\/grandepremio.com\/br\/wp-json\/wp\/v2\/media\/1000628426"}],"wp:attachment":[{"href":"https:\/\/grandepremio.com\/br\/wp-json\/wp\/v2\/media?parent=107580"}],"wp:term":[{"taxonomy":"category","embeddable":true,"href":"https:\/\/grandepremio.com\/br\/wp-json\/wp\/v2\/categories?post=107580"},{"taxonomy":"post_tag","embeddable":true,"href":"https:\/\/grandepremio.com\/br\/wp-json\/wp\/v2\/tags?post=107580"},{"taxonomy":"42wp_author","embeddable":true,"href":"https:\/\/grandepremio.com\/br\/wp-json\/wp\/v2\/42wp_author?post=107580"}],"curies":[{"name":"wp","href":"https:\/\/api.w.org\/{rel}","templated":true}]}}