{"id":107591,"date":"2022-11-03T12:57:06","date_gmt":"2022-11-03T15:57:06","guid":{"rendered":"https:\/\/grandepremio.com\/br\/noticias\/indy-altera-nome-indy-nxt-divulga-calendario-2023\/"},"modified":"2022-11-03T12:58:27","modified_gmt":"2022-11-03T15:58:27","slug":"indy-altera-nome-indy-nxt-divulga-calendario-2023","status":"publish","type":"post","link":"https:\/\/grandepremio.com\/br\/indy\/indy-altera-nome-indy-nxt-divulga-calendario-2023\/","title":{"rendered":"Indy altera nome da Indy Lights para Indy NXT e divulga calend\u00e1rio de 2023"},"content":{"rendered":"\n<p class=\"wp-block-paragraph\">A<strong> Indy<\/strong> divulgou nesta quinta-feira (3) uma mudan\u00e7a no nome de sua principal categoria de base. A partir de 2023, a Indy Lights passar\u00e1 a se chamar <strong>Indy NXT<\/strong>, alus\u00e3o \u00e0 palavra next (pr\u00f3ximo, em portugu\u00eas) e que j\u00e1 \u00e9 uma marca da categoria de desenvolvimento do WWE. Al\u00e9m disso, a categoria contar\u00e1 com patroc\u00ednio da <strong>Firestone<\/strong>, que ser\u00e1 a nova fornecedora de pneus, substituindo a Cooper Tires.<\/p>\n\n\n\n<p class=\"wp-block-paragraph\">\u201cA Indy NXT by Firestone continuar\u00e1 a desenvolver e formar as novas gera\u00e7\u00f5es de pilotos para estarem prontos para se envolver em competi\u00e7\u00f5es de tirar o f\u00f4lego e de alto risco\u201d, disse o presidente da Indy, <strong>Jay Frye<\/strong>. \u201cA Firestone \u00e9 a parceira perfeita neste empreendimento, com sua tecnologia inovadora e aprecia\u00e7\u00e3o aut\u00eantica pela Indy NXT e seu vasto potencial\u201d, destacou Frye.<\/p>\n\n\n\n<p class=\"wp-block-paragraph\"><strong>\u25b6\ufe0f\u00a0<a href=\"https:\/\/www.twitch.tv\/grandepremio\" target=\"_blank\" rel=\"noreferrer noopener\">Conhe\u00e7a o canal do GRANDE PR\u00caMIO na Twitch clicando aqui!<\/a><\/strong><br><strong>\u25b6\ufe0f\u00a0Inscreva-se nos dois canais do GRANDE PR\u00caMIO no YouTube:\u00a0<a href=\"https:\/\/www.youtube.com\/channel\/UC9OlHEgxoaY6QY6nWPoiqQg?sub_confirmation=1\" target=\"_blank\" rel=\"noreferrer noopener\">GP<\/a>\u00a0|\u00a0<a href=\"https:\/\/www.youtube.com\/channel\/UC9csiS6q_C3C0FYhyr1rnFA?sub_confirmation=1\" target=\"_blank\" rel=\"noreferrer noopener\">GP2<\/a><\/strong><\/p>\n\n\n\n<figure class=\"wp-block-image size-large\"><img decoding=\"async\" src=\"https:\/\/www.grandepremio.com\/br\/wp-content\/uploads\/2022\/08\/Indy-Lights-at-World-Wide-Technology-Raceway-Saturday_-August-20_-2022_Large-Image-Without-Watermark_m68619-1024x683.jpg\" alt=\"\" class=\"wp-image-605239\"\/><figcaption>Calend\u00e1rio da Indy NXT em 2023 ser\u00e1 o mesmo da temporada anterior (Foto: IndyCar)<\/figcaption><\/figure>\n\n\n\n<p class=\"wp-block-paragraph\"><strong><a href=\"https:\/\/www.grandepremio.com\/br\/indy\/noticias\/tony-kanaan-assina-mclaren-disputa-500-milhas-indianapolis-22a-vez\/\" class=\"ek-link\">LEIA MAIS:<\/a> Kanaan assina com McLaren e disputa 500 Milhas de Indian\u00e1polis pela 22\u00aa vez<\/strong><\/p>\n\n\n\n<p class=\"wp-block-paragraph\">Criada em 1986 como American Racing Series e renomeada para Indy Lights em 1991, a categoria foi adquirida pela Penske Enterteinament em 2022, com mudan\u00e7as no sistema de pontua\u00e7\u00e3o e na quantidade de corridas. O <strong>calend\u00e1rio<\/strong> para 2023 foi mantido, com as mesmas 14 provas seguido a mesma sequ\u00eancia da temporada anterior. No total, ser\u00e3o duas corridas em ovais, quatro em circuitos de rua e oito em circuitos mistos<\/p>\n\n\n\n<p class=\"wp-block-paragraph\">A expectativa da categoria \u00e9 ter em torno de 20 carros em 2023, maior marca desde 2009. Na \u00faltima temporada, apenas 11 pilotos competiram em todas as etapas. A Indy n\u00e3o divulgou os valores dos pr\u00eamios em dinheiro para o pr\u00f3ximo ano. O atual campe\u00e3o, <strong>Linus Lundqvist<\/strong>, recebeu apenas US$ 500 mil (aproximadamente R$ 2,5 milh\u00f5es) neste ano, quando a expectativa era de US$ 1,2 milh\u00e3o (aproximadamente R$ 6,1 milh\u00f5es) para o grande vencedor.<\/p>\n\n\n\n<p class=\"wp-block-paragraph\"><strong>Indy NXT, Calend\u00e1rio 2023:<\/strong><\/p>\n\n\n\n<figure class=\"wp-block-table\"><table><tbody><tr><td><\/td><td>Local<\/td><td>Data<\/td><\/tr><tr><td>1<\/td><td>St. Pete<\/td><td>5 de mar\u00e7o<\/td><\/tr><tr><td>2<\/td><td>Alabama<\/td><td>30 de abril<\/td><\/tr><tr><td>3<\/td><td>Indian\u00e1polis (circuito misto)<\/td><td>12 de maio<\/td><\/tr><tr><td>4<\/td><td>Indian\u00e1polis (circuito misto)<\/td><td>13 de maio<\/td><\/tr><tr><td>5<\/td><td>Detroit<\/td><td>3 de junho<\/td><\/tr><tr><td>6<\/td><td>Detroit<\/td><td>4 de junho<\/td><\/tr><tr><td>7<\/td><td>Road America<\/td><td>18 de junho<\/td><\/tr><tr><td>8<\/td><td>Mid-Ohio<\/td><td>2 de julho<\/td><\/tr><tr><td>9<\/td><td>Iowa<\/td><td>22 de julho<\/td><\/tr><tr><td>10<\/td><td>Nashville<\/td><td>6 de agosto<\/td><\/tr><tr><td>11<\/td><td>Gateway<\/td><td>27 de agosto<\/td><\/tr><tr><td>12<\/td><td>Portland<\/td><td>3 de setembro<\/td><\/tr><tr><td>13<\/td><td>Laguna Seca<\/td><td>9 de setembro<\/td><\/tr><tr><td>14<\/td><td>Laguna Seca<\/td><td>10 de setembro<\/td><\/tr><\/tbody><\/table><\/figure>\n","protected":false},"excerpt":{"rendered":"<p>A Indy anunciou nesta quinta-feira (3) uma mudan\u00e7a de nome para sua principal categoria de base e revelou o calend\u00e1rio da Indy NXT de 2023 sem novidades<\/p>\n","protected":false},"author":0,"featured_media":1000584250,"comment_status":"closed","ping_status":"closed","sticky":false,"template":"","format":"standard","meta":{"42wp_featured_image_caption":"","42wp_featured_image_credits":"","42wp_featured_video":"","42wp_featured_image_hidden":false,"42wp_authors_list":[],"footnotes":""},"categories":[3],"tags":[6405,619,29062,1491,93,2209,330,32908,32909,94],"42wp_author":[47144],"class_list":["post-107591","post","type-post","status-publish","format-standard","has-post-thumbnail","hentry","category-indy","tag-firestone","tag-formula-indy","tag-formula-indy-2022","tag-grande-premio","tag-indy","tag-indy-2022","tag-indy-lights","tag-indy-nxt","tag-indy-nxt-2023","tag-indycar","42wp_author-andre-netto"],"_links":{"self":[{"href":"https:\/\/grandepremio.com\/br\/wp-json\/wp\/v2\/posts\/107591","targetHints":{"allow":["GET"]}}],"collection":[{"href":"https:\/\/grandepremio.com\/br\/wp-json\/wp\/v2\/posts"}],"about":[{"href":"https:\/\/grandepremio.com\/br\/wp-json\/wp\/v2\/types\/post"}],"replies":[{"embeddable":true,"href":"https:\/\/grandepremio.com\/br\/wp-json\/wp\/v2\/comments?post=107591"}],"version-history":[{"count":0,"href":"https:\/\/grandepremio.com\/br\/wp-json\/wp\/v2\/posts\/107591\/revisions"}],"wp:featuredmedia":[{"embeddable":true,"href":"https:\/\/grandepremio.com\/br\/wp-json\/wp\/v2\/media\/1000584250"}],"wp:attachment":[{"href":"https:\/\/grandepremio.com\/br\/wp-json\/wp\/v2\/media?parent=107591"}],"wp:term":[{"taxonomy":"category","embeddable":true,"href":"https:\/\/grandepremio.com\/br\/wp-json\/wp\/v2\/categories?post=107591"},{"taxonomy":"post_tag","embeddable":true,"href":"https:\/\/grandepremio.com\/br\/wp-json\/wp\/v2\/tags?post=107591"},{"taxonomy":"42wp_author","embeddable":true,"href":"https:\/\/grandepremio.com\/br\/wp-json\/wp\/v2\/42wp_author?post=107591"}],"curies":[{"name":"wp","href":"https:\/\/api.w.org\/{rel}","templated":true}]}}