{"id":107593,"date":"2022-11-03T12:01:50","date_gmt":"2022-11-03T15:01:50","guid":{"rendered":"https:\/\/grandepremio.com\/br\/noticias\/jack-doohan-sonha-alpine-futuro-formula-1-sinto-temos-potencial-incrivel\/"},"modified":"2022-11-03T12:07:50","modified_gmt":"2022-11-03T15:07:50","slug":"jack-doohan-sonha-alpine-futuro-formula-1-sinto-temos-potencial-incrivel","status":"publish","type":"post","link":"https:\/\/grandepremio.com\/br\/f1\/jack-doohan-sonha-alpine-futuro-formula-1-sinto-temos-potencial-incrivel\/","title":{"rendered":"Doohan sonha com Alpine em futuro na F1: &#8220;Sinto que temos um potencial incr\u00edvel&#8221;"},"content":{"rendered":"\n<p class=\"wp-block-paragraph\"><strong>Jack Doohan<\/strong> <a href=\"https:\/\/www.grandepremio.com\/br\/f1\/noticias\/jack-doohan-carro-alpine-estreia-f1-tl1-gp-da-cidade-do-mexico\/\" class=\"ek-link\">fez sua estreia na <strong>F\u00f3rmula 1<\/strong> no \u00faltimo fim de semana no primeiro treino livre do <strong>GP da Cidade do M\u00e9xico<\/strong><\/a>. O australiano assumiu o carro de <strong>Esteban Ocon<\/strong> e \u00e9 agora a nova joia da academia de pilotos da <strong>Alpine<\/strong> com a sa\u00edda de <strong>Oscar Piastri<\/strong>. Doohan tamb\u00e9m j\u00e1 realizou tr\u00eas testes privados com a equipe francesa e afirma que quer estar o mais preparado poss\u00edvel para quando surgir uma oportunidade na F1.<\/p>\n\n\n\n<p class=\"wp-block-paragraph\">\u201cEu estou apenas tentando me preparar o m\u00e1ximo poss\u00edvel e maximizar o que posso fazer \u2013 aprender o m\u00e1ximo com a equipe e tentar realmente me integrar ao time, para que, caso a oportunidade apare\u00e7a de entrar no carro ou me tornar como piloto titular, esteja mais do que pronto. \u00c9 isso que a Alpine est\u00e1 me ajudando a fazer e esse \u00e9 o plano&#8221;, disse Jack.<\/p>\n\n\n\n<p class=\"wp-block-paragraph\">\u201cSou parte do futuro deles, algo pelo qual sou muito grato. Este \u00e9 o plano: obviamente vencer a <strong>F\u00f3rmula 2<\/strong> no ano que vem e estar na melhor posi\u00e7\u00e3o poss\u00edvel para ver o que o futuro me reserva\u201d, afirmou o piloto da Virtuosi na F2, que ocupa atualmente a quarta coloca\u00e7\u00e3o no campeonato.<\/p>\n\n\n\n<p class=\"wp-block-paragraph\"><strong>\u25b6\ufe0f\u00a0<a href=\"https:\/\/www.twitch.tv\/grandepremio\" target=\"_blank\" rel=\"noreferrer noopener\">Conhe\u00e7a o canal do GRANDE PR\u00caMIO na Twitch clicando aqui!<\/a><\/strong><br><strong>\u25b6\ufe0f\u00a0Inscreva-se nos dois canais do GRANDE PR\u00caMIO no YouTube:\u00a0<a href=\"https:\/\/www.youtube.com\/channel\/UC9OlHEgxoaY6QY6nWPoiqQg?sub_confirmation=1\" target=\"_blank\" rel=\"noreferrer noopener\">GP<\/a>\u00a0|\u00a0<a href=\"https:\/\/www.youtube.com\/channel\/UC9csiS6q_C3C0FYhyr1rnFA?sub_confirmation=1\" target=\"_blank\" rel=\"noreferrer noopener\">GP2<\/a><\/strong><\/p>\n\n\n\n<figure class=\"wp-block-image size-full\"><img decoding=\"async\" src=\"https:\/\/www.grandepremio.com\/br\/wp-content\/uploads\/2020\/05\/Doohan-Jack.jpeg\" alt=\"\" class=\"wp-image-600167\"\/><figcaption>Jack Doohan vai em busca do t\u00edtulo da F\u00f3rmula 2 em 2023 (Foto: FIA F\u00f3rmula 2)<\/figcaption><\/figure>\n\n\n\n<p class=\"wp-block-paragraph\">Com a surpreendente sa\u00edda de Piastri para a <strong>McLaren<\/strong>, rejeitando uma vaga na <strong>Alpine<\/strong>, o posto de reserva do time franc\u00eas tamb\u00e9m ficou vago. Doohan seria a escolha l\u00f3gica, mas o piloto de 19 anos revela que &#8220;ainda n\u00e3o tive nenhum esclarecimento sobre isso&#8221;.<\/p>\n\n\n\n<p class=\"wp-block-paragraph\">Jack chegou a ser cogitado para o lugar de <strong>Fernando Alonso<\/strong> em 2023, mas a equipe de Enstone acabou acertando com <strong>Pierre Gasly<\/strong>, que deixou a AlphaTauri. Mesmo com a porta fechada para a pr\u00f3xima temporada, o australiano n\u00e3o tem d\u00favidas de que seu futuro \u00e9 na F\u00f3rmula 1, e espera ter uma oportunidade na Alpine para retribuir todo o apoio que tem recebido.<\/p>\n\n\n\n<p class=\"wp-block-paragraph\">&#8220;Com certeza eu vejo isso. A possibilidade existe. Eu s\u00f3 preciso, obviamente, continuar trabalhando, fazendo o melhor que posso e continuar trabalhando com a Alpine, porque eles t\u00eam sido, honestamente, incr\u00edveis para mim. Estou muito orgulhoso de fazer parte da equipe e espero fazer parte de seu futuro a longo prazo, porque s\u00f3 do trabalho com a equipe nos \u00faltimos dois eventos e meus curtos per\u00edodos na F2, sinto que n\u00f3s temos um potencial incr\u00edvel&#8221;, destacou <strong>Doohan<\/strong>.<\/p>\n\n\n\n<p class=\"wp-block-paragraph\">\u201cCoisas boas est\u00e3o com certeza v\u00e3o acontecer, ent\u00e3o fazer parte disso no futuro ser\u00e1 muito legal. Eles me ajudaram muito, desde quando eu ingressei na academia em janeiro at\u00e9 fazer minha participa\u00e7\u00e3o em TL1 agora em outubro, ent\u00e3o eles est\u00e3o cuidando muito bem de mim. Mal posso esperar para retribuir o favor nos pr\u00f3ximos anos\u201d, concluiu o piloto australiano.<\/p>\n","protected":false},"excerpt":{"rendered":"<p>Jack Doohan participou do TL1 no GP da Cidade do M\u00e9xico e agora vai em busca do t\u00edtulo da F\u00f3rmula 2 em 2023, enquanto segue realizando testes com a Alpine<\/p>\n","protected":false},"author":0,"featured_media":1000627592,"comment_status":"closed","ping_status":"closed","sticky":false,"template":"","format":"standard","meta":{"42wp_featured_image_caption":"","42wp_featured_image_credits":"","42wp_featured_video":"","42wp_featured_image_hidden":false,"42wp_authors_list":[],"footnotes":""},"categories":[2],"tags":[20491,302,147,1357,6533,111,29651,176,180,26841,30722,2208,29650,29827,32862,1491,596,2916,676,30312],"42wp_author":[47144],"class_list":["post-107593","post","type-post","status-publish","format-standard","has-post-thumbnail","hentry","category-f1","tag-alpine","tag-esteban-ocon","tag-f1","tag-f1-2022","tag-f1-2023","tag-f2","tag-f2-2022","tag-fernando-alonso","tag-formula-1","tag-formula-1-2022","tag-formula-1-2023","tag-formula-2","tag-formula-2-2022","tag-gp-da-cidade-do-mexico","tag-gp-da-cidade-do-mexico-2022","tag-grande-premio","tag-jack-doohan","tag-oscar-piastri","tag-pierre-gasly","tag-virtuosi","42wp_author-andre-netto"],"_links":{"self":[{"href":"https:\/\/grandepremio.com\/br\/wp-json\/wp\/v2\/posts\/107593","targetHints":{"allow":["GET"]}}],"collection":[{"href":"https:\/\/grandepremio.com\/br\/wp-json\/wp\/v2\/posts"}],"about":[{"href":"https:\/\/grandepremio.com\/br\/wp-json\/wp\/v2\/types\/post"}],"replies":[{"embeddable":true,"href":"https:\/\/grandepremio.com\/br\/wp-json\/wp\/v2\/comments?post=107593"}],"version-history":[{"count":0,"href":"https:\/\/grandepremio.com\/br\/wp-json\/wp\/v2\/posts\/107593\/revisions"}],"wp:featuredmedia":[{"embeddable":true,"href":"https:\/\/grandepremio.com\/br\/wp-json\/wp\/v2\/media\/1000627592"}],"wp:attachment":[{"href":"https:\/\/grandepremio.com\/br\/wp-json\/wp\/v2\/media?parent=107593"}],"wp:term":[{"taxonomy":"category","embeddable":true,"href":"https:\/\/grandepremio.com\/br\/wp-json\/wp\/v2\/categories?post=107593"},{"taxonomy":"post_tag","embeddable":true,"href":"https:\/\/grandepremio.com\/br\/wp-json\/wp\/v2\/tags?post=107593"},{"taxonomy":"42wp_author","embeddable":true,"href":"https:\/\/grandepremio.com\/br\/wp-json\/wp\/v2\/42wp_author?post=107593"}],"curies":[{"name":"wp","href":"https:\/\/api.w.org\/{rel}","templated":true}]}}