{"id":107604,"date":"2022-11-03T09:48:10","date_gmt":"2022-11-03T12:48:10","guid":{"rendered":"https:\/\/grandepremio.com\/br\/noticias\/hitech-anuncia-contratacao-gabriele-mini-temporada-2023-formula-3\/"},"modified":"2022-11-03T09:49:12","modified_gmt":"2022-11-03T12:49:12","slug":"hitech-anuncia-contratacao-gabriele-mini-temporada-2023-formula-3","status":"publish","type":"post","link":"https:\/\/grandepremio.com\/br\/f3\/hitech-anuncia-contratacao-gabriele-mini-temporada-2023-formula-3\/","title":{"rendered":"Hitech anuncia contrata\u00e7\u00e3o de Min\u00ec para temporada de 2023 da F\u00f3rmula 3"},"content":{"rendered":"\n<p class=\"wp-block-paragraph\">A <strong>Hitech<\/strong> anunciou nesta quinta-feira (3) seu primeiro piloto para a temporada de 2023 da <strong>F\u00f3rmula 3<\/strong>: o italiano <strong>Gabriele Min\u00ec<\/strong>, que disputou a F\u00f3rmula Regional Europeia by Alpine nos \u00faltimos dois anos. Min\u00ec acumulou tr\u00eas vit\u00f3rias e 13 p\u00f3dios na categoria, terminando a \u00faltima temporada na segunda coloca\u00e7\u00e3o, atr\u00e1s apenas do sueco <strong>Dino Beganovic<\/strong>, <a href=\"https:\/\/www.grandepremio.com\/br\/f3\/noticias\/prema-anuncia-dino-beganovic-lado-paul-aron-une-academias-ferrari-mercedes-formula-3\/\" class=\"ek-link\">que tamb\u00e9m vai disputar a F3 2023, com a Prema<\/a>.<\/p>\n\n\n\n<p class=\"wp-block-paragraph\">Gabriele j\u00e1 havia trabalho com a <strong>Hitech<\/strong> nos testes de p\u00f3s-temporada da F\u00f3rmula 3 em <strong>Jerez de La Frontera<\/strong> em setembro, al\u00e9m de competir na F\u00f3rmula Regional Asi\u00e1tica com o time no in\u00edcio de 2022.<\/p>\n\n\n\n<p class=\"wp-block-paragraph\">&#8220;Depois de duas temporadas na <strong>FRECA<\/strong>, a FIA F3 \u00e9 o passo l\u00f3gico para mim e estou encantado em me juntar \u00e0 Hitech para a temporada de 2023&#8243;, disse Min\u00ec. &#8220;N\u00f3s j\u00e1 trabalhamos juntos no \u00faltimo inverno na F\u00f3rmula Regional Asi\u00e1tica e tivemos bons resultados&#8221;, elogiou o italiano.<\/p>\n\n\n\n<p class=\"wp-block-paragraph\"><strong>\u25b6\ufe0f\u00a0Inscreva-se nos dois canais do GRANDE PR\u00caMIO no YouTube:\u00a0<a href=\"https:\/\/www.youtube.com\/channel\/UC9OlHEgxoaY6QY6nWPoiqQg?sub_confirmation=1\" target=\"_blank\" rel=\"noreferrer noopener\">GP<\/a>\u00a0|\u00a0<a href=\"https:\/\/www.youtube.com\/channel\/UC9csiS6q_C3C0FYhyr1rnFA?sub_confirmation=1\" target=\"_blank\" rel=\"noreferrer noopener\">GP2<\/a><\/strong><br><strong>\u25b6\ufe0f\u00a0<a href=\"https:\/\/www.twitch.tv\/grandepremio\" target=\"_blank\" rel=\"noreferrer noopener\">Conhe\u00e7a o canal do GRANDE PR\u00caMIO na Twitch clicando aqui!<\/a><\/strong><\/p>\n\n\n\n<figure class=\"wp-block-image size-large\"><img decoding=\"async\" src=\"https:\/\/www.grandepremio.com\/br\/wp-content\/uploads\/2022\/11\/Ff020g6XwAAjHMb-1024x683.jpg\" alt=\"\" class=\"wp-image-629412\"\/><figcaption>Min\u00ec foi vice-campe\u00e3 da FRECA em 2022 (Foto: Dutch Photo Agency)<\/figcaption><\/figure>\n\n\n\n<p class=\"wp-block-paragraph\">&#8220;O time fez um trabalho s\u00f3lido brigando pelo t\u00edtulo de pilotos at\u00e9 a \u00faltima temporada, ent\u00e3o estou confiante que eles v\u00e3o performar no mais alto n\u00edvel. Os testes em Jerez no \u00faltimo m\u00eas correram bem e mal posso esperar para voltar ao carro no ano que vem&#8221;, concluiu Gabriele.<\/p>\n\n\n\n<p class=\"wp-block-paragraph\">O chefe da Hitech, <strong>Oliver Oakes<\/strong>, ressaltou o talento do jovem de 17 anos: &#8220;Tenho acompanhando a carreira de Gabriele desde o kart, passando pela F4. N\u00f3s tivemos o prazer de trabalhar com ele no in\u00edcio deste ano na F3 asi\u00e1tica com bons resultados, vendo em primeira m\u00e3o seu comprometimento e talento. Ele j\u00e1 teve uma temporada impressionante na FRECA e foi instantaneamente r\u00e1pido nos testes de p\u00f3s-temporada da F3 em Jerez, ent\u00e3o estamos ansiosos para t\u00ea-lo na Hitech em 2023&#8221;.<\/p>\n\n\n\n<p class=\"wp-block-paragraph\">Al\u00e9m de Min\u00ec e Beganovic, outros dois nomes j\u00e1 foram confirmados para a pr\u00f3xima temporada da F\u00f3rmula 3. <a href=\"https:\/\/www.grandepremio.com\/br\/f3\/noticias\/gabriel-bortoleto-fecha-trident-testes-coletivos-disputa-formula-3-2023\/\" class=\"ek-link\">O brasileiro <strong>Gabriel Bortoleto<\/strong> vai correr pela Trident<\/a>, enquanto <strong>Paul Aron<\/strong> vai estrear pela Prema.<\/p>\n","protected":false},"excerpt":{"rendered":"<p>O italiano Gabriele Min\u00ec deixa a FRECA ap\u00f3s duas temporadas e parte agora para seu primeiro ano na F\u00f3rmula 3 com a Hitech, equipe com a qual j\u00e1 havia participado dos testes de p\u00f3s-temporada<\/p>\n","protected":false},"author":0,"featured_media":1000616502,"comment_status":"closed","ping_status":"closed","sticky":false,"template":"","format":"standard","meta":{"42wp_featured_image_caption":"","42wp_featured_image_credits":"","42wp_featured_video":"","42wp_featured_image_hidden":false,"42wp_authors_list":[],"footnotes":""},"categories":[10],"tags":[1008,32564,8057,32563,27762,28105,28373,1491,114],"42wp_author":[47144],"class_list":["post-107604","post","type-post","status-publish","format-standard","has-post-thumbnail","hentry","category-f3","tag-f3","tag-f3-2023","tag-formula-3","tag-formula-3-2023","tag-formula-regional-europeia-by-alpine","tag-freca","tag-gabriele-mini","tag-grande-premio","tag-hitech","42wp_author-andre-netto"],"_links":{"self":[{"href":"https:\/\/grandepremio.com\/br\/wp-json\/wp\/v2\/posts\/107604","targetHints":{"allow":["GET"]}}],"collection":[{"href":"https:\/\/grandepremio.com\/br\/wp-json\/wp\/v2\/posts"}],"about":[{"href":"https:\/\/grandepremio.com\/br\/wp-json\/wp\/v2\/types\/post"}],"replies":[{"embeddable":true,"href":"https:\/\/grandepremio.com\/br\/wp-json\/wp\/v2\/comments?post=107604"}],"version-history":[{"count":0,"href":"https:\/\/grandepremio.com\/br\/wp-json\/wp\/v2\/posts\/107604\/revisions"}],"wp:featuredmedia":[{"embeddable":true,"href":"https:\/\/grandepremio.com\/br\/wp-json\/wp\/v2\/media\/1000616502"}],"wp:attachment":[{"href":"https:\/\/grandepremio.com\/br\/wp-json\/wp\/v2\/media?parent=107604"}],"wp:term":[{"taxonomy":"category","embeddable":true,"href":"https:\/\/grandepremio.com\/br\/wp-json\/wp\/v2\/categories?post=107604"},{"taxonomy":"post_tag","embeddable":true,"href":"https:\/\/grandepremio.com\/br\/wp-json\/wp\/v2\/tags?post=107604"},{"taxonomy":"42wp_author","embeddable":true,"href":"https:\/\/grandepremio.com\/br\/wp-json\/wp\/v2\/42wp_author?post=107604"}],"curies":[{"name":"wp","href":"https:\/\/api.w.org\/{rel}","templated":true}]}}