{"id":107616,"date":"2022-11-02T11:30:48","date_gmt":"2022-11-02T14:30:48","guid":{"rendered":"https:\/\/grandepremio.com\/br\/noticias\/valtteri-bottas-faz-parceria-mikka-hakkinen-confirma-presenca-corrida-campeoes-2023\/"},"modified":"2022-11-02T11:57:19","modified_gmt":"2022-11-02T14:57:19","slug":"valtteri-bottas-faz-parceria-mikka-hakkinen-confirma-presenca-corrida-campeoes-2023","status":"publish","type":"post","link":"https:\/\/grandepremio.com\/br\/f1\/valtteri-bottas-faz-parceria-mikka-hakkinen-confirma-presenca-corrida-campeoes-2023\/","title":{"rendered":"Bottas faz parceria com H\u00e4kkinen e confirma presen\u00e7a na Corrida dos Campe\u00f5es em 2023"},"content":{"rendered":"\n<p class=\"wp-block-paragraph\">Agora vai! Valtteri Bottas confirmou que far\u00e1 sua estreia na Corrida dos Campe\u00f5es em 2023. O finland\u00eas tamb\u00e9m tinha confirmado presen\u00e7a no ano passado para a estreia da prova na neve, mas acabou desistindo tardiamente. Agora, Bottas se junta ao seu compatriota e bicampe\u00e3o de F\u00f3rmula 1, Mikka H\u00e4kkinen, na equipe finlandesa ROC Nations Cup.<\/p>\n\n\n\n<p class=\"wp-block-paragraph\">\u00a0A prova, tradicional por confrontar pilotos de diferentes modalidades em carros dos mais variados, al\u00e9m de trazer tamb\u00e9m a disputa da chamada Copa das Na\u00e7\u00f5es, voltar\u00e1 a ser realizada em Norrbotten, cidade localizada no norte da Su\u00e9cia e muito pr\u00f3xima ao C\u00edrculo Polar \u00c1rtico.<\/p>\n\n\n\n<p class=\"wp-block-paragraph\">&#8220;Estou realmente ansioso para finalmente fazer minha estreia na Corrida dos Campe\u00f5es!\u00a0Eu assisti o evento pela TV por muitos anos e cheguei perto de competir no ano passado, mas tive de desistir no \u00faltimo minuto\u201d, disse ele.<\/p>\n\n\n\n<p class=\"wp-block-paragraph\">\u201cFoi dif\u00edcil ver todos se divertindo e jogando seus carros na neve e no gelo na Su\u00e9cia, ent\u00e3o estou feliz por me juntar a eles em Pite Havsbad em janeiro&#8221;, seguiu. <\/p>\n\n\n\n<p class=\"wp-block-paragraph\"><strong>\u25b6\ufe0f&nbsp;Inscreva-se nos dois canais do GRANDE PR\u00caMIO no YouTube:&nbsp;<a href=\"https:\/\/www.youtube.com\/channel\/UC9OlHEgxoaY6QY6nWPoiqQg?sub_confirmation=1\" target=\"_blank\" rel=\"noreferrer noopener\">GP<\/a>&nbsp;|&nbsp;<a href=\"https:\/\/www.youtube.com\/channel\/UC9csiS6q_C3C0FYhyr1rnFA?sub_confirmation=1\" target=\"_blank\" rel=\"noreferrer noopener\">GP2<\/a><\/strong><\/p>\n\n\n\n<figure class=\"wp-block-image size-large\"><img decoding=\"async\" src=\"https:\/\/www.grandepremio.com\/br\/wp-content\/uploads\/2022\/02\/Vettel-1-1024x683.jpg\" alt=\"\" class=\"wp-image-539619\"\/><figcaption>Vettel foi vice na Corrida dos Campe\u00f5es em 2022, mas se divertiu o suficiente para cogitar correr no off-road (Foto: RoC Sweden)<\/figcaption><\/figure>\n\n\n\n<p class=\"wp-block-paragraph\"><strong>\u25b6\ufe0f&nbsp;<a href=\"https:\/\/www.twitch.tv\/grandepremio\" target=\"_blank\" rel=\"noreferrer noopener\">Conhe\u00e7a o canal do GRANDE PR\u00caMIO na Twitch clicando aqui!<\/a><\/strong><\/p>\n\n\n\n<p class=\"wp-block-paragraph\">O piloto da Alfa Romeo tamb\u00e9m vai encontrar Sebastian Vettel na prova, que j\u00e1 participa h\u00e1 alguns anos e confirmou presen\u00e7a em 2023. Al\u00e9m do tetracampe\u00e3o mundial, Johan Kristoffersson, campe\u00e3o mundial de rallycross, Jamie Chadwick, tricampe\u00e3 da W Series, Petter Solberg, campe\u00e3o mundial de rali, e o filho, Oliver Solberg, uma das estrelas da nova gera\u00e7\u00e3o do WRC, tamb\u00e9m participar\u00e3o.<\/p>\n\n\n\n<p class=\"wp-block-paragraph\">A Finl\u00e2ndia realmente tem um hist\u00f3rico vitorioso na Corrida dos Campe\u00f5es: Tommi M\u00e4kinen (2000), Harri Rovanper\u00e4 (2001), Marcus Gr\u00f6nholm (2002) e Heikki Kovalainen (2004) venceram uma vez, enquanto Juha Kankkunen \u00e9 bicampe\u00e3o da prova (1988 e 1991). Na Copa das Na\u00e7\u00f5es, o pa\u00eds chegou duas vezes ao t\u00edtulo: 1999 e 2006.<\/p>\n\n\n\n<p class=\"wp-block-paragraph\">A Corrida dos Campe\u00f5es voltou ao calend\u00e1rio do esporte a motor em 2022. Ap\u00f3s a edi\u00e7\u00e3o de 2019, ficou inativa em raz\u00e3o dos efeitos da pandemia de Covid-19. Neste ano, o vencedor foi S\u00e9bastien Loeb, eneacampe\u00e3o do mundial de rali, que conquistou seu quarto t\u00edtulo na competi\u00e7\u00e3o.<\/p>\n\n\n\n<p class=\"wp-block-paragraph\"><\/p>\n\n\n\n<p class=\"wp-block-paragraph\"><\/p>\n","protected":false},"excerpt":{"rendered":"<p>Depois de cancelar sua participa\u00e7\u00e3o em 2022 no \u00faltimo minuto, Valtteri Bottas confirmou presen\u00e7a para a Corrida dos Campe\u00f5es em janeiro de 2023, ao lado de Mikka H\u00e4kkinen<\/p>\n","protected":false},"author":0,"featured_media":1000626405,"comment_status":"closed","ping_status":"closed","sticky":false,"template":"","format":"standard","meta":{"42wp_featured_image_caption":"","42wp_featured_image_credits":"","42wp_featured_video":"","42wp_featured_image_hidden":false,"42wp_authors_list":[],"footnotes":""},"categories":[2],"tags":[457,1491,612],"42wp_author":[47139],"class_list":["post-107616","post","type-post","status-publish","format-standard","has-post-thumbnail","hentry","category-f1","tag-alfa-romeo","tag-grande-premio","tag-valtteri-bottas","42wp_author-ana-cerveira"],"_links":{"self":[{"href":"https:\/\/grandepremio.com\/br\/wp-json\/wp\/v2\/posts\/107616","targetHints":{"allow":["GET"]}}],"collection":[{"href":"https:\/\/grandepremio.com\/br\/wp-json\/wp\/v2\/posts"}],"about":[{"href":"https:\/\/grandepremio.com\/br\/wp-json\/wp\/v2\/types\/post"}],"replies":[{"embeddable":true,"href":"https:\/\/grandepremio.com\/br\/wp-json\/wp\/v2\/comments?post=107616"}],"version-history":[{"count":0,"href":"https:\/\/grandepremio.com\/br\/wp-json\/wp\/v2\/posts\/107616\/revisions"}],"wp:featuredmedia":[{"embeddable":true,"href":"https:\/\/grandepremio.com\/br\/wp-json\/wp\/v2\/media\/1000626405"}],"wp:attachment":[{"href":"https:\/\/grandepremio.com\/br\/wp-json\/wp\/v2\/media?parent=107616"}],"wp:term":[{"taxonomy":"category","embeddable":true,"href":"https:\/\/grandepremio.com\/br\/wp-json\/wp\/v2\/categories?post=107616"},{"taxonomy":"post_tag","embeddable":true,"href":"https:\/\/grandepremio.com\/br\/wp-json\/wp\/v2\/tags?post=107616"},{"taxonomy":"42wp_author","embeddable":true,"href":"https:\/\/grandepremio.com\/br\/wp-json\/wp\/v2\/42wp_author?post=107616"}],"curies":[{"name":"wp","href":"https:\/\/api.w.org\/{rel}","templated":true}]}}