{"id":107631,"date":"2022-11-01T14:32:08","date_gmt":"2022-11-01T17:32:08","guid":{"rendered":"https:\/\/grandepremio.com\/br\/noticias\/f2-divulga-calendario-2023-promove-estreia-australia-vaga-franca\/"},"modified":"2022-11-01T15:00:55","modified_gmt":"2022-11-01T18:00:55","slug":"f2-divulga-calendario-2023-promove-estreia-australia-vaga-franca","status":"publish","type":"post","link":"https:\/\/grandepremio.com\/br\/f2\/f2-divulga-calendario-2023-promove-estreia-australia-vaga-franca\/","title":{"rendered":"F2 divulga calend\u00e1rio 2023 e promove estreia da Austr\u00e1lia para vaga deixada por Fran\u00e7a"},"content":{"rendered":"\n<p class=\"wp-block-paragraph\">A <strong>F\u00f3rmula 2<\/strong> divulgou nesta ter\u00e7a-feira (1) o calend\u00e1rio para a <strong>temporada 2023 <\/strong>com uma novidade: pela primeira vez na hist\u00f3ria, a categoria vai correr em Melbourne, na <strong>Austr\u00e1lia<\/strong>. Ao todo, ser\u00e3o 14 rodadas duplas, todas como s\u00e9rie de apoio durante os fins de semana da <strong>F\u00f3rmula 1<\/strong>.<\/p>\n\n\n\n<p class=\"wp-block-paragraph\">A abertura ser\u00e1 no Bahrein, dia 3 de mar\u00e7o. Depois, a categoria segue a F1 pelas duas etapas seguintes, na Ar\u00e1bia Saudita e na Austr\u00e1lia, a grande novidade do ano. A corrida no circuito de rua de Albert Park foi a escolha para ocupar a vaga deixada pela Fran\u00e7a, que n\u00e3o renovou contrato com a F1 para 2023.<\/p>\n\n\n\n<p class=\"wp-block-paragraph\"><strong>\u25b6\ufe0f&nbsp;Inscreva-se nos dois canais do GRANDE PR\u00caMIO no YouTube:&nbsp;<a href=\"https:\/\/www.youtube.com\/channel\/UC9OlHEgxoaY6QY6nWPoiqQg?sub_confirmation=1\" target=\"_blank\" rel=\"noreferrer noopener\">GP<\/a>&nbsp;|&nbsp;<a href=\"https:\/\/www.youtube.com\/channel\/UC9csiS6q_C3C0FYhyr1rnFA?sub_confirmation=1\" target=\"_blank\" rel=\"noreferrer noopener\">GP2<\/a><\/strong><br><strong>\u25b6\ufe0f&nbsp;<a href=\"https:\/\/www.twitch.tv\/grandepremio\" target=\"_blank\" rel=\"noreferrer noopener\">Conhe\u00e7a o canal do GRANDE PR\u00caMIO na Twitch clicando aqui!<\/a><\/strong><\/p>\n\n\n\n<figure class=\"wp-block-image size-large\"><img decoding=\"async\" src=\"https:\/\/www.grandepremio.com\/br\/wp-content\/uploads\/2020\/05\/000_32828BQ-1024x683.jpg\" alt=\"\" class=\"wp-image-557590\"\/><figcaption>Austr\u00e1lia vai receber F2 pela primeira vez (Foto: AFP)<\/figcaption><\/figure>\n\n\n\n<p class=\"wp-block-paragraph\">Enquanto a F1 retorna para a China, a F2 volta \u00e0s pistas em <strong>Baku<\/strong>, no Azerbaij\u00e3o, de 28 a 30 de abril. Na semana seguinte, a F1 vai para Miami, mas a F2 retorna apenas de 19 a 21 de maio, em <strong>\u00cdmola<\/strong>. <strong>M\u00f4naco<\/strong>, <strong>Barcelona <\/strong>e <strong>\u00c1ustria<\/strong> v\u00eam na sequ\u00eancia.<\/p>\n\n\n\n<p class=\"wp-block-paragraph\">A F1 viaja novamente para fora da Europa, para o Canad\u00e1, mas a F2 s\u00f3 correr\u00e1 quanto a categoria retornar ao continente, na <strong>Inglaterra<\/strong>, etapa prevista para acontecer de 7 a 9 de julho, com <strong>Hungria <\/strong>na sequ\u00eancia. <strong>B\u00e9lgica <\/strong>fecha a perna antes das tradicionais f\u00e9rias de ver\u00e3o, no final de julho, e a categoria s\u00f3 retorna de 25 a 27 de agosto, na <strong>Holanda<\/strong>. <\/p>\n\n\n\n<p class=\"wp-block-paragraph\"><strong>Monza <\/strong>ser\u00e1 palco da pen\u00faltima etapa da temporada, assim como esse ano \u2014 rodada, ali\u00e1s, que marcou o t\u00edtulo de <strong>Felipe Drugovich<\/strong>. E ent\u00e3o, quase tr\u00eas meses depois (pois a F1 entra na perna asi\u00e1tica e americana), a F2 volta em <strong>Abu Dhabi<\/strong>, entre os dias 24 e 26 de novembro, para a rodada final.<\/p>\n\n\n\n<p class=\"wp-block-paragraph\">O presidente da <strong>FIA <\/strong>(Federa\u00e7\u00e3o Internacional de Automobilismo),<strong> Mohammed Ben Sulayem<\/strong>, destacou a import\u00e2ncia de ver as principais categorias de base, F\u00f3rmula 2 e F\u00f3rmula 3, dividindo os fins de semana com a F1. &#8220;N\u00e3o h\u00e1 melhor prepara\u00e7\u00e3o do que competir nesses circuitos que s\u00e3o de alto padr\u00e3o, e estou ansioso para ver como a pr\u00f3xima gera\u00e7\u00e3o vai enfrentar esse novo desafio, com a adi\u00e7\u00e3o de uma rodada na Austr\u00e1lia.\u201d<\/p>\n\n\n\n<p class=\"wp-block-paragraph\"><strong>Stefano Domenicali<\/strong>, presidente da F1, disse que espera por &#8220;mais uma temporada emocionante&#8221; e que o campeonato &#8220;continua desempenhando um papel de extrema import\u00e2ncia em nutrir os talentos do futuro&#8221;. J\u00e1 o CEO da categoria de acesso \u00e0 F1, <strong>Bruno Michel<\/strong>, falou sobre a preocupa\u00e7\u00e3o com os altos custos da competi\u00e7\u00e3o e que, por isso, decidiram manter apenas 14 rodadas, mesmo com a amplia\u00e7\u00e3o do calend\u00e1rio da F1.<\/p>\n\n\n\n<p class=\"wp-block-paragraph\">&#8220;O bom \u00e9 que h\u00e1 muitas pistas que adorariam ter a F2 em seu fim de semana, mas sempre temos em mente os custos relacionados a isso. Portanto, decidimos limitar o n\u00famero de rodadas para mais uma vez em 2023 e vamos continuar ajudando as equipes para garantir que seus or\u00e7amentos permane\u00e7am em um n\u00edvel adequado.&#8221;<\/p>\n\n\n\n<h2 class=\"wp-block-heading\" id=\"h-calendario-da-f2-2023\">Calend\u00e1rio da F2 2023<\/h2>\n\n\n\n<figure class=\"wp-block-table\"><table><tbody><tr><td>DATA<\/td><td>ETAPA<\/td><td>LOCAL<\/td><\/tr><tr><td>3 a 5\/03<\/td><td>GP DO BAHREIN<\/td><td>SAKHIR<\/td><\/tr><tr><td>17 a 19\/03<\/td><td>GP DA AR\u00c1BIA SAUDITA<\/td><td>JED\u00c1<\/td><\/tr><tr><td>31\/03 a 2\/04<\/td><td>GP DA AUSTR\u00c1LIA<\/td><td>MELBOURNE<\/td><\/tr><tr><td>28 a 30\/04<\/td><td>GP DO AZERBAIJ\u00c3O<\/td><td>BAKU<\/td><\/tr><tr><td>19 a 21\/05<\/td><td>GP DA IT\u00c1LIA<\/td><td>\u00cdMOLA<\/td><\/tr><tr><td>25 a 28\/05<\/td><td>GP DE M\u00d4NACO<\/td><td>MONTE CARLO<\/td><\/tr><tr><td>2 a 4\/06<\/td><td>GP DA ESPANHA<\/td><td>BARCELONA<\/td><\/tr><tr><td>30\/06 a 2\/07<\/td><td>GP DA \u00c1USTRIA<\/td><td>SPIELBERG<\/td><\/tr><tr><td>7 a 9\/07<\/td><td>GP DA INGLATERRA<\/td><td>SILVERSTONE<\/td><\/tr><tr><td>21 a 23\/07<\/td><td>GP DA HUNGRIA<\/td><td>BUDAPESTE<\/td><\/tr><tr><td>28 a 30\/07<\/td><td>GP DA B\u00c9LGICA<\/td><td>SPA-FRANCORCHAMPS<\/td><\/tr><tr><td>25 a 27\/08<\/td><td>GP DA HOLANDA<\/td><td>ZANDVOORT<\/td><\/tr><tr><td>1\u00ba a 3\/09<\/td><td>GP DA IT\u00c1LIA<\/td><td>MONZA<\/td><\/tr><tr><td>24 a 26\/11<\/td><td>GP DE ABU DHABI<\/td><td>YAS MARINA<\/td><\/tr><\/tbody><\/table><\/figure>\n","protected":false},"excerpt":{"rendered":"<p>A F\u00f3rmula 2 manteve apenas 14 rodadas para 2023 \u2014 todas acompanhado a F1 \u2014, alegando preocupa\u00e7\u00e3o com os altos custos do campeonato. A abertura acontece no Bahrein e o encerramento ser\u00e1 em Abu Dhabi<\/p>\n","protected":false},"author":0,"featured_media":1000613629,"comment_status":"closed","ping_status":"closed","sticky":false,"template":"","format":"standard","meta":{"42wp_featured_image_caption":"","42wp_featured_image_credits":"","42wp_featured_video":"","42wp_featured_image_hidden":false,"42wp_authors_list":[],"footnotes":""},"categories":[9],"tags":[1667,934,29654,147,111,32048,2208,1491,1757,30344,907],"42wp_author":[47147],"class_list":["post-107631","post","type-post","status-publish","format-standard","has-post-thumbnail","hentry","category-f2","tag-bahrein","tag-bruno-michel","tag-calendario-f2","tag-f1","tag-f2","tag-f2-2023","tag-formula-2","tag-grande-premio","tag-melbourne","tag-mohammed-ben-sulayem","tag-stefano-domenicali","42wp_author-luana-marino"],"_links":{"self":[{"href":"https:\/\/grandepremio.com\/br\/wp-json\/wp\/v2\/posts\/107631","targetHints":{"allow":["GET"]}}],"collection":[{"href":"https:\/\/grandepremio.com\/br\/wp-json\/wp\/v2\/posts"}],"about":[{"href":"https:\/\/grandepremio.com\/br\/wp-json\/wp\/v2\/types\/post"}],"replies":[{"embeddable":true,"href":"https:\/\/grandepremio.com\/br\/wp-json\/wp\/v2\/comments?post=107631"}],"version-history":[{"count":0,"href":"https:\/\/grandepremio.com\/br\/wp-json\/wp\/v2\/posts\/107631\/revisions"}],"wp:featuredmedia":[{"embeddable":true,"href":"https:\/\/grandepremio.com\/br\/wp-json\/wp\/v2\/media\/1000613629"}],"wp:attachment":[{"href":"https:\/\/grandepremio.com\/br\/wp-json\/wp\/v2\/media?parent=107631"}],"wp:term":[{"taxonomy":"category","embeddable":true,"href":"https:\/\/grandepremio.com\/br\/wp-json\/wp\/v2\/categories?post=107631"},{"taxonomy":"post_tag","embeddable":true,"href":"https:\/\/grandepremio.com\/br\/wp-json\/wp\/v2\/tags?post=107631"},{"taxonomy":"42wp_author","embeddable":true,"href":"https:\/\/grandepremio.com\/br\/wp-json\/wp\/v2\/42wp_author?post=107631"}],"curies":[{"name":"wp","href":"https:\/\/api.w.org\/{rel}","templated":true}]}}