{"id":107686,"date":"2022-10-30T16:37:00","date_gmt":"2022-10-30T19:37:00","guid":{"rendered":"https:\/\/grandepremio.com\/br\/noticias\/red-bull-boicota-sky-sports-comentarista-ted-kravitz-dizer-lewis-hamilton-roubado-2021\/"},"modified":"2022-10-30T17:06:59","modified_gmt":"2022-10-30T20:06:59","slug":"red-bull-boicota-sky-sports-comentarista-ted-kravitz-dizer-lewis-hamilton-roubado-2021","status":"publish","type":"post","link":"https:\/\/grandepremio.com\/br\/f1\/red-bull-boicota-sky-sports-comentarista-ted-kravitz-dizer-lewis-hamilton-roubado-2021\/","title":{"rendered":"Red Bull boicota Sky Sports ap\u00f3s comentarista dizer que Hamilton &#8220;foi roubado em 2021&#8221;"},"content":{"rendered":"\n<p class=\"wp-block-paragraph\">A <strong>Red Bull<\/strong> decidiu vetar entrevistas de seus pilotos e membros ao grupo brit\u00e2nico Sky, do qual pertence a emissora oficial da <strong>F\u00f3rmula 1<\/strong>, <strong>Sky Sports F1<\/strong>, por tempo indeterminado. O boicote \u00e9 estendido a todos os canais afiliados ao grupo, como Sky It\u00e1lia e Sky Alemanha.<\/p>\n\n\n\n<p class=\"wp-block-paragraph\">A decis\u00e3o foi confirmada por um porta-voz da equipe austr\u00edaca ao site holand\u00eas RacingNews365.com e veio ap\u00f3s Ted Kravitz, comentarista do canal, dizer durante o fim de semana do <strong>GP dos Estados Unidos<\/strong> que <strong>Lewis Hamilton <\/strong>havia sido roubado na decis\u00e3o de 2021. O jornalista brit\u00e2nico, mesmo sem citar os nomes dos pilotos, imaginou qual teria sido o desfecho ideal da corrida em Austin e fez v\u00e1rias refer\u00eancias \u00e0 corrida em Abu Dhabi.<\/p>\n\n\n\n<p class=\"wp-block-paragraph\"><strong>\u25b6\ufe0f\u00a0Inscreva-se nos dois canais do GRANDE PR\u00caMIO no YouTube:\u00a0<a href=\"https:\/\/www.youtube.com\/channel\/UC9OlHEgxoaY6QY6nWPoiqQg?sub_confirmation=1\" target=\"_blank\" rel=\"noreferrer noopener\">GP<\/a>\u00a0|\u00a0<a href=\"https:\/\/www.youtube.com\/channel\/UC9csiS6q_C3C0FYhyr1rnFA?sub_confirmation=1\" target=\"_blank\" rel=\"noreferrer noopener\">GP2<\/a><\/strong><br><strong>\u25b6\ufe0f\u00a0<a href=\"https:\/\/www.twitch.tv\/grandepremio\" target=\"_blank\" rel=\"noreferrer noopener\">Conhe\u00e7a o canal do GRANDE PR\u00caMIO na Twitch clicando aqui!<\/a><\/strong><\/p>\n\n\n\n<figure class=\"wp-block-image size-large\"><img decoding=\"async\" src=\"https:\/\/www.grandepremio.com\/br\/wp-content\/uploads\/2022\/10\/redbull-maxverstappen-01-9-1024x683.jpg\" alt=\"\" class=\"wp-image-625992\"\/><figcaption>Max Verstappen n\u00e3o falou com a Sky Sports ap\u00f3s a classifica\u00e7\u00e3o de s\u00e1bado no M\u00e9xico (Foto: Red Bull Content Pool)<\/figcaption><\/figure>\n\n\n\n<p class=\"wp-block-paragraph\">&#8220;O sete vezes campe\u00e3o do mundo [Hamilton] \u2014 quase disse oito vezes campe\u00e3o do mundo \u2014 vai para a corrida final tentando ser o maior de todos os tempos e ganhar o campeonato. Ele \u00e9 roubado, volta, o carro do ano seguinte \u00e9 um lixo\u2026 ele n\u00e3o vence nenhuma corrida durante o ano todo, e finalmente vai para uma pista onde pode vencer pela primeira vez na temporada&#8221;, disse Kravitz na ocasi\u00e3o.<\/p>\n\n\n\n<p class=\"wp-block-paragraph\">&#8220;Ele est\u00e1 lutando contra o mesmo cara [<strong>Max Verstappen<\/strong>] que venceu a corrida na qual foi roubado [Abu Dhabi] no ano anterior e consegue terminar \u00e0 frente dele. Que roteiro e que hist\u00f3ria teria sido&#8221;, completou.<\/p>\n\n\n\n<p class=\"wp-block-paragraph\">No Circuito das Am\u00e9ricas, Verstappen e Hamilton se reencontraram numa disputa pela vit\u00f3ria pela primeira fez na atual temporada desde o famigerado GP de Abu Dhabi do ano passado. O #1 levou a melhor sobre o rival ingl\u00eas e alcan\u00e7ou o seu 13\u00ba triunfo na temporada, igualando o recorde de vit\u00f3rias num mesmo ano de Michael Schumacher e Sebastian Vettel.<\/p>\n\n\n\n<p class=\"wp-block-paragraph\">Mas o coment\u00e1rio de Kravitz n\u00e3o passou despercebido. Na verdade, n\u00e3o \u00e9 a primeira vez que o integrante da emissora brit\u00e2nica critica o desfecho de 2021 insinuando que houve ilegalidade na conquista de Verstappen. Ap\u00f3s a classifica\u00e7\u00e3o que definiu o grid de largada para o <strong>GP da Cidade do M\u00e9xico<\/strong>, Verstappen se negou a falar com a emissora, e o mesmo aconteceu com o chefe da Red Bull, Christian Horner.<\/p>\n\n\n\n<p class=\"wp-block-paragraph\">O&nbsp;<strong>GRANDE PR\u00caMIO<\/strong>&nbsp;acompanha&nbsp;<a href=\"https:\/\/www.grandepremio.com\/br\/ao-vivo\/\"><strong>AO VIVO<\/strong>&nbsp;e&nbsp;<strong>EM&nbsp;<\/strong><\/a><strong><a href=\"https:\/\/www.grandepremio.com\/br\/ao-vivo\/\" target=\"_blank\" rel=\"noreferrer noopener\">TEMPO REAL<\/a><\/strong>&nbsp;todas as atividades do GP da Cidade do&nbsp;<strong>M\u00e9xico<\/strong>&nbsp;de&nbsp;<a href=\"https:\/\/www.grandepremio.com\/formula-1\/\" target=\"_blank\" rel=\"noreferrer noopener\">F\u00f3rmula 1<\/a>. No domingo, a largada est\u00e1 marcada para as 17h (de Bras\u00edlia, GMT-3).<\/p>\n","protected":false},"excerpt":{"rendered":"<p>A Red Bull decidiu vetar entrevistas \u00e0 Sky Sports F1 e \u00e0s afiliadas ao grupo brit\u00e2nico Sky ap\u00f3s o comentarista Ted Kravitz dizer que o GP dos Estados Unidos teria um desfecho muito melhor se tivesse sido vencido pelo piloto &#8220;que foi roubado no ano anterior&#8221;<\/p>\n","protected":false},"author":0,"featured_media":1000598376,"comment_status":"closed","ping_status":"closed","sticky":false,"template":"","format":"standard","meta":{"42wp_featured_image_caption":"","42wp_featured_image_credits":"","42wp_featured_video":"","42wp_featured_image_hidden":false,"42wp_authors_list":[],"footnotes":""},"categories":[2],"tags":[655,156,1357,29827,25424,1491,87,203,204,4494],"42wp_author":[47147],"class_list":["post-107686","post","type-post","status-publish","format-standard","has-post-thumbnail","hentry","category-f1","tag-christian-horner","tag-f1-2021","tag-f1-2022","tag-gp-da-cidade-do-mexico","tag-gp-de-abu-dhabi","tag-grande-premio","tag-lewis-hamilton","tag-max-verstappen","tag-red-bull","tag-temporada-2021-f1","42wp_author-luana-marino"],"_links":{"self":[{"href":"https:\/\/grandepremio.com\/br\/wp-json\/wp\/v2\/posts\/107686","targetHints":{"allow":["GET"]}}],"collection":[{"href":"https:\/\/grandepremio.com\/br\/wp-json\/wp\/v2\/posts"}],"about":[{"href":"https:\/\/grandepremio.com\/br\/wp-json\/wp\/v2\/types\/post"}],"replies":[{"embeddable":true,"href":"https:\/\/grandepremio.com\/br\/wp-json\/wp\/v2\/comments?post=107686"}],"version-history":[{"count":0,"href":"https:\/\/grandepremio.com\/br\/wp-json\/wp\/v2\/posts\/107686\/revisions"}],"wp:featuredmedia":[{"embeddable":true,"href":"https:\/\/grandepremio.com\/br\/wp-json\/wp\/v2\/media\/1000598376"}],"wp:attachment":[{"href":"https:\/\/grandepremio.com\/br\/wp-json\/wp\/v2\/media?parent=107686"}],"wp:term":[{"taxonomy":"category","embeddable":true,"href":"https:\/\/grandepremio.com\/br\/wp-json\/wp\/v2\/categories?post=107686"},{"taxonomy":"post_tag","embeddable":true,"href":"https:\/\/grandepremio.com\/br\/wp-json\/wp\/v2\/tags?post=107686"},{"taxonomy":"42wp_author","embeddable":true,"href":"https:\/\/grandepremio.com\/br\/wp-json\/wp\/v2\/42wp_author?post=107686"}],"curies":[{"name":"wp","href":"https:\/\/api.w.org\/{rel}","templated":true}]}}