{"id":107706,"date":"2022-10-29T18:37:20","date_gmt":"2022-10-29T21:37:20","guid":{"rendered":"https:\/\/grandepremio.com\/br\/noticias\/george-russell-lamenta-erro-tirou-pole-cidade-do-mexico-mereciamos-mais\/"},"modified":"2022-10-29T19:23:12","modified_gmt":"2022-10-29T22:23:12","slug":"george-russell-lamenta-erro-tirou-pole-cidade-do-mexico-mereciamos-mais","status":"publish","type":"post","link":"https:\/\/grandepremio.com\/br\/f1\/george-russell-lamenta-erro-tirou-pole-cidade-do-mexico-mereciamos-mais\/","title":{"rendered":"Russell lamenta erro que tirou pole na Cidade do M\u00e9xico: &#8220;Merec\u00edamos mais&#8221;"},"content":{"rendered":"\n<figure class=\"wp-block-embed is-type-video is-provider-youtube wp-block-embed-youtube wp-embed-aspect-16-9 wp-has-aspect-ratio\"><div class=\"wp-block-embed__wrapper\">\n<iframe loading=\"lazy\" title=\"F1 2022 NO M\u00c9XICO AO VIVO: VERSTAPPEN 1\u00ba, MERCEDES FORTE COM RUSSELL 2\u00ba E HAMILTON 3\u00ba | Briefing\" width=\"500\" height=\"281\" src=\"https:\/\/www.youtube.com\/embed\/og5Iy9Ms20w?feature=oembed\" frameborder=\"0\" allow=\"accelerometer; autoplay; clipboard-write; encrypted-media; gyroscope; picture-in-picture; web-share\" referrerpolicy=\"strict-origin-when-cross-origin\" allowfullscreen><\/iframe>\n<\/div><\/figure>\n\n\n\n<p class=\"wp-block-paragraph\">Faltou pouco. <strong>George Russell<\/strong> ficou a apenas 0s304 de <a href=\"https:\/\/www.grandepremio.com\/br\/f1\/noticias\/max-verstappen-supera-forca-mercedes-conquista-pole-gp-da-cidade-do-mexico\/\" class=\"ek-link\">conquistar a segunda pole na temporada<\/a>. Na classifica\u00e7\u00e3o deste s\u00e1bado (29), o brit\u00e2nico da <strong>Mercedes<\/strong> perdeu para <strong>Max Verstappen<\/strong> gra\u00e7as a um erro no terceiro setor.<\/p>\n\n\n\n<p class=\"wp-block-paragraph\">George lamentou o erro cometido, sobretudo pelo trabalho feito pela Mercedes neste final de semana. &#8220;Merec\u00edamos mais hoje. Eles montaram um bom carro e \u00e9 uma prova do trabalho duro que fizeram por tanto tempo&#8221;, disse.<\/p>\n\n\n\n<p class=\"wp-block-paragraph\">A rodada na Am\u00e9rica do Norte d\u00e1 sinais de evolu\u00e7\u00e3o das Flechas de Prata neste fim de ciclo em 2022. &#8220;Vimos na semana passada com Lewis [Hamilton] do que o W13 era capaz e vimos aqui que est\u00e1vamos pr\u00f3ximos da pole. Eu quero me beliscar mas, no fim do dia, a classifica\u00e7\u00e3o n\u00e3o vale pontos&#8221;, seguiu.<\/p>\n\n\n\n<figure class=\"wp-block-image size-large\"><img decoding=\"async\" src=\"https:\/\/www.grandepremio.com\/br\/wp-content\/uploads\/2022\/10\/mercedes-georgerussell-afp-05-1024x683.jpg\" alt=\"\" class=\"wp-image-628155\"\/><figcaption>Russell larga na primeira fila na Cidade do M\u00e9xico neste domingo (Foto: AFP)<\/figcaption><\/figure>\n\n\n\n<p class=\"wp-block-paragraph\">Russell v\u00ea que a dist\u00e2ncia para <strong>Red Bull <\/strong>em solo mexicano encurtou e, por isso, mant\u00e9m esperan\u00e7a de que pode vencer na corrida de domingo.<\/p>\n\n\n\n<p class=\"wp-block-paragraph\"><strong>\u25b6\ufe0f&nbsp;Inscreva-se nos dois canais do GRANDE PR\u00caMIO no YouTube:&nbsp;<a href=\"https:\/\/www.youtube.com\/channel\/UC9OlHEgxoaY6QY6nWPoiqQg?sub_confirmation=1\" target=\"_blank\" rel=\"noreferrer noopener\">GP<\/a>&nbsp;|&nbsp;<a href=\"https:\/\/www.youtube.com\/channel\/UC9csiS6q_C3C0FYhyr1rnFA?sub_confirmation=1\" target=\"_blank\" rel=\"noreferrer noopener\">GP2<\/a><\/strong><br><strong>\u25b6\ufe0f&nbsp;<a href=\"https:\/\/www.twitch.tv\/grandepremio\" target=\"_blank\" rel=\"noreferrer noopener\">Conhe\u00e7a o canal do GRANDE PR\u00caMIO na Twitch clicando aqui!<\/a><\/strong><\/p>\n\n\n\n<p class=\"wp-block-paragraph\">&#8220;Trouxemos uma atualiza\u00e7\u00e3o para <strong>Austin<\/strong> que n\u00e3o deu a oportunidade de mostrar seu potencial. Na altitude, por\u00e9m, o arrasto \u00e9 um fator menor e, por mais que possamos ser piores que a Red Bull nas retas, aqui a diferen\u00e7a \u00e9 menor&#8221;, completou o piloto.<\/p>\n\n\n\n<p class=\"wp-block-paragraph\">O\u00a0<strong>GRANDE PR\u00caMIO<\/strong>\u00a0acompanha\u00a0<a href=\"https:\/\/www.grandepremio.com\/br\/ao-vivo\/\"><strong>AO VIVO<\/strong>\u00a0e\u00a0<strong>EM\u00a0<\/strong><\/a><strong><a href=\"https:\/\/www.grandepremio.com\/br\/ao-vivo\/\" target=\"_blank\" rel=\"noreferrer noopener\">TEMPO REAL<\/a><\/strong>\u00a0todas as atividades do GP da Cidade do\u00a0<strong>M\u00e9xico<\/strong>\u00a0de\u00a0<a href=\"https:\/\/www.grandepremio.com\/formula-1\/\" target=\"_blank\" rel=\"noreferrer noopener\">F\u00f3rmula 1<\/a>. No domingo, a largada est\u00e1 marcada para as 17h (de Bras\u00edlia, GMT-3).<\/p>\n\n\n\n<figure class=\"wp-block-embed is-type-rich is-provider-spotify wp-block-embed-spotify wp-embed-aspect-21-9 wp-has-aspect-ratio\"><div class=\"wp-block-embed__wrapper\">\n<iframe title=\"Spotify Embed: Paddockast #171: Red Bull quebra maior hegemonia da hist\u00f3ria. \u00c9 nova era na F1?\" style=\"border-radius: 12px\" width=\"100%\" height=\"152\" frameborder=\"0\" allowfullscreen allow=\"autoplay; clipboard-write; encrypted-media; fullscreen; picture-in-picture\" loading=\"lazy\" src=\"https:\/\/open.spotify.com\/embed\/episode\/4M4b0NVh2zwkgpGqBiHrrr?utm_source=oembed\"><\/iframe>\n<\/div><figcaption>Paddockast #171: Red Bull quebra maior hegemonia da hist\u00f3ria. \u00c9 nova era na F1?<\/figcaption><\/figure>\n","protected":false},"excerpt":{"rendered":"<p>O brit\u00e2nico da Mercedes cometeu um erro fatal no terceiro setor que tirou qualquer possibilidade de conquistar a pole no M\u00e9xico e lamentou pela equipe, que trouxe um bom carro para o fim de semana <\/p>\n","protected":false},"author":0,"featured_media":1000628155,"comment_status":"closed","ping_status":"closed","sticky":false,"template":"","format":"standard","meta":{"42wp_featured_image_caption":"","42wp_featured_image_credits":"","42wp_featured_video":"","42wp_featured_image_hidden":false,"42wp_authors_list":[],"footnotes":""},"categories":[2],"tags":[2764,147,1357,180,26841,800,29902,1282,32837,1491,28285,203,82,204],"42wp_author":[47128],"class_list":["post-107706","post","type-post","status-publish","format-standard","has-post-thumbnail","hentry","category-f1","tag-cidade-do-mexico","tag-f1","tag-f1-2022","tag-formula-1","tag-formula-1-2022","tag-george-russell","tag-gp-da-cidade-do-mexico-de-f1","tag-gp-do-mexico","tag-gp-do-mexico-2022","tag-grande-premio","tag-grandepremio","tag-max-verstappen","tag-mercedes","tag-red-bull","42wp_author-guilherme-bloisi"],"_links":{"self":[{"href":"https:\/\/grandepremio.com\/br\/wp-json\/wp\/v2\/posts\/107706","targetHints":{"allow":["GET"]}}],"collection":[{"href":"https:\/\/grandepremio.com\/br\/wp-json\/wp\/v2\/posts"}],"about":[{"href":"https:\/\/grandepremio.com\/br\/wp-json\/wp\/v2\/types\/post"}],"replies":[{"embeddable":true,"href":"https:\/\/grandepremio.com\/br\/wp-json\/wp\/v2\/comments?post=107706"}],"version-history":[{"count":0,"href":"https:\/\/grandepremio.com\/br\/wp-json\/wp\/v2\/posts\/107706\/revisions"}],"wp:featuredmedia":[{"embeddable":true,"href":"https:\/\/grandepremio.com\/br\/wp-json\/wp\/v2\/media\/1000628155"}],"wp:attachment":[{"href":"https:\/\/grandepremio.com\/br\/wp-json\/wp\/v2\/media?parent=107706"}],"wp:term":[{"taxonomy":"category","embeddable":true,"href":"https:\/\/grandepremio.com\/br\/wp-json\/wp\/v2\/categories?post=107706"},{"taxonomy":"post_tag","embeddable":true,"href":"https:\/\/grandepremio.com\/br\/wp-json\/wp\/v2\/tags?post=107706"},{"taxonomy":"42wp_author","embeddable":true,"href":"https:\/\/grandepremio.com\/br\/wp-json\/wp\/v2\/42wp_author?post=107706"}],"curies":[{"name":"wp","href":"https:\/\/api.w.org\/{rel}","templated":true}]}}