{"id":107707,"date":"2022-10-29T18:31:20","date_gmt":"2022-10-29T21:31:20","guid":{"rendered":"https:\/\/grandepremio.com\/br\/noticias\/max-verstappen-importancia-boa-largada-mexico-longa-reta\/"},"modified":"2022-10-29T19:31:31","modified_gmt":"2022-10-29T22:31:31","slug":"max-verstappen-importancia-boa-largada-mexico-longa-reta","status":"publish","type":"post","link":"https:\/\/grandepremio.com\/br\/f1\/max-verstappen-importancia-boa-largada-mexico-longa-reta\/","title":{"rendered":"Verstappen destaca import\u00e2ncia de &#8220;fazer boa largada&#8221; no M\u00e9xico: &#8220;Temos uma longa reta&#8221;"},"content":{"rendered":"\n<figure class=\"wp-block-embed is-type-video is-provider-youtube wp-block-embed-youtube wp-embed-aspect-16-9 wp-has-aspect-ratio\"><div class=\"wp-block-embed__wrapper\">\n<iframe loading=\"lazy\" title=\"F1 2022 NO M\u00c9XICO AO VIVO: VERSTAPPEN 1\u00ba, MERCEDES FORTE COM RUSSELL 2\u00ba E HAMILTON 3\u00ba | Briefing\" width=\"500\" height=\"281\" src=\"https:\/\/www.youtube.com\/embed\/og5Iy9Ms20w?feature=oembed\" frameborder=\"0\" allow=\"accelerometer; autoplay; clipboard-write; encrypted-media; gyroscope; picture-in-picture; web-share\" referrerpolicy=\"strict-origin-when-cross-origin\" allowfullscreen><\/iframe>\n<\/div><figcaption>TUDO SOBRE A CLASSIFICA\u00c7\u00c3O DO GP DA CIDADE DO M\u00c9XICO de F1 | Briefing<\/figcaption><\/figure>\n\n\n\n<p class=\"wp-block-paragraph\"><strong>Max Verstappen <\/strong>desbancou a amea\u00e7a das <strong>Mercedes <\/strong>neste s\u00e1bado (29), na classifica\u00e7\u00e3o para o <strong>GP da Cidade do M\u00e9xico<\/strong>, <a aria-label=\"e garantiu sua primeira pole da carreira no Aut\u00f3dromo Hermanos Rodr\u00edguez (opens in a new tab)\" href=\"https:\/\/www.grandepremio.com\/br\/f1\/noticias\/max-verstappen-supera-forca-mercedes-conquista-pole-gp-da-cidade-do-mexico\/\" target=\"_blank\" rel=\"noreferrer noopener\" class=\"ek-link\">e garantiu sua primeira pole no Aut\u00f3dromo Hermanos Rodr\u00edguez<\/a>. O holand\u00eas aproveitou para comemorar o feito in\u00e9dito e ressaltou o trabalho da <strong>Red<\/strong> <strong>Bull <\/strong>na configura\u00e7\u00e3o do carro antes da classifica\u00e7\u00e3o \u2014 que veio ap\u00f3s <strong>George Russell <\/strong>liderar os dois \u00faltimos treinos livres.<\/p>\n\n\n\n<p class=\"wp-block-paragraph\">&#8220;Foi uma boa classifica\u00e7\u00e3o&#8221;, disse Verstappen. &#8220;Foi apertada, mas fizemos alguns ajustes no carro depois do <strong>TL3 <\/strong>e alcan\u00e7amos um ritmo melhor. Conseguir a [primeira] pole aqui \u00e9 maravilhoso&#8221;, celebrou o bicampe\u00e3o mundial.<\/p>\n\n\n\n<p class=\"wp-block-paragraph\">Apesar da felicidade \u2014 e da vantagem \u2014 por largar na primeira posi\u00e7\u00e3o, Verstappen chamou aten\u00e7\u00e3o para uma caracter\u00edstica importante da pista mexicana: sua longa reta principal, com 1,3 km de extens\u00e3o.<\/p>\n\n\n\n<figure class=\"wp-block-image size-large\"><img decoding=\"async\" src=\"https:\/\/www.grandepremio.com\/br\/wp-content\/uploads\/2022\/10\/redbull-maxverstappen-afp-02-4-1024x682.jpg\" alt=\"\" class=\"wp-image-628136\"\/><figcaption>Max Verstappen pregou aten\u00e7\u00e3o na largada (Foto: AFP) <\/figcaption><\/figure>\n\n\n\n<p class=\"wp-block-paragraph\"><strong>\u25b6\ufe0f&nbsp;Inscreva-se nos dois canais do GRANDE PR\u00caMIO no YouTube:&nbsp;<a href=\"https:\/\/www.youtube.com\/channel\/UC9OlHEgxoaY6QY6nWPoiqQg?sub_confirmation=1\" target=\"_blank\" rel=\"noreferrer noopener\">GP<\/a>&nbsp;|&nbsp;<a href=\"https:\/\/www.youtube.com\/channel\/UC9csiS6q_C3C0FYhyr1rnFA?sub_confirmation=1\" target=\"_blank\" rel=\"noreferrer noopener\">GP2<\/a><\/strong><\/p>\n\n\n\n<p class=\"wp-block-paragraph\">&#8220;No in\u00edcio, temos uma longa reta at\u00e9 a curva 1&#8221;, ressaltou. &#8220;Por isso, precisamos de uma boa largada. N\u00f3s temos um bom carro, e isso \u00e9 o mais importante&#8221;, salientou Max.<\/p>\n\n\n\n<p class=\"wp-block-paragraph\">O campe\u00e3o saudou os torcedores presentes ao aut\u00f3dromo e destacou a festa no trecho do est\u00e1dio, que comp\u00f5e o \u00faltimo setor antes da linha de chegada. Reconhecendo o poderio da Red Bull, Verstappen adotou postura cautelosa quanto \u00e0 estrat\u00e9gia planejada para a corrida.<\/p>\n\n\n\n<figure class=\"wp-block-embed is-type-rich is-provider-spotify wp-block-embed-spotify wp-embed-aspect-21-9 wp-has-aspect-ratio\"><div class=\"wp-block-embed__wrapper\">\n<iframe title=\"Spotify Embed: Paddockast #171: Red Bull quebra maior hegemonia da hist\u00f3ria. \u00c9 nova era na F1?\" style=\"border-radius: 12px\" width=\"100%\" height=\"152\" frameborder=\"0\" allowfullscreen allow=\"autoplay; clipboard-write; encrypted-media; fullscreen; picture-in-picture\" loading=\"lazy\" src=\"https:\/\/open.spotify.com\/embed\/episode\/4M4b0NVh2zwkgpGqBiHrrr?go=1&amp;sp_cid=e46124eea03b8a44a11fb2bd27d4142f&amp;utm_source=oembed&amp;utm_medium=desktop&amp;nd=1\"><\/iframe>\n<\/div><\/figure>\n\n\n\n<p class=\"wp-block-paragraph\">&#8220;Pilotar aqui \u00e9 \u00f3timo, \u00e9 incr\u00edvel a paix\u00e3o dos f\u00e3s&#8221;, elogiou. &#8220;Tamb\u00e9m \u00e9 maravilhoso pilotar no est\u00e1dio [Foro do Sol]. &#8216;Checo&#8217; vai estar l\u00e1 [na briga] amanh\u00e3, vamos ter carros r\u00e1pidos. Espero que tenhamos a\u00e7\u00e3o com os carros da frente&#8221;, afirmou.<\/p>\n\n\n\n<p class=\"wp-block-paragraph\">&#8220;Acho que [a estrat\u00e9gia] vai depender da corrida&#8221;, admitiu. &#8220;Depende do que voc\u00ea consegue fazer com a estrat\u00e9gia, vamos dar uma boa analisada nisso hoje \u00e0 noite&#8221;, finalizou.<\/p>\n\n\n\n<p class=\"wp-block-paragraph\">O&nbsp;<strong>GRANDE PR\u00caMIO<\/strong>&nbsp;acompanha&nbsp;<a href=\"https:\/\/www.grandepremio.com\/br\/ao-vivo\/\"><strong>AO VIVO<\/strong>&nbsp;e&nbsp;<strong>EM&nbsp;<\/strong><\/a><strong><a href=\"https:\/\/www.grandepremio.com\/br\/ao-vivo\/\" target=\"_blank\" rel=\"noreferrer noopener\">TEMPO REAL<\/a><\/strong>&nbsp;todas as atividades do GP da Cidade do&nbsp;<strong>M\u00e9xico<\/strong>&nbsp;de&nbsp;<a href=\"https:\/\/www.grandepremio.com\/formula-1\/\" target=\"_blank\" rel=\"noreferrer noopener\">F\u00f3rmula 1<\/a>. No domingo, a largada est\u00e1 marcada para as 17h (de Bras\u00edlia, GMT-3).<\/p>\n","protected":false},"excerpt":{"rendered":"<p>Max Verstappen bateu a Mercedes e conquistou a pole-position do GP da Cidade do M\u00e9xico, mas pregou aten\u00e7\u00e3o na largada e chamou aten\u00e7\u00e3o para longa reta antes da primeira curva<\/p>\n","protected":false},"author":0,"featured_media":1000628135,"comment_status":"closed","ping_status":"closed","sticky":false,"template":"","format":"standard","meta":{"42wp_featured_image_caption":"","42wp_featured_image_credits":"","42wp_featured_video":"","42wp_featured_image_hidden":false,"42wp_authors_list":[],"footnotes":""},"categories":[2],"tags":[12603,147,1357,180,29827,1491,30103,28285,203,17551,204],"42wp_author":[47142],"class_list":["post-107707","post","type-post","status-publish","format-standard","has-post-thumbnail","hentry","category-f1","tag-autodromo-hermanos-rodriguez","tag-f1","tag-f1-2022","tag-formula-1","tag-gp-da-cidade-do-mexico","tag-grande-premio","tag-grande-premio-f1","tag-grandepremio","tag-max-verstappen","tag-mexico","tag-red-bull","42wp_author-jp-nascimento"],"_links":{"self":[{"href":"https:\/\/grandepremio.com\/br\/wp-json\/wp\/v2\/posts\/107707","targetHints":{"allow":["GET"]}}],"collection":[{"href":"https:\/\/grandepremio.com\/br\/wp-json\/wp\/v2\/posts"}],"about":[{"href":"https:\/\/grandepremio.com\/br\/wp-json\/wp\/v2\/types\/post"}],"replies":[{"embeddable":true,"href":"https:\/\/grandepremio.com\/br\/wp-json\/wp\/v2\/comments?post=107707"}],"version-history":[{"count":0,"href":"https:\/\/grandepremio.com\/br\/wp-json\/wp\/v2\/posts\/107707\/revisions"}],"wp:featuredmedia":[{"embeddable":true,"href":"https:\/\/grandepremio.com\/br\/wp-json\/wp\/v2\/media\/1000628135"}],"wp:attachment":[{"href":"https:\/\/grandepremio.com\/br\/wp-json\/wp\/v2\/media?parent=107707"}],"wp:term":[{"taxonomy":"category","embeddable":true,"href":"https:\/\/grandepremio.com\/br\/wp-json\/wp\/v2\/categories?post=107707"},{"taxonomy":"post_tag","embeddable":true,"href":"https:\/\/grandepremio.com\/br\/wp-json\/wp\/v2\/tags?post=107707"},{"taxonomy":"42wp_author","embeddable":true,"href":"https:\/\/grandepremio.com\/br\/wp-json\/wp\/v2\/42wp_author?post=107707"}],"curies":[{"name":"wp","href":"https:\/\/api.w.org\/{rel}","templated":true}]}}