{"id":107722,"date":"2022-10-28T22:52:36","date_gmt":"2022-10-29T01:52:36","guid":{"rendered":"https:\/\/grandepremio.com\/br\/noticias\/yuki-tsunoda-surpreso-facil-adaptacao-mexico-destaca-estava-confiante\/"},"modified":"2022-10-29T01:25:52","modified_gmt":"2022-10-29T04:25:52","slug":"yuki-tsunoda-surpreso-facil-adaptacao-mexico-destaca-estava-confiante","status":"publish","type":"post","link":"https:\/\/grandepremio.com\/br\/f1\/yuki-tsunoda-surpreso-facil-adaptacao-mexico-destaca-estava-confiante\/","title":{"rendered":"Tsunoda se diz surpreso com f\u00e1cil adapta\u00e7\u00e3o no M\u00e9xico e destaca: &#8220;Estava confiante&#8221;"},"content":{"rendered":"\n<p class=\"wp-block-paragraph\">A sexta-feira (28) de Yuki Tsunoda foi reduzida pela metade no M\u00e9xico, j\u00e1 que o japon\u00eas cedeu o carro a Liam Lawson na primeira sess\u00e3o do dia. Mesmo assim, a chance de guiar no circuito Hermanos Rodr\u00edguez foi bastante aproveitada na segunda sess\u00e3o, que foi usada para testes da Pirelli.<\/p>\n\n\n\n<p class=\"wp-block-paragraph\">Como n\u00e3o participou do TL1, Tsunoda p\u00f4de ir \u00e0 pista com os pneus &#8216;normais&#8217;, ao contr\u00e1rio da grande maioria, obrigada a usar os prot\u00f3tipos do ano que vem. Com isso, o representante da AlphaTauri<a href=\"https:\/\/www.grandepremio.com\/br\/f1\/noticias\/george-russell-brecha-teste-pneus-lidera-tl2-gp-cidade-do-mexico-formula-1-charles-leclerc-bate\/\" class=\"ek-link\"> foi o segundo mais r\u00e1pido<\/a>, atr\u00e1s apenas de George Russell, da Mercedes. <\/p>\n\n\n\n<p class=\"wp-block-paragraph\"><strong>\u25b6\ufe0f\u00a0Inscreva-se nos dois canais do GRANDE PR\u00caMIO no YouTube:\u00a0<a href=\"https:\/\/www.youtube.com\/channel\/UC9OlHEgxoaY6QY6nWPoiqQg?sub_confirmation=1\" target=\"_blank\" rel=\"noreferrer noopener\">GP<\/a>\u00a0|\u00a0<a href=\"https:\/\/www.youtube.com\/channel\/UC9csiS6q_C3C0FYhyr1rnFA?sub_confirmation=1\" target=\"_blank\" rel=\"noreferrer noopener\">GP2<\/a><\/strong><br><strong>\u25b6\ufe0f\u00a0<a href=\"https:\/\/www.twitch.tv\/grandepremio\" target=\"_blank\" rel=\"noreferrer noopener\">Conhe\u00e7a o canal do GRANDE PR\u00caMIO na Twitch clicando aqui!<\/a><\/strong><\/p>\n\n\n\n<figure class=\"wp-block-image size-large\"><img decoding=\"async\" src=\"https:\/\/www.grandepremio.com\/br\/wp-content\/uploads\/2022\/10\/alphatauri-yukitsunoda-02-12-1024x683.jpg\" alt=\"\" class=\"wp-image-627771\"\/><figcaption>Yuki Tsunoda classificou o TL2 no M\u00e9xico como &#8220;positivo&#8221; (Foto: AlphaTauri)<\/figcaption><\/figure>\n\n\n\n<p class=\"wp-block-paragraph\">&#8220;Estou muito feliz, \u00e9 claro que n\u00e3o \u00e9 t\u00e3o representativo, mas logo me senti confiante com o carro e consegui fazer algumas voltas fortes&#8221;, disse Yuki. &#8220;Foi bem f\u00e1cil me adaptar ao circuito, o que eu n\u00e3o esperava, ent\u00e3o o TL2 foi positivo&#8221;, acrescentou o piloto, que ficou a 0s8 do mais r\u00e1pido do dia.<\/p>\n\n\n\n<p class=\"wp-block-paragraph\">&#8220;Passei o in\u00edcio da sess\u00e3o apenas aumentando o ritmo e depois troquei para os pneus de teste. Como perdi o TL1, h\u00e1 muitos dados para analisar esta noite e mais a fazer no TL3, para reunir tudo para a classifica\u00e7\u00e3o amanh\u00e3&#8221;, concluiu Tsunoda.<\/p>\n\n\n\n<p class=\"wp-block-paragraph\">A\u00a0<a href=\"https:\/\/www.grandepremio.com\/formula-1\/\" target=\"_blank\" rel=\"noreferrer noopener\">F\u00f3rmula 1<\/a>\u00a0volta \u00e0 pista de\u00a0<a href=\"https:\/\/www.grandepremio.com\/br\/circuito\/hermanos-rodriguez\/\" target=\"_blank\" rel=\"noreferrer noopener\">Hermanos Rodr\u00edguez<\/a>\u00a0neste s\u00e1bado, \u00e0s 14h (de Bras\u00edlia, GMT-3), para o treino livre 3. A classifica\u00e7\u00e3o acontece 17h, com cobertura\u00a0<strong>AO VIVO<\/strong>\u00a0e\u00a0<strong>EM TEMPO REA<\/strong>L do\u00a0<strong>GRANDE PR\u00caMIO<\/strong>.<\/p>\n","protected":false},"excerpt":{"rendered":"<p>Yuki Tsunoda foi um dos cinco que p\u00f4de usar no TL2 os pneus programados para o fim de semana no M\u00e9xico e terminou o treino na segunda coloca\u00e7\u00e3o<\/p>\n","protected":false},"author":0,"featured_media":1000627770,"comment_status":"closed","ping_status":"closed","sticky":false,"template":"","format":"standard","meta":{"42wp_featured_image_caption":"","42wp_featured_image_credits":"","42wp_featured_video":"","42wp_featured_image_hidden":false,"42wp_authors_list":[],"footnotes":""},"categories":[2],"tags":[524,2764,26841,32831,2829,30568,32792,29648,597],"42wp_author":[47147],"class_list":["post-107722","post","type-post","status-publish","format-standard","has-post-thumbnail","hentry","category-f1","tag-alphatauri","tag-cidade-do-mexico","tag-formula-1-2022","tag-grid-de-largada-f1-2022","tag-hermanos-rodriguez","tag-pilotos-f1-2022","tag-tabela-f1-2022","tag-temporada-2022-da-f1","tag-yuki-tsunoda","42wp_author-luana-marino"],"_links":{"self":[{"href":"https:\/\/grandepremio.com\/br\/wp-json\/wp\/v2\/posts\/107722","targetHints":{"allow":["GET"]}}],"collection":[{"href":"https:\/\/grandepremio.com\/br\/wp-json\/wp\/v2\/posts"}],"about":[{"href":"https:\/\/grandepremio.com\/br\/wp-json\/wp\/v2\/types\/post"}],"replies":[{"embeddable":true,"href":"https:\/\/grandepremio.com\/br\/wp-json\/wp\/v2\/comments?post=107722"}],"version-history":[{"count":0,"href":"https:\/\/grandepremio.com\/br\/wp-json\/wp\/v2\/posts\/107722\/revisions"}],"wp:featuredmedia":[{"embeddable":true,"href":"https:\/\/grandepremio.com\/br\/wp-json\/wp\/v2\/media\/1000627770"}],"wp:attachment":[{"href":"https:\/\/grandepremio.com\/br\/wp-json\/wp\/v2\/media?parent=107722"}],"wp:term":[{"taxonomy":"category","embeddable":true,"href":"https:\/\/grandepremio.com\/br\/wp-json\/wp\/v2\/categories?post=107722"},{"taxonomy":"post_tag","embeddable":true,"href":"https:\/\/grandepremio.com\/br\/wp-json\/wp\/v2\/tags?post=107722"},{"taxonomy":"42wp_author","embeddable":true,"href":"https:\/\/grandepremio.com\/br\/wp-json\/wp\/v2\/42wp_author?post=107722"}],"curies":[{"name":"wp","href":"https:\/\/api.w.org\/{rel}","templated":true}]}}