{"id":107726,"date":"2022-10-28T22:04:46","date_gmt":"2022-10-29T01:04:46","guid":{"rendered":"https:\/\/grandepremio.com\/br\/noticias\/carlos-sainz-testes-ferrari-dia-positivo-mexico-mudamos-bastante-carro\/"},"modified":"2022-10-29T01:27:26","modified_gmt":"2022-10-29T04:27:26","slug":"carlos-sainz-testes-ferrari-dia-positivo-mexico-mudamos-bastante-carro","status":"publish","type":"post","link":"https:\/\/grandepremio.com\/br\/f1\/carlos-sainz-testes-ferrari-dia-positivo-mexico-mudamos-bastante-carro\/","title":{"rendered":"Sainz revela testes da Ferrari em &#8220;dia positivo&#8221; no M\u00e9xico: &#8220;Mudamos bastante o carro&#8221;"},"content":{"rendered":"\n<p class=\"wp-block-paragraph\">L\u00edder do <a href=\"https:\/\/www.grandepremio.com\/br\/f1\/noticias\/carlos-sainz-bate-charles-leclerc-lidera-1-2-ferrari-tl1-gp-da-cidade-do-mexico-pietro-fittipaldi-problema\/\" target=\"_blank\" aria-label=\"primeiro treino livre (opens in a new tab)\" rel=\"noreferrer noopener\" class=\"ek-link\">primeiro treino livre<\/a> do <strong>GP da Cidade do M\u00e9xico<\/strong> \u2014 o \u00fanico do dia que contou com tempos representativos, <a href=\"https:\/\/www.grandepremio.com\/br\/f1\/noticias\/george-russell-brecha-teste-pneus-lidera-tl2-gp-cidade-do-mexico-formula-1-charles-leclerc-bate\/\" target=\"_blank\" aria-label=\"j\u00e1 que o TL2 foi focado nos testes de pneus de 2023 (opens in a new tab)\" rel=\"noreferrer noopener\" class=\"ek-link\">j\u00e1 que o <strong>TL2 <\/strong>foi focado nos testes de pneus de 2023<\/a> da Pirelli \u2014, <strong>Carlos Sainz <\/strong>saiu satisfeito com a sexta-feira (28) da <strong>Ferrari<\/strong>. Mais importante do que a lideran\u00e7a no <strong>TL1<\/strong>, o espanhol destacou as mudan\u00e7as feitas pela equipe para testar o carro de diferentes formas para a corrida.<\/p>\n\n\n\n<p class=\"wp-block-paragraph\">&#8220;Num geral, foi um dia positivo aqui no M\u00e9xico&#8221;, disse Sainz. &#8220;N\u00f3s completamos as duas sess\u00f5es sem problemas e conseguimos mudar o carro bastante entre elas, com o objetivo de testar abordagens diferentes&#8221;, afirmou.<\/p>\n\n\n\n<p class=\"wp-block-paragraph\"><strong>\u25b6\ufe0f&nbsp;<a href=\"https:\/\/www.twitch.tv\/grandepremio\" target=\"_blank\" rel=\"noreferrer noopener\">Conhe\u00e7a o canal do GRANDE PR\u00caMIO na Twitch clicando aqui!<\/a><\/strong><\/p>\n\n\n\n<figure class=\"wp-block-image size-large\"><img decoding=\"async\" src=\"https:\/\/www.grandepremio.com\/br\/wp-content\/uploads\/2022\/10\/ferrari-carlossainz-afp-02-5-1024x643.jpg\" alt=\"\" class=\"wp-image-627804\"\/><figcaption>Carlos Sainz admitiu dificuldades causadas pela altitude na Cidade do M\u00e9xico (Foto: AFP)<\/figcaption><\/figure>\n\n\n\n<p class=\"wp-block-paragraph\"><strong>\u25b6\ufe0f&nbsp;Inscreva-se nos dois canais do GRANDE PR\u00caMIO no YouTube:&nbsp;<a href=\"https:\/\/www.youtube.com\/channel\/UC9OlHEgxoaY6QY6nWPoiqQg?sub_confirmation=1\" target=\"_blank\" rel=\"noreferrer noopener\">GP<\/a>&nbsp;|&nbsp;<a href=\"https:\/\/www.youtube.com\/channel\/UC9csiS6q_C3C0FYhyr1rnFA?sub_confirmation=1\" target=\"_blank\" rel=\"noreferrer noopener\">GP2<\/a><\/strong><\/p>\n\n\n\n<p class=\"wp-block-paragraph\">Sainz ressaltou a dificuldade de pilotar na Cidade do M\u00e9xico, marcada pela altitude de 2.240 metros acima do n\u00edvel do mar. &#8220;N\u00e3o \u00e9 um circuito f\u00e1cil, naturalmente estamos sentindo a falta de downforce pela altitude, mas estamos nos divertindo&#8221;, garantiu o espanhol. Para efeitos de compara\u00e7\u00e3o, a cidade de Barcelona, onde a F1 tradicionalmente realiza sua pr\u00e9-temporada, est\u00e1 situada a 12 metros de altitude.<\/p>\n\n\n\n<p class=\"wp-block-paragraph\">Por fim, Sainz agradeceu \u00e0 torcida presente ao <strong>Aut\u00f3dromo Hermanos Rodr\u00edguez <\/strong>e prometeu se esfor\u00e7ar para devolver o carinho dos f\u00e3s com um grande show na corrida de domingo.<\/p>\n\n\n\n<p class=\"wp-block-paragraph\">&#8220;Obrigado a todos os f\u00e3s mexicanos por esse grande apoio&#8221;, ressaltou. &#8220;\u00c9 sempre impressionante pilotar pela zona do est\u00e1dio e ouvir o p\u00fablico torcendo. Vamos tentar fazer um grande show para todos nesse fim de semana&#8221;, encerrou.<\/p>\n\n\n\n<p class=\"wp-block-paragraph\">O&nbsp;<strong>GRANDE PR\u00caMIO<\/strong>&nbsp;acompanha&nbsp;<a href=\"https:\/\/www.grandepremio.com\/br\/ao-vivo\/\"><strong>AO VIVO<\/strong>&nbsp;e&nbsp;<strong>EM&nbsp;<\/strong><\/a><strong><a href=\"https:\/\/www.grandepremio.com\/br\/ao-vivo\/\" target=\"_blank\" rel=\"noreferrer noopener\">TEMPO REAL<\/a><\/strong>&nbsp;todas as atividades do GP da Cidade do&nbsp;<strong>M\u00e9xico<\/strong>&nbsp;de&nbsp;<a href=\"https:\/\/www.grandepremio.com\/formula-1\/\" target=\"_blank\" rel=\"noreferrer noopener\">F\u00f3rmula 1<\/a>. No s\u00e1bado, o TL3 abre o dia \u00e0s 14h (de Bras\u00edlia, GMT-3). Depois disso, a classifica\u00e7\u00e3o est\u00e1 marcada para 17h.<\/p>\n\n\n\n<figure class=\"wp-block-embed is-type-rich is-provider-spotify wp-block-embed-spotify wp-embed-aspect-21-9 wp-has-aspect-ratio\"><div class=\"wp-block-embed__wrapper\">\n<iframe title=\"Spotify Embed: Paddockast #171: Red Bull quebra maior hegemonia da hist\u00f3ria. \u00c9 nova era na F1?\" style=\"border-radius: 12px\" width=\"100%\" height=\"152\" frameborder=\"0\" allowfullscreen allow=\"autoplay; clipboard-write; encrypted-media; fullscreen; picture-in-picture\" loading=\"lazy\" src=\"https:\/\/open.spotify.com\/embed\/episode\/4M4b0NVh2zwkgpGqBiHrrr?go=1&amp;sp_cid=e46124eea03b8a44a11fb2bd27d4142f&amp;utm_source=oembed&amp;utm_medium=desktop&amp;nd=1\"><\/iframe>\n<\/div><\/figure>\n","protected":false},"excerpt":{"rendered":"<p>Al\u00e9m de ressaltar capacidade da Ferrari de testar abordagens alternativas para a corrida, Carlos Sainz destacou dificuldade de pilotar a 2.240 metros acima do n\u00edvel do mar<\/p>\n","protected":false},"author":0,"featured_media":1000627772,"comment_status":"closed","ping_status":"closed","sticky":false,"template":"","format":"standard","meta":{"42wp_featured_image_caption":"","42wp_featured_image_credits":"","42wp_featured_video":"","42wp_featured_image_hidden":false,"42wp_authors_list":[],"footnotes":""},"categories":[2],"tags":[546,2764,207,26841,32831,2829,30568,32792,29648],"42wp_author":[47142],"class_list":["post-107726","post","type-post","status-publish","format-standard","has-post-thumbnail","hentry","category-f1","tag-carlos-sainz","tag-cidade-do-mexico","tag-ferrari","tag-formula-1-2022","tag-grid-de-largada-f1-2022","tag-hermanos-rodriguez","tag-pilotos-f1-2022","tag-tabela-f1-2022","tag-temporada-2022-da-f1","42wp_author-jp-nascimento"],"_links":{"self":[{"href":"https:\/\/grandepremio.com\/br\/wp-json\/wp\/v2\/posts\/107726","targetHints":{"allow":["GET"]}}],"collection":[{"href":"https:\/\/grandepremio.com\/br\/wp-json\/wp\/v2\/posts"}],"about":[{"href":"https:\/\/grandepremio.com\/br\/wp-json\/wp\/v2\/types\/post"}],"replies":[{"embeddable":true,"href":"https:\/\/grandepremio.com\/br\/wp-json\/wp\/v2\/comments?post=107726"}],"version-history":[{"count":0,"href":"https:\/\/grandepremio.com\/br\/wp-json\/wp\/v2\/posts\/107726\/revisions"}],"wp:featuredmedia":[{"embeddable":true,"href":"https:\/\/grandepremio.com\/br\/wp-json\/wp\/v2\/media\/1000627772"}],"wp:attachment":[{"href":"https:\/\/grandepremio.com\/br\/wp-json\/wp\/v2\/media?parent=107726"}],"wp:term":[{"taxonomy":"category","embeddable":true,"href":"https:\/\/grandepremio.com\/br\/wp-json\/wp\/v2\/categories?post=107726"},{"taxonomy":"post_tag","embeddable":true,"href":"https:\/\/grandepremio.com\/br\/wp-json\/wp\/v2\/tags?post=107726"},{"taxonomy":"42wp_author","embeddable":true,"href":"https:\/\/grandepremio.com\/br\/wp-json\/wp\/v2\/42wp_author?post=107726"}],"curies":[{"name":"wp","href":"https:\/\/api.w.org\/{rel}","templated":true}]}}