{"id":107729,"date":"2022-10-28T21:33:33","date_gmt":"2022-10-29T00:33:33","guid":{"rendered":"https:\/\/grandepremio.com\/br\/noticias\/george-russell-sexta-feira-das-melhores-possibilidade-podio-mexico\/"},"modified":"2022-10-29T01:28:45","modified_gmt":"2022-10-29T04:28:45","slug":"george-russell-sexta-feira-das-melhores-possibilidade-podio-mexico","status":"publish","type":"post","link":"https:\/\/grandepremio.com\/br\/f1\/george-russell-sexta-feira-das-melhores-possibilidade-podio-mexico\/","title":{"rendered":"Russell celebra &#8220;sexta-feira das melhores do ano&#8221; e v\u00ea possibilidade de p\u00f3dio no M\u00e9xico"},"content":{"rendered":"\n<p class=\"wp-block-paragraph\"><strong>George Russell <\/strong><a href=\"https:\/\/www.grandepremio.com\/br\/f1\/noticias\/george-russell-brecha-teste-pneus-lidera-tl2-gp-cidade-do-mexico-formula-1-charles-leclerc-bate\/\" target=\"_blank\" aria-label=\"terminou o segundo treino livre (opens in a new tab)\" rel=\"noreferrer noopener\" class=\"ek-link\">terminou o segundo treino livre<\/a> do <strong>GP da Cidade do M\u00e9xico<\/strong> na primeira coloca\u00e7\u00e3o, mas a sess\u00e3o focada nos testes dos pneus de 2023 da <strong>Pirelli <\/strong>foi pouco representativa em termos de tempos de volta. Ainda assim, o ingl\u00eas saiu feliz com o resultado conquistado no Aut\u00f3dromo Hermanos Rodr\u00edguez e destacou o primeiro dia de atividades do fim de semana como um dos melhores de 2022.<\/p>\n\n\n\n<p class=\"wp-block-paragraph\">&#8220;Hoje foi uma de nossas melhores sextas-feiras, se n\u00e3o a melhor, do ano&#8221;, elogiou Russell. &#8220;O carro est\u00e1 funcionando bem, e me sinto bem pilotando aqui. O ritmo estava relativamente forte, mas sabemos os desafios desse circuito&#8221;, afirmou.<\/p>\n\n\n\n<p class=\"wp-block-paragraph\">Apesar da satisfa\u00e7\u00e3o com os tempos das duas primeiras sess\u00f5es, Russell admitiu que a corrida reserva condi\u00e7\u00f5es mais complicadas e desafios que a <strong>Mercedes <\/strong>ainda precisar\u00e1 superar.<\/p>\n\n\n\n<p class=\"wp-block-paragraph\">&#8220;Para a classifica\u00e7\u00e3o, a dificuldade ser\u00e1 colocar os pneus na temperatura certa para uma volta lan\u00e7ada&#8221;, avaliou. &#8220;E no domingo, ser\u00e1 dif\u00edcil gerenciar as temperaturas do motor e do freio&#8221;, ressaltou o brit\u00e2nico.<\/p>\n\n\n\n<p class=\"wp-block-paragraph\"><strong>\u25b6\ufe0f&nbsp;<a href=\"https:\/\/www.twitch.tv\/grandepremio\" target=\"_blank\" rel=\"noreferrer noopener\">Conhe\u00e7a o canal do GRANDE PR\u00caMIO na Twitch clicando aqui!<\/a><\/strong><\/p>\n\n\n\n<figure class=\"wp-block-image size-large\"><img decoding=\"async\" src=\"https:\/\/www.grandepremio.com\/br\/wp-content\/uploads\/2022\/10\/mercedes-georgerussell-01-12-1024x683.jpg\" alt=\"\" class=\"wp-image-627739\"\/><figcaption>George Russell disse ter tirado aprendizados da sexta-feira no M\u00e9xico (Foto: Mercedes)<\/figcaption><\/figure>\n\n\n\n<p class=\"wp-block-paragraph\"><strong>\u25b6\ufe0f&nbsp;Inscreva-se nos dois canais do GRANDE PR\u00caMIO no YouTube:&nbsp;<a href=\"https:\/\/www.youtube.com\/channel\/UC9OlHEgxoaY6QY6nWPoiqQg?sub_confirmation=1\" target=\"_blank\" rel=\"noreferrer noopener\">GP<\/a>&nbsp;|&nbsp;<a href=\"https:\/\/www.youtube.com\/channel\/UC9csiS6q_C3C0FYhyr1rnFA?sub_confirmation=1\" target=\"_blank\" rel=\"noreferrer noopener\">GP2<\/a><\/strong><\/p>\n\n\n\n<p class=\"wp-block-paragraph\">Ainda assim, o companheiro de <strong>Lewis Hamilton <\/strong>confia em um resultado positivo no M\u00e9xico e sonha com o p\u00f3dio, apesar de lamentar a aus\u00eancia de representatividade de seus tempos no segundo treino livre. Na opini\u00e3o de George, os testes da Pirelli no <strong>TL2 <\/strong>dificultam o entendimento das equipes sobre o ritmo de cada uma.<\/p>\n\n\n\n<p class=\"wp-block-paragraph\">&#8220;Um lugar no p\u00f3dio seria poss\u00edvel para n\u00f3s nesse fim de semana, ent\u00e3o teremos isso como objetivo&#8221;, salientou. &#8220;N\u00e3o conseguir fazer uma sess\u00e3o normal no TL2, onde normalmente avaliamos as jornadas longas de nossos rivais, n\u00e3o nos permite entender o n\u00edvel de nossos competidores&#8221;, destacou.<\/p>\n\n\n\n<p class=\"wp-block-paragraph\">&#8220;E isso pode se tornar um grande desafio se sofrermos com as temperaturas dos pneus durante a corrida&#8221;, admitiu Russell. &#8220;N\u00f3s tiramos alguns ensinamentos muito \u00fateis sobre o gerenciamento das temperaturas para o ano que vem, e vamos continuar trabalhando nisso ao longo da noite. Certamente n\u00e3o ser\u00e1 um fim de semana simples, mas tivemos aprendizados positivos hoje&#8221;, finalizou.<\/p>\n\n\n\n<p class=\"wp-block-paragraph\">O&nbsp;<strong>GRANDE PR\u00caMIO<\/strong>&nbsp;acompanha&nbsp;<a href=\"https:\/\/www.grandepremio.com\/br\/ao-vivo\/\"><strong>AO VIVO<\/strong>&nbsp;e&nbsp;<strong>EM&nbsp;<\/strong><\/a><strong><a href=\"https:\/\/www.grandepremio.com\/br\/ao-vivo\/\" target=\"_blank\" rel=\"noreferrer noopener\">TEMPO REAL<\/a><\/strong>&nbsp;todas as atividades do GP da Cidade do&nbsp;<strong>M\u00e9xico<\/strong>&nbsp;de&nbsp;<a href=\"https:\/\/www.grandepremio.com\/formula-1\/\" target=\"_blank\" rel=\"noreferrer noopener\">F\u00f3rmula 1<\/a>. No s\u00e1bado, o TL3 abre o dia \u00e0s 14h (de Bras\u00edlia, GMT-3). Depois disso, a classifica\u00e7\u00e3o est\u00e1 marcada para 17h.<\/p>\n\n\n\n<figure class=\"wp-block-embed is-type-rich is-provider-spotify wp-block-embed-spotify wp-embed-aspect-21-9 wp-has-aspect-ratio\"><div class=\"wp-block-embed__wrapper\">\n<iframe title=\"Spotify Embed: Paddockast #171: Red Bull quebra maior hegemonia da hist\u00f3ria. \u00c9 nova era na F1?\" style=\"border-radius: 12px\" width=\"100%\" height=\"152\" frameborder=\"0\" allowfullscreen allow=\"autoplay; clipboard-write; encrypted-media; fullscreen; picture-in-picture\" loading=\"lazy\" src=\"https:\/\/open.spotify.com\/embed\/episode\/4M4b0NVh2zwkgpGqBiHrrr?go=1&amp;sp_cid=e46124eea03b8a44a11fb2bd27d4142f&amp;utm_source=oembed&amp;utm_medium=desktop&amp;nd=1\"><\/iframe>\n<\/div><\/figure>\n","protected":false},"excerpt":{"rendered":"<p>George Russell aprovou resultados da Mercedes no primeiro dia de atividades do GP da Cidade do M\u00e9xico, mas lamentou falta de tempos representativos no TL2 \u2014 que teve teste da Pirelli<\/p>\n","protected":false},"author":0,"featured_media":1000627797,"comment_status":"closed","ping_status":"closed","sticky":false,"template":"","format":"standard","meta":{"42wp_featured_image_caption":"","42wp_featured_image_credits":"","42wp_featured_video":"","42wp_featured_image_hidden":false,"42wp_authors_list":[],"footnotes":""},"categories":[2],"tags":[2764,26841,800,32831,2829,82,30568,32792,29648],"42wp_author":[47142],"class_list":["post-107729","post","type-post","status-publish","format-standard","has-post-thumbnail","hentry","category-f1","tag-cidade-do-mexico","tag-formula-1-2022","tag-george-russell","tag-grid-de-largada-f1-2022","tag-hermanos-rodriguez","tag-mercedes","tag-pilotos-f1-2022","tag-tabela-f1-2022","tag-temporada-2022-da-f1","42wp_author-jp-nascimento"],"_links":{"self":[{"href":"https:\/\/grandepremio.com\/br\/wp-json\/wp\/v2\/posts\/107729","targetHints":{"allow":["GET"]}}],"collection":[{"href":"https:\/\/grandepremio.com\/br\/wp-json\/wp\/v2\/posts"}],"about":[{"href":"https:\/\/grandepremio.com\/br\/wp-json\/wp\/v2\/types\/post"}],"replies":[{"embeddable":true,"href":"https:\/\/grandepremio.com\/br\/wp-json\/wp\/v2\/comments?post=107729"}],"version-history":[{"count":0,"href":"https:\/\/grandepremio.com\/br\/wp-json\/wp\/v2\/posts\/107729\/revisions"}],"wp:featuredmedia":[{"embeddable":true,"href":"https:\/\/grandepremio.com\/br\/wp-json\/wp\/v2\/media\/1000627797"}],"wp:attachment":[{"href":"https:\/\/grandepremio.com\/br\/wp-json\/wp\/v2\/media?parent=107729"}],"wp:term":[{"taxonomy":"category","embeddable":true,"href":"https:\/\/grandepremio.com\/br\/wp-json\/wp\/v2\/categories?post=107729"},{"taxonomy":"post_tag","embeddable":true,"href":"https:\/\/grandepremio.com\/br\/wp-json\/wp\/v2\/tags?post=107729"},{"taxonomy":"42wp_author","embeddable":true,"href":"https:\/\/grandepremio.com\/br\/wp-json\/wp\/v2\/42wp_author?post=107729"}],"curies":[{"name":"wp","href":"https:\/\/api.w.org\/{rel}","templated":true}]}}