{"id":107732,"date":"2022-10-28T20:51:08","date_gmt":"2022-10-28T23:51:08","guid":{"rendered":"https:\/\/grandepremio.com\/br\/noticias\/max-verstappen-pede-atencao-red-bull-pneus-duros-mexico-mais-complicados\/"},"modified":"2022-10-29T01:29:16","modified_gmt":"2022-10-29T04:29:16","slug":"max-verstappen-pede-atencao-red-bull-pneus-duros-mexico-mais-complicados","status":"publish","type":"post","link":"https:\/\/grandepremio.com\/br\/f1\/max-verstappen-pede-atencao-red-bull-pneus-duros-mexico-mais-complicados\/","title":{"rendered":"Verstappen pede aten\u00e7\u00e3o da Red Bull com pneus duros no M\u00e9xico: &#8220;Mais complicados&#8221;"},"content":{"rendered":"\n<p class=\"wp-block-paragraph\">Assim como no fim de semana passado, em Austin, o segundo treino livre da&nbsp;<strong>F\u00f3rmula 1<\/strong>&nbsp;para o&nbsp;<strong>GP da Cidade do M\u00e9xico<\/strong>, nesta sexta-feira (28),&nbsp;foi destinado ao teste de pneus da&nbsp;<strong>Pirelli<\/strong>. J\u00e1 de olho na pr\u00f3xima temporada, a fornecedora oficial da categoria distribuiu prot\u00f3tipos para os 20 pilotos na sess\u00e3o derradeira do primeiro dia de a\u00e7\u00f5es no <strong>Aut\u00f3dromo Hermanos Rodr\u00edguez<\/strong>. <\/p>\n\n\n\n<p class=\"wp-block-paragraph\"><strong>\u25b6\ufe0f&nbsp;Inscreva-se nos dois canais do GRANDE PR\u00caMIO no YouTube:&nbsp;<a href=\"https:\/\/www.youtube.com\/channel\/UC9OlHEgxoaY6QY6nWPoiqQg?sub_confirmation=1\" target=\"_blank\" rel=\"noreferrer noopener\">GP<\/a>&nbsp;|&nbsp;<a href=\"https:\/\/www.youtube.com\/channel\/UC9csiS6q_C3C0FYhyr1rnFA?sub_confirmation=1\" target=\"_blank\" rel=\"noreferrer noopener\">GP2<\/a><\/strong><br><strong>\u25b6\ufe0f&nbsp;<a href=\"https:\/\/www.twitch.tv\/grandepremio\" target=\"_blank\" rel=\"noreferrer noopener\">Conhe\u00e7a o canal do GRANDE PR\u00caMIO na Twitch clicando aqui!<\/a><\/strong><\/p>\n\n\n\n<p class=\"wp-block-paragraph\">Justamente por isso, <strong>Max Verstappen<\/strong> apontou que a <strong>Red Bull<\/strong> conseguiu somente &#8220;pouqu\u00edssimas informa\u00e7\u00f5es&#8221; do desempenho do <strong>RB18<\/strong> no tra\u00e7ado mexicano. Ao que parece, entretanto, tudo funciona bem \u2014 segundo o pr\u00f3prio bicampe\u00e3o mundial. A exce\u00e7\u00e3o est\u00e1 em um certo jogo de pneus.<\/p>\n\n\n\n<p class=\"wp-block-paragraph\">&#8220;Nos pneus macios, tudo esteve bem. Mas s\u00f3 tivemos uma sequ\u00eancia com eles na pista. No TL2, tivemos de fazer o teste de pneus de novo. Deixa tudo um pouco mais dif\u00edcil para todo mundo, como foi semana passada. Mas os pneus duros est\u00e3o um pouco mais complicados aqui&#8221;, apontou Verstappen.<\/p>\n\n\n\n<figure class=\"wp-block-image size-large\"><img decoding=\"async\" src=\"https:\/\/www.grandepremio.com\/br\/wp-content\/uploads\/2022\/10\/redbull-maxverstappen-01-12-1024x576.jpg\" alt=\"\" class=\"wp-image-627741\"\/><figcaption>Max Verstappen reclamou de ader\u00eancia da pista mexicana (Foto: Red Bull Content Pool)<\/figcaption><\/figure>\n\n\n\n<p class=\"wp-block-paragraph\">O holand\u00eas da Red Bull terminou o TL2 na Cidade do M\u00e9xico na 6\u00aa coloca\u00e7\u00e3o, com tempo de 1min21s588. Na primeira sess\u00e3o do dia, Verstappen foi o 4\u00ba. Mas o grande momento do piloto taurino no treino foi na marca de 33 minutos \u2014 quando, na curva 11, lutou para manter o RB18 no tra\u00e7ado, mas rodou e quase bateu na barreira de prote\u00e7\u00e3o. <\/p>\n\n\n\n<p class=\"wp-block-paragraph\">&#8220;\u00c9, eu tive um momento ali. Assim que eu sa\u00ed da linha do tra\u00e7ado, parecia gelo. Escorreguei para a esquerda, para a direita. S\u00f3 segurei os freios para n\u00e3o bater no muro&#8221;, justificou o atual campe\u00e3o mundial.<\/p>\n\n\n\n<p class=\"wp-block-paragraph\">O&nbsp;<strong>GRANDE PR\u00caMIO<\/strong>&nbsp;acompanha&nbsp;<a href=\"https:\/\/www.grandepremio.com\/br\/ao-vivo\/\"><strong>AO VIVO<\/strong>&nbsp;e&nbsp;<strong>EM&nbsp;<\/strong><\/a><strong><a href=\"https:\/\/www.grandepremio.com\/br\/ao-vivo\/\" target=\"_blank\" rel=\"noreferrer noopener\">TEMPO REAL<\/a><\/strong>&nbsp;todas as atividades do GP da Cidade do&nbsp;<strong>M\u00e9xico<\/strong>&nbsp;de&nbsp;<a href=\"https:\/\/www.grandepremio.com\/formula-1\/\" target=\"_blank\" rel=\"noreferrer noopener\">F\u00f3rmula 1<\/a>. No s\u00e1bado, o TL3 abre o dia \u00e0s 14h (de Bras\u00edlia, GMT-3). Depois disso, a classifica\u00e7\u00e3o est\u00e1 marcada para 17h.<\/p>\n\n\n\n<figure class=\"wp-block-embed is-type-video is-provider-youtube wp-block-embed-youtube wp-embed-aspect-16-9 wp-has-aspect-ratio\"><div class=\"wp-block-embed__wrapper\">\n<iframe loading=\"lazy\" title=\"F1 2022 AO VIVO: RUSSELL 1\u00ba, LECLERC BATE NO M\u00c9XICO E RED BULL PUNIDA  | Briefing\" width=\"500\" height=\"281\" src=\"https:\/\/www.youtube.com\/embed\/u15UPgxSSDU?feature=oembed\" frameborder=\"0\" allow=\"accelerometer; autoplay; clipboard-write; encrypted-media; gyroscope; picture-in-picture; web-share\" referrerpolicy=\"strict-origin-when-cross-origin\" allowfullscreen><\/iframe>\n<\/div><figcaption>F1 2022 AO VIVO: RUSSELL 1\u00ba, LECLERC BATE NO M\u00c9XICO E RED BULL PUNIDA | Briefing<\/figcaption><\/figure>\n","protected":false},"excerpt":{"rendered":"<p>Testes da Pirelli para 2023 prejudicaram todos no Aut\u00f3dromo Hermanos Rodr\u00edguez, segundo o holand\u00eas. Ainda assim, mesmo com tempo reduzido de treino, Verstappen afirmou ter sido poss\u00edvel apontar trunfos e fraquezas do RB18<\/p>\n","protected":false},"author":0,"featured_media":1000627799,"comment_status":"closed","ping_status":"closed","sticky":false,"template":"","format":"standard","meta":{"42wp_featured_image_caption":"","42wp_featured_image_credits":"","42wp_featured_video":"","42wp_featured_image_hidden":false,"42wp_authors_list":[],"footnotes":""},"categories":[2],"tags":[31554,2764,30595,32830,32794,32790,32791,26841,32831,2829,203,30568,204,32792,29648],"42wp_author":[47143],"class_list":["post-107732","post","type-post","status-publish","format-standard","has-post-thumbnail","hentry","category-f1","tag-calendario-da-f1-2022","tag-cidade-do-mexico","tag-classificacao-f1-2022","tag-f1-2022-calendar","tag-f1-2022-horarios","tag-f1-2022-standings","tag-f1-live-stream-2022","tag-formula-1-2022","tag-grid-de-largada-f1-2022","tag-hermanos-rodriguez","tag-max-verstappen","tag-pilotos-f1-2022","tag-red-bull","tag-tabela-f1-2022","tag-temporada-2022-da-f1","42wp_author-felipe-leite"],"_links":{"self":[{"href":"https:\/\/grandepremio.com\/br\/wp-json\/wp\/v2\/posts\/107732","targetHints":{"allow":["GET"]}}],"collection":[{"href":"https:\/\/grandepremio.com\/br\/wp-json\/wp\/v2\/posts"}],"about":[{"href":"https:\/\/grandepremio.com\/br\/wp-json\/wp\/v2\/types\/post"}],"replies":[{"embeddable":true,"href":"https:\/\/grandepremio.com\/br\/wp-json\/wp\/v2\/comments?post=107732"}],"version-history":[{"count":0,"href":"https:\/\/grandepremio.com\/br\/wp-json\/wp\/v2\/posts\/107732\/revisions"}],"wp:featuredmedia":[{"embeddable":true,"href":"https:\/\/grandepremio.com\/br\/wp-json\/wp\/v2\/media\/1000627799"}],"wp:attachment":[{"href":"https:\/\/grandepremio.com\/br\/wp-json\/wp\/v2\/media?parent=107732"}],"wp:term":[{"taxonomy":"category","embeddable":true,"href":"https:\/\/grandepremio.com\/br\/wp-json\/wp\/v2\/categories?post=107732"},{"taxonomy":"post_tag","embeddable":true,"href":"https:\/\/grandepremio.com\/br\/wp-json\/wp\/v2\/tags?post=107732"},{"taxonomy":"42wp_author","embeddable":true,"href":"https:\/\/grandepremio.com\/br\/wp-json\/wp\/v2\/42wp_author?post=107732"}],"curies":[{"name":"wp","href":"https:\/\/api.w.org\/{rel}","templated":true}]}}