{"id":107759,"date":"2022-10-27T17:10:19","date_gmt":"2022-10-27T20:10:19","guid":{"rendered":"https:\/\/grandepremio.com\/br\/noticias\/lewis-hamilton-recorda-derrota-desilusao-gp-abu-dhabi-2021-foi-de-destruir-a-alma\/"},"modified":"2022-10-27T17:13:32","modified_gmt":"2022-10-27T20:13:32","slug":"lewis-hamilton-recorda-derrota-desilusao-gp-abu-dhabi-2021-foi-de-destruir-a-alma","status":"publish","type":"post","link":"https:\/\/grandepremio.com\/br\/f1\/lewis-hamilton-recorda-derrota-desilusao-gp-abu-dhabi-2021-foi-de-destruir-a-alma\/","title":{"rendered":"Hamilton recorda derrota e desilus\u00e3o no GP de Abu Dhabi de 2021: &#8220;Foi de destruir a alma&#8221;"},"content":{"rendered":"\n<p class=\"wp-block-paragraph\"><strong>Lewis Hamilton<\/strong> garantiu que pretende seguir na<strong> Mercedes <\/strong>por alguns anos. Com contrato at\u00e9 o fim de 2023, o <strong>heptacampe\u00e3o mundial<\/strong> voltou a falar sobre a controversa <strong>decis\u00e3o da temporada 2021<\/strong> da <strong>F\u00f3rmula 1<\/strong>, quando acabou superado por <strong>Max Verstappen <\/strong>na \u00faltima volta do <strong>GP de Abu Dhabi <\/strong>e viu o t\u00edtulo escapar.<\/p>\n\n\n\n<p class=\"wp-block-paragraph\">Em conversa com jornalistas ingleses durante o fim de semana do <strong>GP dos Estados Unidos<\/strong>, Hamilton assegurou que n\u00e3o perdeu a paix\u00e3o pelo esporte e que a desilus\u00e3o gerada pela derrota foi apenas pela forma com que aconteceu. Na ocasi\u00e3o, o diretor de prova <strong>Michael Masi<\/strong> autorizou uma relargada na \u00faltima volta da corrida sem que todos os pilotos retardat\u00e1rios pudessem descontar suas voltas, selecionando apenas os que estavam entre Lewis e Max. Com o confronto criado, o holand\u00eas conseguiu a ultrapassagem e levantou o t\u00edtulo.<\/p>\n\n\n\n<p class=\"wp-block-paragraph\">&#8220;Parece que foi anos atr\u00e1s. Foi algo de destruir a alma. Ser\u00e1 que eu realmente n\u00e3o voltaria? N\u00e3o sou de desistir assim. O que realmente machucou foi acreditar que o esporte faria algo assim, que isso aconteceria, j\u00e1 que existem tantas pessoas em quem voc\u00ea confia&#8221;, comentou Lewis, que, ap\u00f3s a decis\u00e3o, <a href=\"https:\/\/www.grandepremio.com\/br\/f1\/noticias\/lewis-hamilton-retoma-redes-sociais-quase-2-meses-apos-derrota-na-f1-estou-de-volta\/\" class=\"ek-link\">se ausentou das redes sociais por quase dois meses<\/a>, levantando d\u00favidas sobre sua sequ\u00eancia na <strong>F\u00f3rmula 1<\/strong>. <\/p>\n\n\n\n<p class=\"wp-block-paragraph\"><strong>\u25b6\ufe0f&nbsp;Inscreva-se nos dois canais do GRANDE PR\u00caMIO no YouTube:&nbsp;<a href=\"https:\/\/www.youtube.com\/channel\/UC9OlHEgxoaY6QY6nWPoiqQg?sub_confirmation=1\" target=\"_blank\" rel=\"noreferrer noopener\">GP<\/a>&nbsp;|&nbsp;<a href=\"https:\/\/www.youtube.com\/channel\/UC9csiS6q_C3C0FYhyr1rnFA?sub_confirmation=1\" target=\"_blank\" rel=\"noreferrer noopener\">GP2<\/a><\/strong><br><strong>\u25b6\ufe0f&nbsp;<a href=\"https:\/\/www.twitch.tv\/grandepremio\" target=\"_blank\" rel=\"noreferrer noopener\">Conhe\u00e7a o canal do GRANDE PR\u00caMIO na Twitch clicando aqui!<\/a><\/strong><\/p>\n\n\n\n<figure class=\"wp-block-image size-large\"><img decoding=\"async\" src=\"https:\/\/www.grandepremio.com\/br\/wp-content\/uploads\/2021\/12\/redbull-maxverstappen-02-5-1024x683.jpg\" alt=\"\" class=\"wp-image-532116\"\/><figcaption>Max Verstappen superou Lewis Hamilton na \u00faltima volta para conquistar o t\u00edtulo (Foto: Red Bull Content Pool)<\/figcaption><\/figure>\n\n\n\n<p class=\"wp-block-paragraph\">Uma vez mais, o multicampe\u00e3o reiterou a frustra\u00e7\u00e3o com as a\u00e7\u00f5es tomadas durante a corrida. &#8220;Voc\u00ea espera que o trabalho seja feito corretamente, e o encerramento de um Campeonato Mundial, em que muitas pessoas trabalharam t\u00e3o duro para, vem de uma decis\u00e3o errada de algu\u00e9m. Foi a \u00fanica coisa. N\u00e3o foi minha falta de amor pelo meu trabalho, meu time, ou as corridas. Foi literalmente isso. Voc\u00ea n\u00e3o pode perder um campeonato por um erro de uma organiza\u00e7\u00e3o, foi a \u00fanica coisa em que pensei&#8221;, completou.<\/p>\n\n\n\n<p class=\"wp-block-paragraph\">A <a href=\"https:\/\/www.grandepremio.com\/br\/f1\/noticias\/fia-anuncia-saida-michael-masi-sete-meses-controversia-decisao-formula-1-abu-dhabi\/\" class=\"ek-link\">pol\u00eamica acabou custando o emprego de Masi<\/a>, que foi removido como diretor de provas da F\u00f3rmula 1. Quase um ano ap\u00f3s o incidente, Hamilton n\u00e3o acredita que o australiano agiu de m\u00e1 f\u00e9, mas que pode ter sido male\u00e1vel na situa\u00e7\u00e3o.<\/p>\n\n\n\n<p class=\"wp-block-paragraph\">&#8220;Eu n\u00e3o sei, parece que faz tanto tempo. Acho que foi apenas erro na tomada de decis\u00e3o. Tenho certeza que h\u00e1 ego envolvido, e algumas outras partes, gente falando na orelha dele. N\u00e3o sinto que fui um alvo particular&#8221;, concluiu.<\/p>\n\n\n\n<p class=\"wp-block-paragraph\">O <strong>GP da Cidade do\u00a0<a href=\"https:\/\/es.grandepremio.com\/\" target=\"_blank\" rel=\"noreferrer noopener\">M\u00e9xico<\/a><\/strong>\u00a02022 de\u00a0<a href=\"https:\/\/www.grandepremio.com\/formula-1\/\" target=\"_blank\" rel=\"noreferrer noopener\">F\u00f3rmula 1<\/a>\u00a0acontece entre 28 e 30 de outubro no Aut\u00f3dromo Hermanos Rodriguez, com cobertura\u00a0<strong><a href=\"https:\/\/www.grandepremio.com\/br\/ao-vivo\/f1\/\">AO VIVO e em\u00a0<\/a><a href=\"https:\/\/www.grandepremio.com\/br\/ao-vivo\/\" target=\"_blank\" rel=\"noreferrer noopener\">TEMPO REAL<\/a><\/strong>\u00a0do\u00a0<strong>GRANDE PR\u00caMIO.<\/strong><\/p>\n","protected":false},"excerpt":{"rendered":"<p>Lewis Hamilton falou sobre o fim da temporada 2021 e garante que a \u00fanica desilus\u00e3o foi por conta da decis\u00e3o de t\u00edtulo ter acontecido por um erro da dire\u00e7\u00e3o de prova<\/p>\n","protected":false},"author":0,"featured_media":1000538813,"comment_status":"closed","ping_status":"closed","sticky":false,"template":"","format":"standard","meta":{"42wp_featured_image_caption":"","42wp_featured_image_credits":"","42wp_featured_video":"","42wp_featured_image_hidden":false,"42wp_authors_list":[],"footnotes":""},"categories":[2],"tags":[147,156,1357,103,26841,32831,87,203,1385,30568,32792],"42wp_author":[47119],"class_list":["post-107759","post","type-post","status-publish","format-standard","has-post-thumbnail","hentry","category-f1","tag-f1","tag-f1-2021","tag-f1-2022","tag-fia","tag-formula-1-2022","tag-grid-de-largada-f1-2022","tag-lewis-hamilton","tag-max-verstappen","tag-michael-masi","tag-pilotos-f1-2022","tag-tabela-f1-2022","42wp_author-gabriel-carvalho"],"_links":{"self":[{"href":"https:\/\/grandepremio.com\/br\/wp-json\/wp\/v2\/posts\/107759","targetHints":{"allow":["GET"]}}],"collection":[{"href":"https:\/\/grandepremio.com\/br\/wp-json\/wp\/v2\/posts"}],"about":[{"href":"https:\/\/grandepremio.com\/br\/wp-json\/wp\/v2\/types\/post"}],"replies":[{"embeddable":true,"href":"https:\/\/grandepremio.com\/br\/wp-json\/wp\/v2\/comments?post=107759"}],"version-history":[{"count":0,"href":"https:\/\/grandepremio.com\/br\/wp-json\/wp\/v2\/posts\/107759\/revisions"}],"wp:featuredmedia":[{"embeddable":true,"href":"https:\/\/grandepremio.com\/br\/wp-json\/wp\/v2\/media\/1000538813"}],"wp:attachment":[{"href":"https:\/\/grandepremio.com\/br\/wp-json\/wp\/v2\/media?parent=107759"}],"wp:term":[{"taxonomy":"category","embeddable":true,"href":"https:\/\/grandepremio.com\/br\/wp-json\/wp\/v2\/categories?post=107759"},{"taxonomy":"post_tag","embeddable":true,"href":"https:\/\/grandepremio.com\/br\/wp-json\/wp\/v2\/tags?post=107759"},{"taxonomy":"42wp_author","embeddable":true,"href":"https:\/\/grandepremio.com\/br\/wp-json\/wp\/v2\/42wp_author?post=107759"}],"curies":[{"name":"wp","href":"https:\/\/api.w.org\/{rel}","templated":true}]}}