{"id":107769,"date":"2022-10-27T10:35:59","date_gmt":"2022-10-27T13:35:59","guid":{"rendered":"https:\/\/grandepremio.com\/br\/noticias\/camara-agenda-7-novembro-entrega-titulo-cidadao-lewis-hamilton\/"},"modified":"2022-10-27T10:36:58","modified_gmt":"2022-10-27T13:36:58","slug":"camara-agenda-7-novembro-entrega-titulo-cidadao-lewis-hamilton","status":"publish","type":"post","link":"https:\/\/grandepremio.com\/br\/f1\/camara-agenda-7-novembro-entrega-titulo-cidadao-lewis-hamilton\/","title":{"rendered":"C\u00e2mara agenda para 7 de novembro entrega de t\u00edtulo de cidad\u00e3o a Hamilton"},"content":{"rendered":"\n<p class=\"wp-block-paragraph\"><strong>Lewis Hamilton <\/strong>j\u00e1 tem data para ser um <strong>cidad\u00e3o brasileiro<\/strong>. A <strong>C\u00e2mara dos Deputados <\/strong>agendou para o dia 7 de novembro a sess\u00e3o solene que vai conceder o t\u00edtulo de cidad\u00e3o honor\u00e1rio da <strong>Rep\u00fablica Federativa do Brasil <\/strong>ao piloto da <strong>Mercedes<\/strong>. Ao <strong>GRANDE PR\u00caMIO<\/strong>, o <strong>Legislativo <\/strong>confirmou a data, mas ressaltou que a presen\u00e7a do <strong>heptacampe\u00e3o <\/strong>da <strong>F\u00f3rmula 1 <\/strong>ainda n\u00e3o est\u00e1 garantida.<\/p>\n\n\n\n<p class=\"wp-block-paragraph\">A entrega do t\u00edtulo de cidad\u00e3o honor\u00e1rio a Hamilton \u00e9 fruto da Resolu\u00e7\u00e3o 32\/22, aprovada em 9 de junho \u00faltimo. O projeto, de autoria do deputado Andr\u00e9 Figueiredo (PDT-CE), foi apresentado no dia 16 de novembro do ano passado, dois dias ap\u00f3s a vit\u00f3ria do brit\u00e2nico em Interlagos. Na ocasi\u00e3o, Hamilton superou duas puni\u00e7\u00f5es, saindo de \u00faltimo na corrida sprint para quinto, e depois de d\u00e9cimo para primeiro no GP de <strong>S\u00e3o Paulo<\/strong>. Lewis comemorou a vit\u00f3ria com a bandeira do Brasil, repetindo o gesto de <strong>Ayrton Senna<\/strong>.<\/p>\n\n\n\n<figure class=\"wp-block-image size-large\"><img decoding=\"async\" src=\"https:\/\/www.grandepremio.com\/br\/wp-content\/uploads\/2020\/05\/000_9RN3H3-1024x683.jpg\" alt=\"\" class=\"wp-image-525586\"\/><figcaption>Sess\u00e3o solene para dar a Lewis Hamilton t\u00edtulo de cidad\u00e3o honor\u00e1rio ser\u00e1 dia 7 de novembro (Foto: AFP)<\/figcaption><\/figure>\n\n\n\n<p class=\"wp-block-paragraph\"><strong>\u25b6\ufe0f&nbsp;Inscreva-se nos dois canais do GRANDE PR\u00caMIO no YouTube:&nbsp;<a href=\"https:\/\/www.youtube.com\/channel\/UC9OlHEgxoaY6QY6nWPoiqQg?sub_confirmation=1\" target=\"_blank\" rel=\"noreferrer noopener\">GP<\/a>&nbsp;|&nbsp;<a href=\"https:\/\/www.youtube.com\/channel\/UC9csiS6q_C3C0FYhyr1rnFA?sub_confirmation=1\" target=\"_blank\" rel=\"noreferrer noopener\">GP2<\/a><\/strong><br><strong>\u25b6\ufe0f&nbsp;<a href=\"https:\/\/www.twitch.tv\/grandepremio\" target=\"_blank\" rel=\"noreferrer noopener\">Conhe\u00e7a o canal do GRANDE PR\u00caMIO na Twitch clicando aqui!<\/a><\/strong><\/p>\n\n\n\n<p class=\"wp-block-paragraph\">A atitude do piloto foi o motivo da cria\u00e7\u00e3o do Projeto de Resolu\u00e7\u00e3o. No documento, o deputado afirma que \u201cesse gesto de respeito \u00e0 mem\u00f3ria do maior piloto brasileiro repercutiu em todos e cada um de nossos cidad\u00e3os. Senna n\u00e3o era apenas um piloto, mas representava a imagem de um Brasil que dava certo, que ganhava, que era visto positivamente pelo mundo. Era nosso orgulho, pois nos lembrava de nossas potencialidades\u201d.<\/p>\n\n\n\n<p class=\"wp-block-paragraph\">A proposta citou, ainda, o luto causado pela pandemia de Covid-19, que causou at\u00e9 agora 688 mil mortes. De acordo com o texto, o gesto de Hamilton na ocasi\u00e3o da corrida de 2021 teria lembrado ao brasileiro \u201cque as cores nacionais n\u00e3o t\u00eam partido nem dono\u201d, e ajudaria a resgatar nossa bandeira como s\u00edmbolo de uni\u00e3o nacional.<\/p>\n\n\n\n<p class=\"wp-block-paragraph\">\u201cNesse sentido, sugerimos prestar uma homenagem ao piloto brit\u00e2nico, concedendo-lhe o t\u00edtulo de cidad\u00e3o honor\u00e1rio da Rep\u00fablica Federativa do Brasil. Esperamos que esse gesto nos ajude no processo de reconcilia\u00e7\u00e3o nacional e de retomada de nossos s\u00edmbolos nacionais como patrim\u00f4nio de todos os brasileiros\u201d, atesta o documento.<\/p>\n\n\n\n<p class=\"wp-block-paragraph\">Na \u00e9poca em que a resolu\u00e7\u00e3o foi votada na <strong>C\u00e2mara dos Deputados<\/strong>, Hamilton recorreu \u00e0s redes sociais para agradecer a honraria: \u201cSem palavras. Hoje eu virei um cidad\u00e3 honor\u00e1rio de um dos meus lugares favoritos no mundo. Eu n\u00e3o sei nem o que dizer agora. Obrigado, Brasil. Amo voc\u00eas. N\u00e3o vejo a hora de ver voc\u00eas de novo\u201d, escreveu em portugu\u00eas.<\/p>\n\n\n\n<p class=\"wp-block-paragraph\">De acordo com a assessoria de imprensa da C\u00e2mara dos Deputados, a sess\u00e3o solene ainda n\u00e3o tem hor\u00e1rio definido.<\/p>\n\n\n\n<p class=\"wp-block-paragraph\">O <strong>GRANDE PR\u00caMIO <\/strong>procurou a Mercedes para saber se Hamilton estar\u00e1 em <strong>Bras\u00edlia <\/strong>para receber a homenagem, mas n\u00e3o obteve retorno at\u00e9 o fechamento desta reportagem.<\/p>\n\n\n\n<p class=\"wp-block-paragraph\">A\u00a0<a href=\"https:\/\/www.grandepremio.com\/formula-1\/\" target=\"_blank\" rel=\"noreferrer noopener\"><\/a><strong><a href=\"https:\/\/www.grandepremio.com\/formula-1\/\" target=\"_blank\" rel=\"noreferrer noopener\">F\u00f3rmula 1<\/a><\/strong>retoma suas atividades j\u00e1 neste fim de semana, com a disputa do\u00a0<strong>GP da Cidade do\u00a0<a href=\"https:\/\/es.grandepremio.com\/\" target=\"_blank\" rel=\"noreferrer noopener\">M\u00e9xico<\/a><\/strong>\u00a0marcado para acontecer entre os dias 28 e 30 de outubro.<\/p>\n","protected":false},"excerpt":{"rendered":"<p>Ao GRANDE PR\u00caMIO, a C\u00e2mara dos Deputados confirmou que a sess\u00e3o solene para a entrega do t\u00edtulo de Cidad\u00e3o Honor\u00e1rio da Rep\u00fablica Federativa do Brasil a Lewis Hamilton ser\u00e1 realizada no dia 7 de novembro, na semana do GP de S\u00e3o Paulo. A presen\u00e7a do piloto, por\u00e9m, ainda n\u00e3o est\u00e1 confirmada<\/p>\n","protected":false},"author":0,"featured_media":1000525293,"comment_status":"closed","ping_status":"closed","sticky":false,"template":"","format":"standard","meta":{"42wp_featured_image_caption":"","42wp_featured_image_credits":"","42wp_featured_video":"","42wp_featured_image_hidden":false,"42wp_authors_list":[],"footnotes":""},"categories":[2],"tags":[783,147,1357,180,26841,30732,28285,87],"42wp_author":[47113],"class_list":["post-107769","post","type-post","status-publish","format-standard","has-post-thumbnail","hentry","category-f1","tag-brasil","tag-f1","tag-f1-2022","tag-formula-1","tag-formula-1-2022","tag-formula-1-classificacao-2022","tag-grandepremio","tag-lewis-hamilton","42wp_author-juliana-tesser"],"_links":{"self":[{"href":"https:\/\/grandepremio.com\/br\/wp-json\/wp\/v2\/posts\/107769","targetHints":{"allow":["GET"]}}],"collection":[{"href":"https:\/\/grandepremio.com\/br\/wp-json\/wp\/v2\/posts"}],"about":[{"href":"https:\/\/grandepremio.com\/br\/wp-json\/wp\/v2\/types\/post"}],"replies":[{"embeddable":true,"href":"https:\/\/grandepremio.com\/br\/wp-json\/wp\/v2\/comments?post=107769"}],"version-history":[{"count":0,"href":"https:\/\/grandepremio.com\/br\/wp-json\/wp\/v2\/posts\/107769\/revisions"}],"wp:featuredmedia":[{"embeddable":true,"href":"https:\/\/grandepremio.com\/br\/wp-json\/wp\/v2\/media\/1000525293"}],"wp:attachment":[{"href":"https:\/\/grandepremio.com\/br\/wp-json\/wp\/v2\/media?parent=107769"}],"wp:term":[{"taxonomy":"category","embeddable":true,"href":"https:\/\/grandepremio.com\/br\/wp-json\/wp\/v2\/categories?post=107769"},{"taxonomy":"post_tag","embeddable":true,"href":"https:\/\/grandepremio.com\/br\/wp-json\/wp\/v2\/tags?post=107769"},{"taxonomy":"42wp_author","embeddable":true,"href":"https:\/\/grandepremio.com\/br\/wp-json\/wp\/v2\/42wp_author?post=107769"}],"curies":[{"name":"wp","href":"https:\/\/api.w.org\/{rel}","templated":true}]}}