{"id":107851,"date":"2022-10-23T23:19:52","date_gmt":"2022-10-24T02:19:52","guid":{"rendered":"https:\/\/grandepremio.com\/br\/noticias\/fia-pune-tira-fernando-alonso-pontos-gp-dos-estados-unidos-correr-carro-danificado\/"},"modified":"2022-10-23T23:31:20","modified_gmt":"2022-10-24T02:31:20","slug":"fia-pune-tira-fernando-alonso-pontos-gp-dos-estados-unidos-correr-carro-danificado","status":"publish","type":"post","link":"https:\/\/grandepremio.com\/br\/f1\/fia-pune-tira-fernando-alonso-pontos-gp-dos-estados-unidos-correr-carro-danificado\/","title":{"rendered":"FIA pune e tira Alonso dos pontos nos EUA por correr com carro danificado"},"content":{"rendered":"\n<figure class=\"wp-block-video\"><video class=\"video-js vjs-big-play-centered\" data-gp-vjs=\"1\" controls poster=\"https:\/\/www.grandepremio.com\/br\/wp-content\/uploads\/2022\/10\/2022_10_23_Alonso_Stroll-poster.jpeg\" src=\"https:\/\/www.grandepremio.com\/br\/wp-content\/uploads\/2022\/10\/2022_10_23_Alonso_Stroll.mp4\"><\/video><figcaption>Fernando Alonso e Lance Stroll causaram safety-car em Austin (V\u00eddeo: Reprodu\u00e7\u00e3o\/F1 TV)<\/figcaption><\/figure>\n\n\n\n<p class=\"wp-block-paragraph\">Mais de cinco horas j\u00e1 passavam desde que <strong>Max Verstappen<\/strong> recebeu a bandeirada para confirmar a vit\u00f3ria do <strong><a href=\"https:\/\/www.grandepremio.com\/br\/f1\/noticias\/max-verstappen-sofre-erro-pit-stop-passa-lewis-hamilton-vence-gp-dos-estados-unidos-red-bull-campea\/\" class=\"ek-link\">GP dos Estados Unidos<\/a><\/strong> de <strong>F\u00f3rmula 1<\/strong> quando os comiss\u00e1rios da <strong>FIA<\/strong> resolveram mudar o resultado ao conclu\u00edrem que a <strong>Alpine<\/strong> devolveu <strong>Fernando Alonso<\/strong> \u00e0 pista de maneira insegura ap\u00f3s o acidente com <strong>Lance Stroll<\/strong>. Assim, o bicampe\u00e3o recebeu 30 segundos de adi\u00e7\u00e3o ao tempo final e perdeu os pontos que havia conquistado.<\/p>\n\n\n\n<p class=\"wp-block-paragraph\"><strong>\u25b6\ufe0f&nbsp;Inscreva-se nos dois canais do GRANDE PR\u00caMIO no YouTube:&nbsp;<a href=\"https:\/\/www.youtube.com\/channel\/UC9OlHEgxoaY6QY6nWPoiqQg?sub_confirmation=1\" target=\"_blank\" rel=\"noreferrer noopener\">GP<\/a>&nbsp;|&nbsp;<a href=\"https:\/\/www.youtube.com\/channel\/UC9csiS6q_C3C0FYhyr1rnFA?sub_confirmation=1\" target=\"_blank\" rel=\"noreferrer noopener\">GP2<\/a><\/strong><br><strong>\u25b6\ufe0f&nbsp;<a href=\"https:\/\/www.twitch.tv\/grandepremio\" target=\"_blank\" rel=\"noreferrer noopener\">Conhe\u00e7a o canal do GRANDE PR\u00caMIO na Twitch clicando aqui!<\/a><\/strong><\/p>\n\n\n\n<p class=\"wp-block-paragraph\">A decis\u00e3o chegou por volta das 23h [de Bras\u00edlia, 21h no Texas]. O que aconteceu foi o seguinte: <strong><a href=\"https:\/\/www.grandepremio.com\/br\/f1\/noticias\/lance-stroll-fecha-porta-fernando-alonso-causa-forte-acidente-gp-dos-eua\/\" class=\"ek-link\">Alonso se envolveu em acidente com Stroll<\/a><\/strong> durante a corrida e viu o carro danificado. O canadense foi considerado culpado e <strong><a href=\"https:\/\/www.grandepremio.com\/br\/f1\/noticias\/lance-stroll-perde-tres-posicoes-grid-gp-mexico-batida-fernando-alonso-eua\/\" class=\"ek-link\">punido com tr\u00eas posi\u00e7\u00f5es<\/a><\/strong> de puni\u00e7\u00e3o para o GP do M\u00e9xico da semana que vem por conta do incidente. Alonso, de maneira surpreendente, n\u00e3o abandonou. Foi aos boxes em seguida, manteve o carro na prova e ainda terminou nos pontos, com a s\u00e9tima coloca\u00e7\u00e3o. Mas tinha prorroga\u00e7\u00e3o na salinha da FIA. O s\u00e9timo lugar virou 15\u00ba.<\/p>\n\n\n\n<p class=\"wp-block-paragraph\">A puni\u00e7\u00e3o veio por conta de um protesto da Haas, que afirmou que o carro de Alonso estava inseguro por conta do espelho direito, que estava se mexendo e eventualmente caiu do carro, o que \u00e9 uma infra\u00e7\u00e3o do regulamento. O protesto, inclusive, foi feito 24 minutos ap\u00f3s o tempo limite que os comiss\u00e1rios determinam, mas entenderam que o compromisso com prazo n\u00e3o era poss\u00edvel neste caso, e o protesto era leg\u00edtimo.<\/p>\n\n\n\n<p class=\"wp-block-paragraph\">A audi\u00eancia teve Gunther Steiner e Ayao Komatsu representando a Haas, Alan P\u00e9rmane representando a Alpine, al\u00e9m de Niels Wittich, Jo Bauer e Nikolas Tombazis representando a FIA. Os membros do time americano afirmaram que o carro de Alonso era inseguro, e que a Haas recebeu a bandeira preta e laranja em tr\u00eas ocasi\u00f5es diferentes nesta temporada por ter um carro em condi\u00e7\u00f5es inseguras.<\/p>\n\n\n\n<figure class=\"wp-block-image size-full\"><img decoding=\"async\" src=\"https:\/\/www.grandepremio.com\/br\/wp-content\/uploads\/2022\/10\/2022-10-23-16_52_43-F1TV-_-2022-Grande-Premio-dos-Estados-Unidos.png\" alt=\"\" class=\"wp-image-626400\"\/><figcaption>Fernando Alonso quase capotou ap\u00f3s a barbeiragem de Lance Stroll e ainda perdeu os pontos horas depois da corrida (Foto: Reprodu\u00e7\u00e3o\/F1)<\/figcaption><\/figure>\n\n\n\n<p class=\"wp-block-paragraph\">J\u00e1 a Alpine citou que o espelho saiu sem culpa do piloto ou da equipe, e sim pelo efeito do acidente com Lance Stroll, da Aston Martin, voltas antes. Permane tamb\u00e9m citou que ap\u00f3s a queda do espelho, em apenas um momento houve um carro imediatamente atr\u00e1s de Alonso, e que o engenheiro o informava sobre a dist\u00e2ncia a todo momento. Tamb\u00e9m relembrou de um epis\u00f3dio no GP do Jap\u00e3o de 2019, quando Charles Leclerc e Lewis Hamilton puderam continuar a corrida com problemas no espelho.<\/p>\n\n\n\n<p class=\"wp-block-paragraph\">O v\u00eddeo mostrou que o carro primeiro teve o espelho balan\u00e7ando por um n\u00famero grande de voltas at\u00e9 eventualmente cair. Jo Bauer citou que o espelho desafixado era perigoso, poderia se soltar e atingir outro piloto, e por isso faltava seguran\u00e7a. Tamb\u00e9m citou que o carro precisa ter os dois espelhos fixados. Os comiss\u00e1rios reconheceram que n\u00e3o houve o aviso com a bandeira preta e laranja para Alonso apesar da Haas notificar a situa\u00e7\u00e3o \u00e0 dire\u00e7\u00e3o de prova em duas oportunidades diferentes.<\/p>\n\n\n\n<p class=\"wp-block-paragraph\">A situa\u00e7\u00e3o de Suzuka em 2019 foi descartada como &#8220;precedente&#8221;, e os comiss\u00e1rios aceitaram o protesto da Haas, punindo Alonso em um &#8220;stop-and-go&#8221; de 10 segundos. Pela prova j\u00e1 ter sido encerrada, vira uma puni\u00e7\u00e3o de 30 segundos adicionais no tempo de corrida do piloto espanhol, o que o tira da zona de pontua\u00e7\u00e3o. Nenhum ponto de puni\u00e7\u00e3o foi aplicado.<\/p>\n\n\n\n<p class=\"wp-block-paragraph\">Com isso, no que diz respeito aos pontos, Sebastian Vettel, Kevin Magnussen, Yuki Tsunoda e Esteban Ocon passam a ocupar, nesta ordem as posi\u00e7\u00f5es sete, oito, nove e dez.<\/p>\n\n\n\n<figure class=\"wp-block-embed is-type-video is-provider-youtube wp-block-embed-youtube wp-embed-aspect-16-9 wp-has-aspect-ratio\"><div class=\"wp-block-embed__wrapper\">\n<iframe loading=\"lazy\" title=\"F1 2022: VERSTAPPEN 1\u00ba, HAMILTON 2\u00ba E RED BULL CAMPE\u00c3 NOS ESTADOS UNIDOS | Briefing\" width=\"500\" height=\"281\" src=\"https:\/\/www.youtube.com\/embed\/Ax3qi2Ny-Gw?feature=oembed\" frameborder=\"0\" allow=\"accelerometer; autoplay; clipboard-write; encrypted-media; gyroscope; picture-in-picture; web-share\" referrerpolicy=\"strict-origin-when-cross-origin\" allowfullscreen><\/iframe>\n<\/div><figcaption>TUDO SOBRE O GP DOS ESTADOS UNIDOS DE F\u00d3RMULA 1 2022 | Briefing<\/figcaption><\/figure>\n","protected":false},"excerpt":{"rendered":"<p>Os comiss\u00e1rios da FIA conclu\u00edram que a Alpine mandou o carro de Fernando Alonso de volta \u00e0 pista de maneira insegura ap\u00f3s acidente com Lance Stroll<\/p>\n","protected":false},"author":0,"featured_media":1000626599,"comment_status":"closed","ping_status":"closed","sticky":false,"template":"","format":"standard","meta":{"42wp_featured_image_caption":"","42wp_featured_image_credits":"","42wp_featured_video":"","42wp_featured_image_hidden":false,"42wp_authors_list":[],"footnotes":""},"categories":[2],"tags":[487,309,12757,1357,32766,176,26841,24977,2318,1491,30103,28285,485],"42wp_author":[47119,47120],"class_list":["post-107851","post","type-post","status-publish","format-standard","has-post-thumbnail","hentry","category-f1","tag-acidente","tag-aston-martin","tag-circuito-das-americas","tag-f1-2022","tag-f1-austin","tag-fernando-alonso","tag-formula-1-2022","tag-gp-dos-estados-unidos","tag-gp-dos-eua","tag-grande-premio","tag-grande-premio-f1","tag-grandepremio","tag-lance-stroll","42wp_author-gabriel-carvalho","42wp_author-pedro-henrique-marum"],"_links":{"self":[{"href":"https:\/\/grandepremio.com\/br\/wp-json\/wp\/v2\/posts\/107851","targetHints":{"allow":["GET"]}}],"collection":[{"href":"https:\/\/grandepremio.com\/br\/wp-json\/wp\/v2\/posts"}],"about":[{"href":"https:\/\/grandepremio.com\/br\/wp-json\/wp\/v2\/types\/post"}],"replies":[{"embeddable":true,"href":"https:\/\/grandepremio.com\/br\/wp-json\/wp\/v2\/comments?post=107851"}],"version-history":[{"count":0,"href":"https:\/\/grandepremio.com\/br\/wp-json\/wp\/v2\/posts\/107851\/revisions"}],"wp:featuredmedia":[{"embeddable":true,"href":"https:\/\/grandepremio.com\/br\/wp-json\/wp\/v2\/media\/1000626599"}],"wp:attachment":[{"href":"https:\/\/grandepremio.com\/br\/wp-json\/wp\/v2\/media?parent=107851"}],"wp:term":[{"taxonomy":"category","embeddable":true,"href":"https:\/\/grandepremio.com\/br\/wp-json\/wp\/v2\/categories?post=107851"},{"taxonomy":"post_tag","embeddable":true,"href":"https:\/\/grandepremio.com\/br\/wp-json\/wp\/v2\/tags?post=107851"},{"taxonomy":"42wp_author","embeddable":true,"href":"https:\/\/grandepremio.com\/br\/wp-json\/wp\/v2\/42wp_author?post=107851"}],"curies":[{"name":"wp","href":"https:\/\/api.w.org\/{rel}","templated":true}]}}