{"id":107908,"date":"2022-10-22T21:02:54","date_gmt":"2022-10-23T00:02:54","guid":{"rendered":"https:\/\/grandepremio.com\/br\/noticias\/charles-leclerc-lamenta-dificuldades-classificacao-austin-carro-muda-volta-apos-volta\/"},"modified":"2022-10-22T21:05:39","modified_gmt":"2022-10-23T00:05:39","slug":"charles-leclerc-lamenta-dificuldades-classificacao-austin-carro-muda-volta-apos-volta","status":"publish","type":"post","link":"https:\/\/grandepremio.com\/br\/f1\/charles-leclerc-lamenta-dificuldades-classificacao-austin-carro-muda-volta-apos-volta\/","title":{"rendered":"Leclerc lamenta dificuldades na classifica\u00e7\u00e3o em Austin: &#8220;Carro muda volta ap\u00f3s volta&#8221;"},"content":{"rendered":"\n<figure class=\"wp-block-embed is-type-video is-provider-youtube wp-block-embed-youtube wp-embed-aspect-16-9 wp-has-aspect-ratio\"><div class=\"wp-block-embed__wrapper\">\n<iframe loading=\"lazy\" title=\"F1 2022, CLASSIFICA\u00c7\u00c3O: SAINZ POLE, VERSTAPPEN 2\u00ba NO GP DOS ESTADOS UNIDOS | Briefing\" width=\"500\" height=\"281\" src=\"https:\/\/www.youtube.com\/embed\/KTvq6qalLW4?feature=oembed\" frameborder=\"0\" allow=\"accelerometer; autoplay; clipboard-write; encrypted-media; gyroscope; picture-in-picture; web-share\" referrerpolicy=\"strict-origin-when-cross-origin\" allowfullscreen><\/iframe>\n<\/div><\/figure>\n\n\n\n<p class=\"wp-block-paragraph\"><strong>Charles Leclerc<\/strong>, na pista, classificaria em segundo lugar, <a href=\"https:\/\/www.grandepremio.com\/br\/f1\/noticias\/charles-leclerc-fernando-alonso-punidos-austin-troca-componentes-motor\/\" class=\"ek-link\">n\u00e3o fosse a puni\u00e7\u00e3o de dez posi\u00e7\u00f5es no grid<\/a> pela troca de sua unidade de pot\u00eancia e turbocompressor. Por 0s065, ficou atr\u00e1s do companheiro <strong>Carlos Sainz<\/strong>, mas <a href=\"https:\/\/www.grandepremio.com\/br\/f1\/noticias\/carlos-sainz-voa-supera-max-verstappen-conquistar-pole-position-gp-dos-estados-unidos-formula-1\/\" class=\"ek-link\">vai largar na 12\u00aa coloca\u00e7\u00e3o<\/a> na corrida deste domingo (23) em <strong>Austin<\/strong>.<\/p>\n\n\n\n<p class=\"wp-block-paragraph\">Para o monegasco, sua <strong>Ferrari <\/strong>sofreu demais com os ventos que rondaram o <strong>Circuito das Am\u00e9ricas<\/strong> durante a classifica\u00e7\u00e3o deste s\u00e1bado. &#8220;\u00c9 muito dif\u00edcil, o carro fica inst\u00e1vel e muda volta ap\u00f3s volta, mas no geral, fiz o meu melhor, apesar da minha \u00faltima tentativa.&#8221;<\/p>\n\n\n\n<p class=\"wp-block-paragraph\">Leclerc n\u00e3o perdeu a oportunidade de elogiar o trabalho de Sainz, que vai largar na frente pela terceira vez na temporada. &#8220;Carlos [Sainz] fez um bom trabalho hoje, ele merece demais estar na pole&#8221;, falou.<\/p>\n\n\n\n<figure class=\"wp-block-image size-large\"><img decoding=\"async\" src=\"https:\/\/www.grandepremio.com\/br\/wp-content\/uploads\/2022\/10\/ferrari-charlesleclerc-01-10-1024x683.jpg\" alt=\"\" class=\"wp-image-625979\"\/><figcaption>Leclerc perdeu dez posi\u00e7\u00f5es no grid e vai largar em 12\u00ba em Austin (Foto: Ferrari)<\/figcaption><\/figure>\n\n\n\n<p class=\"wp-block-paragraph\">O ferrarista foi perguntado, ao final da classifica\u00e7\u00e3o, sobre o impacto da <a href=\"https:\/\/www.grandepremio.com\/br\/f1\/noticias\/dono-red-bull-dietrich-mateschitz-morre-78-anos-doenca-terminal\/\" class=\"ek-link\">morte de Dietrich Mateschitz<\/a>, ocorrida pouco antes da classifica\u00e7\u00e3o em Austin. Em sua vis\u00e3o, o dono da <strong>Red Bull<\/strong> era um apaixonado pelo esporte. &#8220;Muito triste, ele teve uma carreira formid\u00e1vel. Era uma pessoa incr\u00edvel e far\u00e1 muita falta.&#8221;<\/p>\n\n\n\n<p class=\"wp-block-paragraph\"><strong>\u25b6\ufe0f&nbsp;Inscreva-se nos dois canais do GRANDE PR\u00caMIO no YouTube:&nbsp;<a href=\"https:\/\/www.youtube.com\/channel\/UC9OlHEgxoaY6QY6nWPoiqQg?sub_confirmation=1\" target=\"_blank\" rel=\"noreferrer noopener\">GP<\/a>&nbsp;|&nbsp;<a href=\"https:\/\/www.youtube.com\/channel\/UC9csiS6q_C3C0FYhyr1rnFA?sub_confirmation=1\" target=\"_blank\" rel=\"noreferrer noopener\">GP2<\/a><\/strong><br><strong>\u25b6\ufe0f&nbsp;<a href=\"https:\/\/www.twitch.tv\/grandepremio\" target=\"_blank\" rel=\"noreferrer noopener\">Conhe\u00e7a o canal do GRANDE PR\u00caMIO na Twitch clicando aqui!<\/a><\/strong><\/p>\n\n\n\n<p class=\"wp-block-paragraph\">Sobre a puni\u00e7\u00e3o, Charles sabe que vai ser dif\u00edcil vencer nos Estados Unidos, mas que vai juntar tudo o que tem para obter este feito. &#8220;Come\u00e7arei mais atr\u00e1s, mas meu objetivo ser\u00e1 galgar posi\u00e7\u00f5es o mais r\u00e1pido poss\u00edvel. Vou tentar n\u00e3o correr riscos mas, se tiver uma oportunidade, vou tentar agarr\u00e1-la&#8221;, completou o piloto.<\/p>\n\n\n\n<p class=\"wp-block-paragraph\">O&nbsp;<strong>GRANDE PR\u00caMIO<\/strong>&nbsp;acompanha todas as atividades do GP dos Estados Unidos de&nbsp;<a href=\"https:\/\/www.grandepremio.com\/formula-1\/\" target=\"_blank\" rel=\"noreferrer noopener\">F\u00f3rmula 1<\/a>&nbsp;<a href=\"https:\/\/www.grandepremio.com\/br\/f1\/ao-vivo\" class=\"ek-link\"><strong>AO VIVO<\/strong>&nbsp;e&nbsp;<strong>EM&nbsp;<\/strong><\/a><strong><a href=\"https:\/\/www.grandepremio.com\/br\/ao-vivo\/\" target=\"_blank\" rel=\"noreferrer noopener\">TEMPO REAL<\/a><\/strong>. No domingo, a largada est\u00e1 marcada para as16h [de Bras\u00edlia, GMT-3].<\/p>\n","protected":false},"excerpt":{"rendered":"<p>Punido pela troca de motor e turbocompressor, Leclerc vai largar apenas em 12\u00ba em Austin. Para a prova, o objetivo ser\u00e1 escalar pelot\u00e3o o mais r\u00e1pido poss\u00edvel para recuperar preju\u00edzo<\/p>\n","protected":false},"author":0,"featured_media":1000626021,"comment_status":"closed","ping_status":"closed","sticky":false,"template":"","format":"standard","meta":{"42wp_featured_image_caption":"","42wp_featured_image_credits":"","42wp_featured_video":"","42wp_featured_image_hidden":false,"42wp_authors_list":[],"footnotes":""},"categories":[2],"tags":[1982,546,209,147,1357,207,180,26841,32638,24977,32786,32787,32798,32799,1491,28285],"42wp_author":[47128],"class_list":["post-107908","post","type-post","status-publish","format-standard","has-post-thumbnail","hentry","category-f1","tag-austin","tag-carlos-sainz","tag-charles-leclerc","tag-f1","tag-f1-2022","tag-ferrari","tag-formula-1","tag-formula-1-2022","tag-gp-do-japao-de-f1","tag-gp-dos-estados-unidos","tag-gp-dos-estados-unidos-2022","tag-gp-dos-estados-unidos-de-f1-2022","tag-gp-dos-estados-unidos-de-formula-1","tag-gp-dos-estados-unidos-de-formula-1-2022","tag-grande-premio","tag-grandepremio","42wp_author-guilherme-bloisi"],"_links":{"self":[{"href":"https:\/\/grandepremio.com\/br\/wp-json\/wp\/v2\/posts\/107908","targetHints":{"allow":["GET"]}}],"collection":[{"href":"https:\/\/grandepremio.com\/br\/wp-json\/wp\/v2\/posts"}],"about":[{"href":"https:\/\/grandepremio.com\/br\/wp-json\/wp\/v2\/types\/post"}],"replies":[{"embeddable":true,"href":"https:\/\/grandepremio.com\/br\/wp-json\/wp\/v2\/comments?post=107908"}],"version-history":[{"count":0,"href":"https:\/\/grandepremio.com\/br\/wp-json\/wp\/v2\/posts\/107908\/revisions"}],"wp:featuredmedia":[{"embeddable":true,"href":"https:\/\/grandepremio.com\/br\/wp-json\/wp\/v2\/media\/1000626021"}],"wp:attachment":[{"href":"https:\/\/grandepremio.com\/br\/wp-json\/wp\/v2\/media?parent=107908"}],"wp:term":[{"taxonomy":"category","embeddable":true,"href":"https:\/\/grandepremio.com\/br\/wp-json\/wp\/v2\/categories?post=107908"},{"taxonomy":"post_tag","embeddable":true,"href":"https:\/\/grandepremio.com\/br\/wp-json\/wp\/v2\/tags?post=107908"},{"taxonomy":"42wp_author","embeddable":true,"href":"https:\/\/grandepremio.com\/br\/wp-json\/wp\/v2\/42wp_author?post=107908"}],"curies":[{"name":"wp","href":"https:\/\/api.w.org\/{rel}","templated":true}]}}