{"id":107915,"date":"2022-10-22T18:30:00","date_gmt":"2022-10-22T21:30:00","guid":{"rendered":"https:\/\/grandepremio.com\/br\/noticias\/dono-red-bull-dietrich-mateschitz-morre-78-anos-doenca-terminal\/"},"modified":"2022-10-22T19:26:49","modified_gmt":"2022-10-22T22:26:49","slug":"dono-red-bull-dietrich-mateschitz-morre-78-anos-doenca-terminal","status":"publish","type":"post","link":"https:\/\/grandepremio.com\/br\/f1\/dono-red-bull-dietrich-mateschitz-morre-78-anos-doenca-terminal\/","title":{"rendered":"Dono da Red Bull, Dietrich Mateschitz morre aos 78 anos ap\u00f3s luta contra &#8220;doen\u00e7a terminal&#8221;"},"content":{"rendered":"\n<p class=\"wp-block-paragraph\"><strong>Dietrich Mateschitz<\/strong> morreu aos 78 anos neste s\u00e1bado (22) ap\u00f3s longa luta com uma doen\u00e7a terminal n\u00e3o revelada. O empres\u00e1rio ficou conhecido ao ajudar a fundar a empresa de energ\u00e9tico que se tornou uma das mais famosas do mundo: a <strong>Red Bull<\/strong>. A informa\u00e7\u00e3o veio por meio de uma not\u00edcia veiculada na Speedweek, publica\u00e7\u00e3o que pertence ao grupo taurino. <\/p>\n\n\n\n<p class=\"wp-block-paragraph\">Mateschitz foi um dos empres\u00e1rios mais conhecidos no mundo nas \u00faltimas d\u00e9cadas. Um dos fundadores da <strong>Red Bull<\/strong> e propriet\u00e1rio de 49% da marca de energ\u00e9ticos, o austr\u00edaco tinha uma fortuna estimada em US$ 25,4 bilh\u00f5es &#8211; cerca de R$ 137 bi &#8211; em medi\u00e7\u00e3o feita no final de 2021.<\/p>\n\n\n\n<figure class=\"wp-block-embed is-type-video is-provider-youtube wp-block-embed-youtube wp-embed-aspect-16-9 wp-has-aspect-ratio\"><div class=\"wp-block-embed__wrapper\">\n<iframe loading=\"lazy\" title=\"F1 2022, CLASSIFICA\u00c7\u00c3O: SAINZ POLE, VERSTAPPEN 2\u00ba NO GP DOS ESTADOS UNIDOS | Briefing\" width=\"500\" height=\"281\" src=\"https:\/\/www.youtube.com\/embed\/KTvq6qalLW4?feature=oembed\" frameborder=\"0\" allow=\"accelerometer; autoplay; clipboard-write; encrypted-media; gyroscope; picture-in-picture; web-share\" referrerpolicy=\"strict-origin-when-cross-origin\" allowfullscreen><\/iframe>\n<\/div><\/figure>\n\n\n\n<p class=\"wp-block-paragraph\">Com la\u00e7os familiares na antiga Iugosl\u00e1via, na Eslov\u00eania e na Cro\u00e1cia, teve pais professores escolares. Formado pela Universidade de Viena em Economia e Neg\u00f3cios, trabalhou na Unilever antes de partir para a companhia alem\u00e3 de cosm\u00e9ticos Blendax. Em 1984, fundou a Red Bull ao lado de Chaleo Yoovidhya.<\/p>\n\n\n\n<p class=\"wp-block-paragraph\">A rela\u00e7\u00e3o da Red Bull com os esportes passa muito por Dietrich. O chef\u00e3o da marca foi ativo ao colocar Helmut Marko, amigo pr\u00f3ximo, como consultor de um programa de jovens pilotos, o mais bem-sucedido do esporte a motor, em 2001. A marca tamb\u00e9m ali patrocinava a Sauber, mas deixou o time su\u00ed\u00e7o e focou esfor\u00e7os em um salto bem maior.<\/p>\n\n\n\n<p class=\"wp-block-paragraph\">O salto veio em 2004, com a compra da ent\u00e3o equipe Jaguar. Foi quando surgiu o time pr\u00f3prio da Red Bull, estreando em 2005, com David Coulthard e Christian Klein formando a dupla de pilotos. No ano seguinte, foi a vez da Toro Rosso chegar, o time B da marca, com Vitantonio Liuzzi e Scott Speed formando par.<\/p>\n\n\n\n<figure class=\"wp-block-image size-large\"><img decoding=\"async\" src=\"https:\/\/www.grandepremio.com\/br\/wp-content\/uploads\/2022\/10\/SI201409200070_news-1024x787.jpg\" alt=\"\" class=\"wp-image-625919\"\/><figcaption>Dietrich Mateschitz morreu aos 78 anos (Foto: Red Bull)<\/figcaption><\/figure>\n\n\n\n<p class=\"wp-block-paragraph\">Enquanto a Toro Rosso, hoje AlphaTauri, se notabilizou por ser a forma\u00e7\u00e3o de nomes como Sebastian Vettel, Max Verstappen, Carlos Sainz, Daniel Ricciardo e Pierre Gasly, a Red Bull se tornou um dos times de mais sucesso na hist\u00f3ria da categoria, com cinco t\u00edtulos de pilotos e quatro de construtores.<\/p>\n\n\n\n<p class=\"wp-block-paragraph\">Al\u00e9m dos esportes a motor &#8211; como Nascar, DTM e WRC -, a Red Bull tamb\u00e9m investiu pesado em outras modalidades, como o surfe, o skate e, claro, o futebol, com a cria\u00e7\u00e3o do Red Bull Bragantino, NY Red Bulls, Red Bull Salzburg e RB Leipzig, time que fez mais sucesso da marca, j\u00e1 tendo avan\u00e7ado \u00e0 fase semifinal da Champions League na temporada 2019\/20.<\/p>\n","protected":false},"excerpt":{"rendered":"<p>Cofundador da empresa de energ\u00e9tico Red Bull e propriet\u00e1rio das duas equipes que carregam a marca na F\u00f3rmula 1, Dietrich Mateschitz morreu aos 78 anos <\/p>\n","protected":false},"author":0,"featured_media":0,"comment_status":"closed","ping_status":"closed","sticky":false,"template":"","format":"standard","meta":{"42wp_featured_image_caption":"","42wp_featured_image_credits":"","42wp_featured_video":"","42wp_featured_image_hidden":false,"42wp_authors_list":[],"footnotes":""},"categories":[2],"tags":[3764,147,1357,180,204,638],"42wp_author":[47115,47117],"class_list":["post-107915","post","type-post","status-publish","format-standard","hentry","category-f1","tag-dietrich-mateschitz","tag-f1","tag-f1-2022","tag-formula-1","tag-red-bull","tag-toro-rosso","42wp_author-evelyn-guimaraes","42wp_author-gabriel-curty"],"_links":{"self":[{"href":"https:\/\/grandepremio.com\/br\/wp-json\/wp\/v2\/posts\/107915","targetHints":{"allow":["GET"]}}],"collection":[{"href":"https:\/\/grandepremio.com\/br\/wp-json\/wp\/v2\/posts"}],"about":[{"href":"https:\/\/grandepremio.com\/br\/wp-json\/wp\/v2\/types\/post"}],"replies":[{"embeddable":true,"href":"https:\/\/grandepremio.com\/br\/wp-json\/wp\/v2\/comments?post=107915"}],"version-history":[{"count":0,"href":"https:\/\/grandepremio.com\/br\/wp-json\/wp\/v2\/posts\/107915\/revisions"}],"wp:attachment":[{"href":"https:\/\/grandepremio.com\/br\/wp-json\/wp\/v2\/media?parent=107915"}],"wp:term":[{"taxonomy":"category","embeddable":true,"href":"https:\/\/grandepremio.com\/br\/wp-json\/wp\/v2\/categories?post=107915"},{"taxonomy":"post_tag","embeddable":true,"href":"https:\/\/grandepremio.com\/br\/wp-json\/wp\/v2\/tags?post=107915"},{"taxonomy":"42wp_author","embeddable":true,"href":"https:\/\/grandepremio.com\/br\/wp-json\/wp\/v2\/42wp_author?post=107915"}],"curies":[{"name":"wp","href":"https:\/\/api.w.org\/{rel}","templated":true}]}}