{"id":108008,"date":"2022-10-19T15:26:42","date_gmt":"2022-10-19T18:26:42","guid":{"rendered":"https:\/\/grandepremio.com\/br\/noticias\/formula-e-atualiza-calendario-2023-ratifica-africa-do-sul-e-busca-alternativa-para-seul\/"},"modified":"2022-10-19T15:43:27","modified_gmt":"2022-10-19T18:43:27","slug":"formula-e-atualiza-calendario-2023-ratifica-africa-do-sul-e-busca-alternativa-para-seul","status":"publish","type":"post","link":"https:\/\/grandepremio.com\/br\/formula-e\/formula-e-atualiza-calendario-2023-ratifica-africa-do-sul-e-busca-alternativa-para-seul\/","title":{"rendered":"F\u00f3rmula E atualiza calend\u00e1rio 2023, ratifica \u00c1frica do Sul e busca alternativa para Seul"},"content":{"rendered":"\n<p class=\"wp-block-paragraph\">A <strong>F\u00f3rmula E<\/strong> aproveitou a tarde desta quarta-feira (19) para anunciar algumas mudan\u00e7as no calend\u00e1rio da pr\u00f3xima temporada. Por um lado, o <strong>eP da Cidade do Cabo<\/strong>, na \u00c1frica do Sul, foi oficializado pela categoria para fazer sua estreia no ano que vem. Por outro, o<strong> eP de Seul<\/strong>, na Coreia do Sul, foi retirado da programa\u00e7\u00e3o devido \u00e0s obras de revitaliza\u00e7\u00e3o do <strong>Est\u00e1dio Ol\u00edmpico <\/strong>\u2014 mesmo local que sediou as \u00faltimas duas corridas de 2021\/2022.<\/p>\n\n\n\n<p class=\"wp-block-paragraph\">Assim, o calend\u00e1rio anteriormente divulgado sofre algumas altera\u00e7\u00f5es: o <strong>eP de S\u00e3o Paulo<\/strong>, antes programado para receber a s\u00e9tima etapa do campeonato, agora ser\u00e1 o sexto na ordem \u2014 um m\u00eas ap\u00f3s a Cidade do Cabo, quinta etapa do ano. As duas cidades, ali\u00e1s, se juntam a <strong>Hyderabad<\/strong>, na \u00cdndia, como estreantes na categoria em 2023.<\/p>\n\n\n\n<p class=\"wp-block-paragraph\"><strong>\u25b6\ufe0f\u00a0<a href=\"https:\/\/www.twitch.tv\/grandepremio\" target=\"_blank\" rel=\"noreferrer noopener\" class=\"ek-link\">Conhe\u00e7a o canal do GRANDE PR\u00caMIO na Twitch clicando aqui!<\/a><\/strong><\/p>\n\n\n\n<figure class=\"wp-block-image size-full\"><img decoding=\"async\" src=\"https:\/\/www.grandepremio.com\/br\/wp-content\/uploads\/2022\/05\/devries.jpg\" alt=\"\" class=\"wp-image-568369\"\/><figcaption>eP de Berlim voltar\u00e1 a receber uma rodada dupla da F\u00f3rmula E em 2023 (Foto: Mercedes EQ)<\/figcaption><\/figure>\n\n\n\n<p class=\"wp-block-paragraph\">&#8220;Estamos animados por anunciar a Cidade do Cabo como novo destino para nossa categoria na nona temporada&#8221;, come\u00e7ou Alberto Longo, CEO e cofundador da F\u00f3rmula E. &#8220;Nossos parceiros locais est\u00e3o trabalhando incrivelmente duro para trazer a F\u00f3rmula E para a cidade, e mal podemos esperar para ver os futur\u00edsticos carros Gen3 competindo contra o cen\u00e1rio natural e ic\u00f4nico da Montanha da Mesa&#8221;, celebrou.<\/p>\n\n\n\n<p class=\"wp-block-paragraph\">O <strong>eP de Berlim<\/strong> tamb\u00e9m sofreu altera\u00e7\u00f5es no calend\u00e1rio. Antes programado para receber apenas uma corrida, em 22 de abril, a etapa alem\u00e3 passar\u00e1 a ser uma <strong>rodada dupla<\/strong> nos dias <strong>22 <\/strong>e <strong>23 <\/strong>do mesmo m\u00eas. Por fim, <strong>d\u00e9cima <\/strong>e <strong>13\u00aa <\/strong>etapas ainda est\u00e3o pendentes de confirma\u00e7\u00e3o, e a categoria n\u00e3o esconde que pretende continuar correndo na Coreia do Sul por pelo menos mais um ano.<\/p>\n\n\n\n<p class=\"wp-block-paragraph\"><strong>\u25b6\ufe0f\u00a0Inscreva-se nos dois canais do GRANDE PR\u00caMIO no YouTube:\u00a0<a href=\"https:\/\/www.youtube.com\/channel\/UC9OlHEgxoaY6QY6nWPoiqQg?sub_confirmation=1\" target=\"_blank\" rel=\"noreferrer noopener\">GP<\/a>\u00a0|\u00a0<a href=\"https:\/\/www.youtube.com\/channel\/UC9csiS6q_C3C0FYhyr1rnFA?sub_confirmation=1\" target=\"_blank\" rel=\"noreferrer noopener\">GP2<\/a><\/strong><\/p>\n\n\n\n<figure class=\"wp-block-image size-large\"><img decoding=\"async\" src=\"https:\/\/www.grandepremio.com\/br\/wp-content\/uploads\/2022\/10\/FfcxDMbaEAIK9bp-819x1024.jpg\" alt=\"\" class=\"wp-image-624782\"\/><figcaption>eP da Cidade do Cabo j\u00e1 teve at\u00e9 o tra\u00e7ado confirmado pela F\u00f3rmula E (Arte: F\u00f3rmula E)<\/figcaption><\/figure>\n\n\n\n<p class=\"wp-block-paragraph\">&#8220;O trabalho de renova\u00e7\u00e3o no Est\u00e1dio Ol\u00edmpico de Seul, local onde corremos na Coreia do Sul este ano, significa que n\u00e3o podemos retornar ao mesmo lugar na pr\u00f3xima temporada, como programamos originalmente. Ent\u00e3o, estamos explorando outras op\u00e7\u00f5es na Coreia do Sul para substituir essa pra\u00e7a. Tamb\u00e9m estamos em discuss\u00f5es constantes com outras cidades, que querem sediar um evento para uma das datas ainda sem confirma\u00e7\u00e3o&#8221;, finalizou Longo.<\/p>\n\n\n\n<p class=\"wp-block-paragraph\">A estreia da temporada permanece marcada para o dia <strong>14 de janeiro<\/strong>, com o <strong>eP da Cidade do M\u00e9xico<\/strong>, em rodada \u00fanica. Antes disso, entretanto, a F\u00f3rmula E realiza sua pr\u00e9-temporada entre os dias 13 e 16 de dezembro, em <strong>Val\u00eancia<\/strong>.<\/p>\n\n\n\n<h2 class=\"wp-block-heading\" id=\"h-formula-e-2022-2023-temporada-9-calendario\">F\u00f3rmula E 2022\/2023, Temporada 9, Calend\u00e1rio:<\/h2>\n\n\n\n<figure class=\"wp-block-table\"><table><tbody><tr><td><\/td><td>ETAPA<\/td><td>DATA<\/td><\/tr><tr><td>1<\/td><td>EP DA CIDADE DO M\u00c9XICO<\/td><td>14\/jan<\/td><\/tr><tr><td>2<\/td><td>EP DE DIRIYAH 1<\/td><td>27\/jan<\/td><\/tr><tr><td>3<\/td><td>EP DE DIRIYAH 2<\/td><td>28\/jan<\/td><\/tr><tr><td>4<\/td><td>EP DE HYDERABAD<\/td><td>11\/fev<\/td><\/tr><tr><td>5<\/td><td>EP DA CIDADE DO CABO<\/td><td>25\/fev<\/td><\/tr><tr><td>6<\/td><td>EP DE S\u00c3O PAULO<\/td><td>25\/mar<\/td><\/tr><tr><td>7<\/td><td>EP DE BERLIM<\/td><td>22\/abr<\/td><\/tr><tr><td>8<\/td><td>EP DE BERLIM<\/td><td>23\/abr<\/td><\/tr><tr><td>9<\/td><td>EP DE M\u00d4NACO<\/td><td>06\/mai<\/td><\/tr><tr><td>10<\/td><td>A CONFIRMAR<\/td><td>20\/mai<\/td><\/tr><tr><td>11<\/td><td>EP DE JACARTA 1<\/td><td>03\/jun<\/td><\/tr><tr><td>12<\/td><td>EP DE JACARTA 2<\/td><td>04\/jun<\/td><\/tr><tr><td>13<\/td><td>A CONFIRMAR<\/td><td>24\/jun<\/td><\/tr><tr><td>14<\/td><td>EP DE ROMA 1<\/td><td>15\/jul<\/td><\/tr><tr><td>15<\/td><td>EP DE ROMA 2<\/td><td>16\/jul<\/td><\/tr><tr><td>16<\/td><td>EP DE LONDRES 1<\/td><td>29\/jul<\/td><\/tr><tr><td>17<\/td><td>EP DE LONDRES 2<\/td><td>30\/jul<\/td><\/tr><\/tbody><\/table><\/figure>\n\n\n\n<figure class=\"wp-block-embed is-type-rich is-provider-spotify wp-block-embed-spotify wp-embed-aspect-21-9 wp-has-aspect-ratio\"><div class=\"wp-block-embed__wrapper\">\n<iframe title=\"Spotify Embed: Paddockast #169: Da dire\u00e7\u00e3o de prova ao teto de gastos: FIA e F1 implodem juntas\" style=\"border-radius: 12px\" width=\"100%\" height=\"152\" frameborder=\"0\" allowfullscreen allow=\"autoplay; clipboard-write; encrypted-media; fullscreen; picture-in-picture\" loading=\"lazy\" src=\"https:\/\/open.spotify.com\/embed\/episode\/2wV77iCVWHtVxLbKygzL8l?go=1&amp;sp_cid=6c939ff23cffffc8ac9d7016d74b5e69&amp;utm_source=oembed&amp;utm_medium=desktop&amp;nd=1\"><\/iframe>\n<\/div><\/figure>\n","protected":false},"excerpt":{"rendered":"<p>F\u00f3rmula E n\u00e3o conseguiu manter eP de Seul no calend\u00e1rio devido \u00e0s obras no Est\u00e1dio Ol\u00edmpico, mas ainda busca solu\u00e7\u00e3o e confirma primeiro eP da Cidade do Cabo em 2023<\/p>\n","protected":false},"author":0,"featured_media":1000603524,"comment_status":"closed","ping_status":"closed","sticky":false,"template":"","format":"standard","meta":{"42wp_featured_image_caption":"","42wp_featured_image_credits":"","42wp_featured_video":"","42wp_featured_image_hidden":false,"42wp_authors_list":[],"footnotes":""},"categories":[19],"tags":[25314,31020,31468,4595,379,27903,840,28327,1601,1491,30103,28285],"42wp_author":[47142],"class_list":["post-108008","post","type-post","status-publish","format-standard","has-post-thumbnail","hentry","category-formula-e","tag-africa-do-sul","tag-ep-da-cidade-do-cabo","tag-ep-de-sao-paulo","tag-ep-de-seul","tag-fe","tag-fe-2022","tag-formula-e","tag-formula-e-2022","tag-gen3","tag-grande-premio","tag-grande-premio-f1","tag-grandepremio","42wp_author-jp-nascimento"],"_links":{"self":[{"href":"https:\/\/grandepremio.com\/br\/wp-json\/wp\/v2\/posts\/108008","targetHints":{"allow":["GET"]}}],"collection":[{"href":"https:\/\/grandepremio.com\/br\/wp-json\/wp\/v2\/posts"}],"about":[{"href":"https:\/\/grandepremio.com\/br\/wp-json\/wp\/v2\/types\/post"}],"replies":[{"embeddable":true,"href":"https:\/\/grandepremio.com\/br\/wp-json\/wp\/v2\/comments?post=108008"}],"version-history":[{"count":0,"href":"https:\/\/grandepremio.com\/br\/wp-json\/wp\/v2\/posts\/108008\/revisions"}],"wp:featuredmedia":[{"embeddable":true,"href":"https:\/\/grandepremio.com\/br\/wp-json\/wp\/v2\/media\/1000603524"}],"wp:attachment":[{"href":"https:\/\/grandepremio.com\/br\/wp-json\/wp\/v2\/media?parent=108008"}],"wp:term":[{"taxonomy":"category","embeddable":true,"href":"https:\/\/grandepremio.com\/br\/wp-json\/wp\/v2\/categories?post=108008"},{"taxonomy":"post_tag","embeddable":true,"href":"https:\/\/grandepremio.com\/br\/wp-json\/wp\/v2\/tags?post=108008"},{"taxonomy":"42wp_author","embeddable":true,"href":"https:\/\/grandepremio.com\/br\/wp-json\/wp\/v2\/42wp_author?post=108008"}],"curies":[{"name":"wp","href":"https:\/\/api.w.org\/{rel}","templated":true}]}}