{"id":108048,"date":"2022-10-18T04:00:00","date_gmt":"2022-10-18T07:00:00","guid":{"rendered":"https:\/\/grandepremio.com\/br\/noticias\/consultor-red-bull-guerra-pesada-max-verstappen-carlos-sainz-toro-rosso\/"},"modified":"2022-10-17T16:04:33","modified_gmt":"2022-10-17T19:04:33","slug":"consultor-red-bull-guerra-pesada-max-verstappen-carlos-sainz-toro-rosso","status":"publish","type":"post","link":"https:\/\/grandepremio.com\/br\/f1\/consultor-red-bull-guerra-pesada-max-verstappen-carlos-sainz-toro-rosso\/","title":{"rendered":"Consultor da Red Bull revela guerra &#8220;pesada&#8221; entre Verstappen e Sainz na Toro Rosso"},"content":{"rendered":"\n<p class=\"wp-block-paragraph\"><strong>Helmut Marko<\/strong>, consultor-esportivo da <strong>Red Bull<\/strong>, revelou ter tido que desarmar uma verdadeira bomba na <strong>Toro Rosso <\/strong>em 2016. Naquela temporada, <strong>Max Verstappen <\/strong>substituiu <strong>Daniil Kvyat <\/strong>como titular da equipe austr\u00edaca no <strong>GP da Espanha<\/strong>, quando venceu sua primeira corrida logo na estreia pela escuderia e iniciou a trajet\u00f3ria que j\u00e1 lhe rendeu dois t\u00edtulos mundiais. No entanto, Marko afirmou que a troca n\u00e3o se deu apenas por puro n\u00edvel t\u00e9cnico \u2014 tamb\u00e9m teve rela\u00e7\u00e3o com um verdadeiro clima de guerra que se instalava na equipe de Faenza.<\/p>\n\n\n\n<p class=\"wp-block-paragraph\">Naquele ano, <strong>Verstappen <\/strong>formava dupla com <strong>Carlos Sainz <\/strong>na Toro Rosso \u2014 hoje AlphaTauri \u2014, enquanto <strong>Kvyat <\/strong>era o parceiro de <strong>Daniel Ricciardo <\/strong>no time principal. A quest\u00e3o \u00e9 que, de acordo com Marko, o primeiro passo para a troca foi dado quando o russo passou a se incomodar com os freios do carro \u2014 o que foi, gradualmente, trazendo perda de desempenho.<\/p>\n\n\n\n<p class=\"wp-block-paragraph\">&#8220;Kvyat era mais r\u00e1pido que Ricciardo em seu primeiro ano na Red Bull&#8221;, disse Marko \u00e0 revista alem\u00e3 <em>Auto Motor und Sport<\/em>. &#8220;No segundo ano, a partir do primeiro dia de testes, ele botou na cabe\u00e7a que havia um problema com os freios. Primeiro, ele perdeu velocidade. Depois, vieram os acidentes. De repente, voc\u00ea se sente inseguro. T\u00ednhamos que reagir&#8221;, explicou.<\/p>\n\n\n\n<p class=\"wp-block-paragraph\"><strong>\u25b6\ufe0f&nbsp;<a href=\"https:\/\/www.twitch.tv\/grandepremio\" target=\"_blank\" rel=\"noreferrer noopener\">Conhe\u00e7a o canal do GRANDE PR\u00caMIO na Twitch clicando aqui!<\/a><\/strong><\/p>\n\n\n\n<figure class=\"wp-block-image aligncenter size-full\"><img decoding=\"async\" src=\"https:\/\/www.grandepremio.com\/br\/wp-content\/uploads\/2015\/03\/2015312758929_2015-f1-australia-QUI-02-verstappen-sainz_II.jpg\" alt=\"\" class=\"wp-image-270382\"\/><figcaption>Clima de guerra entre Verstappen e Sainz era potencializado pelos pais de ambos, segundo Marko (Foto: Red Bull Content Pool)<\/figcaption><\/figure>\n\n\n\n<p class=\"wp-block-paragraph\"><strong>\u25b6\ufe0f&nbsp;Inscreva-se nos dois canais do GRANDE PR\u00caMIO no YouTube:&nbsp;<a href=\"https:\/\/www.youtube.com\/channel\/UC9OlHEgxoaY6QY6nWPoiqQg?sub_confirmation=1\" target=\"_blank\" rel=\"noreferrer noopener\">GP<\/a>&nbsp;|&nbsp;<a href=\"https:\/\/www.youtube.com\/channel\/UC9csiS6q_C3C0FYhyr1rnFA?sub_confirmation=1\" target=\"_blank\" rel=\"noreferrer noopener\">GP2<\/a><\/strong><\/p>\n\n\n\n<p class=\"wp-block-paragraph\">Assim, Marko uniu o \u00fatil ao agrad\u00e1vel: al\u00e9m de sacar Kvyat, desarmou um clima b\u00e9lico que se instaurava entre Verstappen e Sainz na Red Bull \u2014 com forte participa\u00e7\u00e3o dos pais Jos Verstappen [ex-piloto de F\u00f3rmula 1] e Carlos Sainz [bicampe\u00e3o mundial de rali].<\/p>\n\n\n\n<p class=\"wp-block-paragraph\">&#8220;N\u00f3s t\u00ednhamos Sainz e Verstappen ao mesmo tempo. Esse n\u00e3o era um relacionamento saud\u00e1vel para a Toro Rosso&#8221;, prosseguiu. &#8220;De um lado, o perspicaz e pol\u00edtico Carlos Sainz pai. Do outro, o emocional Jos Verstappen. Em alguns momentos, as coisas realmente ficaram pesadas&#8221;, revelou.<\/p>\n\n\n\n<p class=\"wp-block-paragraph\">&#8220;Com a promo\u00e7\u00e3o de Max [Verstappen], resolvemos isso em um movimento&#8221;, ressaltou. &#8220;O pai de Sainz ficou absurdamente ofendido, \u00e9 claro, e passou a n\u00e3o compreender mais o mundo. Internamente, em alguns momentos t\u00ednhamos que tomar a\u00e7\u00f5es duras, mesmo que para o mundo externo sempre tenha parecido um ambiente harmonioso&#8221;, finalizou.<\/p>\n\n\n\n<p class=\"wp-block-paragraph\">A<strong>\u00a0<a href=\"https:\/\/www.grandepremio.com\/formula-1\/\" target=\"_blank\" rel=\"noreferrer noopener\">F\u00f3rmula 1<\/a><\/strong>\u00a0volta \u00e0s atividades com a disputa do <strong>GP dos Estados Unidos<\/strong>, em <strong>Austin<\/strong>, marcado para acontecer entre os dias 21 e 23 de outubro.<\/p>\n\n\n\n<p class=\"wp-block-paragraph\"><strong>LEIA MAIS<br>\u2014 <a href=\"https:\/\/www.grandepremio.com\/br\/f1\/noticias\/red-bull-recorda-previsao-errada-max-verstappen-prega-foco-vice-sergio-perez\/\" target=\"_blank\" aria-label=\"Red Bull celebra dom\u00ednio e mostra al\u00edvio por previs\u00e3o errada de Verstappen na F1 2022 (opens in a new tab)\" rel=\"noreferrer noopener\" class=\"ek-link\">Red Bull celebra dom\u00ednio e mostra al\u00edvio por previs\u00e3o errada de Verstappen na F1 2022<\/a><br>\u2014 <a href=\"https:\/\/www.grandepremio.com\/br\/f1\/noticias\/red-bull-visa-titulo-construtores-vice-sergio-perez-f1-2022-foco-agora\/\" target=\"_blank\" aria-label=\"Red Bull visa t\u00edtulo dos Construtores e vice de P\u00e9rez na F1 2022: \u201cFoco agora \u00e9 esse\u201d (opens in a new tab)\" rel=\"noreferrer noopener\" class=\"ek-link\">Red Bull visa t\u00edtulo dos Construtores e vice de P\u00e9rez na F1 2022: \u201cFoco agora \u00e9 esse\u201d<\/a><\/strong><\/p>\n\n\n\n<figure class=\"wp-block-embed is-type-rich is-provider-spotify wp-block-embed-spotify wp-embed-aspect-21-9 wp-has-aspect-ratio\"><div class=\"wp-block-embed__wrapper\">\n<iframe title=\"Spotify Embed: Paddockast #169: Da dire\u00e7\u00e3o de prova ao teto de gastos: FIA e F1 implodem juntas\" style=\"border-radius: 12px\" width=\"100%\" height=\"152\" frameborder=\"0\" allowfullscreen allow=\"autoplay; clipboard-write; encrypted-media; fullscreen; picture-in-picture\" loading=\"lazy\" src=\"https:\/\/open.spotify.com\/embed\/episode\/2wV77iCVWHtVxLbKygzL8l?go=1&amp;sp_cid=6c939ff23cffffc8ac9d7016d74b5e69&amp;utm_source=oembed&amp;utm_medium=desktop&amp;nd=1\"><\/iframe>\n<\/div><\/figure>\n","protected":false},"excerpt":{"rendered":"<p>Consultor-esportivo da Red Bull, Helmut Marko revelou que troca de Daniil Kvyat por Max Verstappen n\u00e3o ocorreu apenas por falhas do russo, mas tamb\u00e9m devido ao clima b\u00e9lico que se instalava entre o holand\u00eas e Carlos Sainz na Toro Rosso<\/p>\n","protected":false},"author":0,"featured_media":0,"comment_status":"closed","ping_status":"closed","sticky":false,"template":"","format":"standard","meta":{"42wp_featured_image_caption":"","42wp_featured_image_credits":"","42wp_featured_video":"","42wp_featured_image_hidden":false,"42wp_authors_list":[],"footnotes":""},"categories":[2],"tags":[524,546,211,781,147,1357,180,3023,1491,30103,28285,2394,258,2569,203,204,608,638,1703],"42wp_author":[47142],"class_list":["post-108048","post","type-post","status-publish","format-standard","hentry","category-f1","tag-alphatauri","tag-carlos-sainz","tag-daniel-ricciardo","tag-daniil-kvyat","tag-f1","tag-f1-2022","tag-formula-1","tag-gp-do-japao","tag-grande-premio","tag-grande-premio-f1","tag-grandepremio","tag-guerra","tag-helmut-marko","tag-jos-verstappen","tag-max-verstappen","tag-red-bull","tag-suzuka","tag-toro-rosso","tag-treta","42wp_author-jp-nascimento"],"_links":{"self":[{"href":"https:\/\/grandepremio.com\/br\/wp-json\/wp\/v2\/posts\/108048","targetHints":{"allow":["GET"]}}],"collection":[{"href":"https:\/\/grandepremio.com\/br\/wp-json\/wp\/v2\/posts"}],"about":[{"href":"https:\/\/grandepremio.com\/br\/wp-json\/wp\/v2\/types\/post"}],"replies":[{"embeddable":true,"href":"https:\/\/grandepremio.com\/br\/wp-json\/wp\/v2\/comments?post=108048"}],"version-history":[{"count":0,"href":"https:\/\/grandepremio.com\/br\/wp-json\/wp\/v2\/posts\/108048\/revisions"}],"wp:attachment":[{"href":"https:\/\/grandepremio.com\/br\/wp-json\/wp\/v2\/media?parent=108048"}],"wp:term":[{"taxonomy":"category","embeddable":true,"href":"https:\/\/grandepremio.com\/br\/wp-json\/wp\/v2\/categories?post=108048"},{"taxonomy":"post_tag","embeddable":true,"href":"https:\/\/grandepremio.com\/br\/wp-json\/wp\/v2\/tags?post=108048"},{"taxonomy":"42wp_author","embeddable":true,"href":"https:\/\/grandepremio.com\/br\/wp-json\/wp\/v2\/42wp_author?post=108048"}],"curies":[{"name":"wp","href":"https:\/\/api.w.org\/{rel}","templated":true}]}}