{"id":108075,"date":"2022-10-16T11:01:26","date_gmt":"2022-10-16T14:01:26","guid":{"rendered":"https:\/\/grandepremio.com\/br\/noticias\/mercedes-admite-tristeza-por-perder-talento-de-vries-mas-celebra-vaga-na-alphatauri\/"},"modified":"2022-10-16T22:35:46","modified_gmt":"2022-10-17T01:35:46","slug":"mercedes-admite-tristeza-por-perder-talento-de-vries-mas-celebra-vaga-na-alphatauri","status":"publish","type":"post","link":"https:\/\/grandepremio.com\/br\/f1\/mercedes-admite-tristeza-por-perder-talento-de-vries-mas-celebra-vaga-na-alphatauri\/","title":{"rendered":"Mercedes admite tristeza por perder &#8220;talento&#8221; De Vries, mas celebra vaga na AlphaTauri"},"content":{"rendered":"\n<p class=\"wp-block-paragraph\">O an\u00fancio de que <strong>Nyck de Vries <\/strong>ser\u00e1 piloto da <strong>AlphaTauri <\/strong>na F1 2023 <a href=\"https:\/\/www.grandepremio.com\/br\/f1\/noticias\/alphatauri-encerra-novela-anuncia-nyck-de-vries-temporada-2023-formula-1\/\" target=\"_blank\" aria-label=\"encerrou um cap\u00edtulo (opens in a new tab)\" rel=\"noreferrer noopener\" class=\"ek-link\">encerrou um cap\u00edtulo<\/a> muito importante na carreira do piloto \u2014 seu v\u00ednculo com a <strong>Mercedes<\/strong>, pela qual conquistou o t\u00edtulo mundial da <strong>F\u00f3rmula E <\/strong>na temporada 2020\/2021. O holand\u00eas <a href=\"https:\/\/www.grandepremio.com\/br\/f1\/noticias\/mercedes-anuncia-nyck-de-vries-como-novo-piloto-reserva-ao-lado-de-stoffel-vandoorne\/\" target=\"_blank\" aria-label=\"se tornou piloto reserva da equipe durante sua temporada gloriosa rumo ao t\u00edtulo da categoria el\u00e9trica (opens in a new tab)\" rel=\"noreferrer noopener\" class=\"ek-link\">se tornou piloto reserva da equipe durante sua temporada gloriosa rumo ao t\u00edtulo da categoria el\u00e9trica<\/a>, mas agora vai virar a p\u00e1gina e entrar em um novo ciclo sob o guarda-chuva da <strong>Red Bull<\/strong>.<\/p>\n\n\n\n<p class=\"wp-block-paragraph\">Diretor-t\u00e9cnico da Mercedes, <strong>Mike Elliott <\/strong>rasgou elogios ao piloto e n\u00e3o escondeu que considera uma grande perda para o time alem\u00e3o o fato de De Vries assinar contrato com outra equipe do grid. Ainda assim, o brit\u00e2nico se disse feliz por ver Nyck enfim realizando o sonho de se tornar titular na F\u00f3rmula 1.<\/p>\n\n\n\n<p class=\"wp-block-paragraph\">&#8220;Acho que a maior parte do tempo que eu passei com Nyck [de Vries] foi, na verdade, com Toto [Wolff] falando&#8221;, brincou Elliott. &#8220;O que voc\u00ea tem \u00e9 um cara muito legal, mas que possui muito conhecimento sobre o esporte e a engenharia do carro. Acho que para n\u00f3s, como equipe, \u00e9 uma pena v\u00ea-lo ir para outro lugar&#8221;, admitiu.<\/p>\n\n\n\n<p class=\"wp-block-paragraph\"><strong>\u25b6\ufe0f&nbsp;<a href=\"https:\/\/www.twitch.tv\/grandepremio\" target=\"_blank\" rel=\"noreferrer noopener\">Conhe\u00e7a o canal do GRANDE PR\u00caMIO na Twitch clicando aqui!<\/a><\/strong><\/p>\n\n\n\n<figure class=\"wp-block-image size-large\"><img decoding=\"async\" src=\"https:\/\/www.grandepremio.com\/br\/wp-content\/uploads\/2022\/09\/williams-nyckdevries-01-2-1024x684.jpg\" alt=\"\" class=\"wp-image-613701\"\/><figcaption>De Vries somou logo dois pontos em sua estreia na F1 com a Williams e chamou aten\u00e7\u00e3o do paddock (Foto: Williams)<\/figcaption><\/figure>\n\n\n\n<p class=\"wp-block-paragraph\"><strong>\u25b6\ufe0f&nbsp;Inscreva-se nos dois canais do GRANDE PR\u00caMIO no YouTube:&nbsp;<a href=\"https:\/\/www.youtube.com\/channel\/UC9OlHEgxoaY6QY6nWPoiqQg?sub_confirmation=1\" target=\"_blank\" rel=\"noreferrer noopener\">GP<\/a>&nbsp;|&nbsp;<a href=\"https:\/\/www.youtube.com\/channel\/UC9csiS6q_C3C0FYhyr1rnFA?sub_confirmation=1\" target=\"_blank\" rel=\"noreferrer noopener\">GP2<\/a><\/strong><\/p>\n\n\n\n<p class=\"wp-block-paragraph\">&#8220;No entanto, ao mesmo tempo fico muito feliz por ele, realmente satisfeito por ele ter conseguido essa oportunidade&#8221;, salientou. &#8220;Porque \u00e9 bom ver um piloto ganhando essa chance com o talento que ele tem&#8221;, ressaltou.<\/p>\n\n\n\n<p class=\"wp-block-paragraph\">O impacto imediato de De Vries na F\u00f3rmula 1, com o nono lugar no <strong>GP da It\u00e1lia<\/strong> em sua primeira participa\u00e7\u00e3o com a <strong>Williams<\/strong>, gerou diversos elogios ao holand\u00eas no paddock. Apesar dos t\u00edtulos da F2 em 2019 e da F\u00f3rmula E em 2021, Nyck recebe uma chance considerada tardia na F1 ao desembarcar no grid com 27 anos de idade. No entanto, Elliott destacou que o piloto re\u00fane todos os atributos procurados em um jovem \u2014 e com a adi\u00e7\u00e3o da experi\u00eancia.<\/p>\n\n\n\n<p class=\"wp-block-paragraph\">&#8220;Ele simplesmente entra no carro e come\u00e7a os trabalhos. Ele n\u00e3o comete erros&#8221;, afirmou Elliott. &#8220;Ele rapidamente chega a um ponto em que est\u00e1 tirando o melhor do carro. O feedback que ele d\u00e1 \u00e9 muito bom. [Ele tem] todas as coisas que voc\u00ea procura em um piloto jovem&#8221;, finalizou.<\/p>\n\n\n\n<p class=\"wp-block-paragraph\">A <strong>F\u00f3rmula 1<\/strong> volta \u00e0s atividades com a disputa do <strong>GP dos Estados Unidos<\/strong>, em <strong>Austin<\/strong>, marcado para acontecer entre os dias 21 e 23 de outubro.<\/p>\n\n\n\n<figure class=\"wp-block-embed is-type-rich is-provider-spotify wp-block-embed-spotify wp-embed-aspect-21-9 wp-has-aspect-ratio\"><div class=\"wp-block-embed__wrapper\">\n<iframe title=\"Spotify Embed: Paddockast #169: Da dire\u00e7\u00e3o de prova ao teto de gastos: FIA e F1 implodem juntas\" style=\"border-radius: 12px\" width=\"100%\" height=\"152\" frameborder=\"0\" allowfullscreen allow=\"autoplay; clipboard-write; encrypted-media; fullscreen; picture-in-picture\" loading=\"lazy\" src=\"https:\/\/open.spotify.com\/embed\/episode\/2wV77iCVWHtVxLbKygzL8l?go=1&amp;sp_cid=6c939ff23cffffc8ac9d7016d74b5e69&amp;utm_source=oembed&amp;utm_medium=desktop&amp;nd=1\"><\/iframe>\n<\/div><\/figure>\n","protected":false},"excerpt":{"rendered":"<p>Diretor-t\u00e9cnico da Mercedes, Mike Elliott elogiou conhecimento e experi\u00eancia de Nyck de Vries, mas admitiu tristeza por perder holand\u00eas para outra equipe no grid da F\u00f3rmula 1<\/p>\n","protected":false},"author":0,"featured_media":1000572564,"comment_status":"closed","ping_status":"closed","sticky":false,"template":"","format":"standard","meta":{"42wp_featured_image_caption":"","42wp_featured_image_credits":"","42wp_featured_video":"","42wp_featured_image_hidden":false,"42wp_authors_list":[],"footnotes":""},"categories":[2],"tags":[524,147,1357,180,3023,1491,30103,28285,82,27689,1556,608],"42wp_author":[47142],"class_list":["post-108075","post","type-post","status-publish","format-standard","has-post-thumbnail","hentry","category-f1","tag-alphatauri","tag-f1","tag-f1-2022","tag-formula-1","tag-gp-do-japao","tag-grande-premio","tag-grande-premio-f1","tag-grandepremio","tag-mercedes","tag-mike-elliott","tag-nyck-de-vries","tag-suzuka","42wp_author-jp-nascimento"],"_links":{"self":[{"href":"https:\/\/grandepremio.com\/br\/wp-json\/wp\/v2\/posts\/108075","targetHints":{"allow":["GET"]}}],"collection":[{"href":"https:\/\/grandepremio.com\/br\/wp-json\/wp\/v2\/posts"}],"about":[{"href":"https:\/\/grandepremio.com\/br\/wp-json\/wp\/v2\/types\/post"}],"replies":[{"embeddable":true,"href":"https:\/\/grandepremio.com\/br\/wp-json\/wp\/v2\/comments?post=108075"}],"version-history":[{"count":0,"href":"https:\/\/grandepremio.com\/br\/wp-json\/wp\/v2\/posts\/108075\/revisions"}],"wp:featuredmedia":[{"embeddable":true,"href":"https:\/\/grandepremio.com\/br\/wp-json\/wp\/v2\/media\/1000572564"}],"wp:attachment":[{"href":"https:\/\/grandepremio.com\/br\/wp-json\/wp\/v2\/media?parent=108075"}],"wp:term":[{"taxonomy":"category","embeddable":true,"href":"https:\/\/grandepremio.com\/br\/wp-json\/wp\/v2\/categories?post=108075"},{"taxonomy":"post_tag","embeddable":true,"href":"https:\/\/grandepremio.com\/br\/wp-json\/wp\/v2\/tags?post=108075"},{"taxonomy":"42wp_author","embeddable":true,"href":"https:\/\/grandepremio.com\/br\/wp-json\/wp\/v2\/42wp_author?post=108075"}],"curies":[{"name":"wp","href":"https:\/\/api.w.org\/{rel}","templated":true}]}}