{"id":108109,"date":"2022-10-15T04:00:00","date_gmt":"2022-10-15T07:00:00","guid":{"rendered":"https:\/\/grandepremio.com\/br\/noticias\/mercedes-maior-entendimento-w13-envolvida-carro-2023\/"},"modified":"2022-10-14T13:22:40","modified_gmt":"2022-10-14T16:22:40","slug":"mercedes-maior-entendimento-w13-envolvida-carro-2023","status":"publish","type":"post","link":"https:\/\/grandepremio.com\/br\/f1\/mercedes-maior-entendimento-w13-envolvida-carro-2023\/","title":{"rendered":"Mercedes destaca maior entendimento sobre W13 e se diz &#8220;envolvida&#8221; com carro de 2023"},"content":{"rendered":"\n<p class=\"wp-block-paragraph\">A <strong>Mercedes <\/strong>j\u00e1 confirmou que trar\u00e1 novas atualiza\u00e7\u00f5es para o <strong>W13 <\/strong>no <strong>GP dos Estados Unidos<\/strong>, e um dos objetivos \u00e9 observar o comportamento aerodin\u00e2mico do carro pensando na disputa da temporada 2023 \u2014 afinal, restam apenas <strong>quatro <\/strong>corridas at\u00e9 o fim do ano na <strong>F1<\/strong>. Diretor-t\u00e9cnico da equipe alem\u00e3, <strong>Mike Elliott <\/strong>explicou que os engenheiros j\u00e1 est\u00e3o focados no desenvolvimento para o ano que vem, mas evitou precisar o quanto ser\u00e1 necess\u00e1rio recuperar em termos de tempo de volta em rela\u00e7\u00e3o aos carros \u00e0 frente.<\/p>\n\n\n\n<p class=\"wp-block-paragraph\">&#8220;Obviamente, j\u00e1 estamos envolvidos com o carro do ano que vem no momento&#8221;, admitiu Elliott em entrevista concedida em <strong>Suzuka<\/strong>. &#8220;Acho que em termos de tentar prever quanto tempo de volta voc\u00ea precisa encontrar, \u00e9 bem dif\u00edcil. Acho que em algumas corridas desse ano, estivemos bem pr\u00f3ximos&#8221;, avaliou o diretor-t\u00e9cnico, se referindo aos carros de <strong>Red Bull <\/strong>e <strong>Ferrari<\/strong>.<\/p>\n\n\n\n<p class=\"wp-block-paragraph\">Uma constante da equipe ao longo de 2022, pelo menos at\u00e9 aqui, tem sido a diferen\u00e7a de ritmo de domingo em rela\u00e7\u00e3o aos s\u00e1bados. Com dificuldades para alcan\u00e7ar a temperatura ideal nos pneus, a Mercedes costuma sofrer mais em ritmo de classifica\u00e7\u00e3o do que nas corridas, em que tem mais tempo para chegar \u00e0 janela almejada. Assim, Elliot observou que tem sido importante para o time alem\u00e3o entender os motivos por tr\u00e1s da subida de rendimento de um dia para o outro, entre outras caracter\u00edsticas do carro.<\/p>\n\n\n\n<p class=\"wp-block-paragraph\"><strong>\u25b6\ufe0f&nbsp;<a href=\"https:\/\/www.twitch.tv\/grandepremio\" target=\"_blank\" rel=\"noreferrer noopener\">Conhe\u00e7a o canal do GRANDE PR\u00caMIO na Twitch clicando aqui!<\/a><\/strong><\/p>\n\n\n\n<figure class=\"wp-block-image size-large\"><img decoding=\"async\" src=\"https:\/\/www.grandepremio.com\/br\/wp-content\/uploads\/2021\/04\/M262251-1024x683.jpg\" alt=\"MIKE ELLIOTT; MERCEDES; DIRETOR-T\u00c9CNICO;\" class=\"wp-image-462097\"\/><figcaption>Diretor-t\u00e9cnico da Mercedes desde 2021, Mike Elliott fala em voltar \u00e0 briga pelo t\u00edtulo em 2023 (Foto: Mercedes)<\/figcaption><\/figure>\n\n\n\n<p class=\"wp-block-paragraph\"><strong>\u25b6\ufe0f&nbsp;Inscreva-se nos dois canais do GRANDE PR\u00caMIO no YouTube:&nbsp;<a href=\"https:\/\/www.youtube.com\/channel\/UC9OlHEgxoaY6QY6nWPoiqQg?sub_confirmation=1\" target=\"_blank\" rel=\"noreferrer noopener\">GP<\/a>&nbsp;|&nbsp;<a href=\"https:\/\/www.youtube.com\/channel\/UC9csiS6q_C3C0FYhyr1rnFA?sub_confirmation=1\" target=\"_blank\" rel=\"noreferrer noopener\">GP2<\/a><\/strong><\/p>\n\n\n\n<p class=\"wp-block-paragraph\">&#8220;De fato, nosso ritmo de corrida tem sido muito bom em v\u00e1rias corridas, e em algumas n\u00f3s ficamos um pouco atr\u00e1s&#8221;, ressaltou. &#8220;E acho que o que estivemos tentando fazer \u00e9 entender isso, e acho que compreendemos agora. Sabemos o que precisamos fazer&#8221;, disse.<\/p>\n\n\n\n<p class=\"wp-block-paragraph\">Apesar de evitar proje\u00e7\u00f5es sobre tempos de volta, Elliott prefere se concentrar no objetivo principal da Mercedes para 2023: voltar a oferecer um carro capaz de lutar pelo t\u00edtulo para <strong>Lewis Hamilton <\/strong>e <strong>George Russell<\/strong>, que ficaram de fora da briga e viram <strong>Max Verstappen <\/strong>nadar de bra\u00e7ada rumo \u00e0 ta\u00e7a em 2022.<\/p>\n\n\n\n<p class=\"wp-block-paragraph\">&#8220;Ent\u00e3o, ap\u00f3s decidir o que precisa ser feito, voc\u00ea questiona o quanto de performance ainda precisa ganhar&#8221;, salientou. &#8220;Obviamente, n\u00e3o vou te dar um n\u00famero, porque isso diria muita coisa. Mas acho que estamos dentro dos limites do que \u00e9 poss\u00edvel encontrar. Ent\u00e3o, acho que temos de trabalhar duro ao longo do inverno, mas espero que possamos nos trazer de volta a uma posi\u00e7\u00e3o em que estejamos brigando l\u00e1 na frente&#8221;, finalizou.<\/p>\n\n\n\n<p class=\"wp-block-paragraph\">A\u00a0<strong><a href=\"https:\/\/www.grandepremio.com\/formula-1\/\" target=\"_blank\" rel=\"noreferrer noopener\">F\u00f3rmula 1<\/a><\/strong>\u00a0volta \u00e0s atividades com a disputa do\u00a0<strong>GP dos Estados Unidos<\/strong>, em\u00a0<strong>Austin<\/strong>, marcado para acontecer entre os dias\u00a0<strong>21\u00a0<\/strong>e\u00a0<strong>23 de outubro<\/strong>.<\/p>\n\n\n\n<figure class=\"wp-block-embed is-type-rich is-provider-spotify wp-block-embed-spotify wp-embed-aspect-21-9 wp-has-aspect-ratio\"><div class=\"wp-block-embed__wrapper\">\n<iframe title=\"Spotify Embed: Paddockast #169: Da dire\u00e7\u00e3o de prova ao teto de gastos: FIA e F1 implodem juntas\" style=\"border-radius: 12px\" width=\"100%\" height=\"152\" frameborder=\"0\" allowfullscreen allow=\"autoplay; clipboard-write; encrypted-media; fullscreen; picture-in-picture\" loading=\"lazy\" src=\"https:\/\/open.spotify.com\/embed\/episode\/2wV77iCVWHtVxLbKygzL8l?go=1&amp;sp_cid=6c939ff23cffffc8ac9d7016d74b5e69&amp;utm_source=oembed&amp;utm_medium=desktop&amp;nd=1\"><\/iframe>\n<\/div><\/figure>\n","protected":false},"excerpt":{"rendered":"<p>Diretor-t\u00e9cnico da Mercedes, Mike Elliott destacou a import\u00e2ncia de estudar o carro de 2022 para saber exatamente qual dire\u00e7\u00e3o seguir no desenvolvimento do monoposto do ano que vem<\/p>\n","protected":false},"author":0,"featured_media":1000621625,"comment_status":"closed","ping_status":"closed","sticky":false,"template":"","format":"standard","meta":{"42wp_featured_image_caption":"","42wp_featured_image_credits":"","42wp_featured_video":"","42wp_featured_image_hidden":false,"42wp_authors_list":[],"footnotes":""},"categories":[2],"tags":[147,1357,6533,180,800,3023,1491,30103,28285,87,82,27689,608,30389],"42wp_author":[47142],"class_list":["post-108109","post","type-post","status-publish","format-standard","has-post-thumbnail","hentry","category-f1","tag-f1","tag-f1-2022","tag-f1-2023","tag-formula-1","tag-george-russell","tag-gp-do-japao","tag-grande-premio","tag-grande-premio-f1","tag-grandepremio","tag-lewis-hamilton","tag-mercedes","tag-mike-elliott","tag-suzuka","tag-w13","42wp_author-jp-nascimento"],"_links":{"self":[{"href":"https:\/\/grandepremio.com\/br\/wp-json\/wp\/v2\/posts\/108109","targetHints":{"allow":["GET"]}}],"collection":[{"href":"https:\/\/grandepremio.com\/br\/wp-json\/wp\/v2\/posts"}],"about":[{"href":"https:\/\/grandepremio.com\/br\/wp-json\/wp\/v2\/types\/post"}],"replies":[{"embeddable":true,"href":"https:\/\/grandepremio.com\/br\/wp-json\/wp\/v2\/comments?post=108109"}],"version-history":[{"count":0,"href":"https:\/\/grandepremio.com\/br\/wp-json\/wp\/v2\/posts\/108109\/revisions"}],"wp:featuredmedia":[{"embeddable":true,"href":"https:\/\/grandepremio.com\/br\/wp-json\/wp\/v2\/media\/1000621625"}],"wp:attachment":[{"href":"https:\/\/grandepremio.com\/br\/wp-json\/wp\/v2\/media?parent=108109"}],"wp:term":[{"taxonomy":"category","embeddable":true,"href":"https:\/\/grandepremio.com\/br\/wp-json\/wp\/v2\/categories?post=108109"},{"taxonomy":"post_tag","embeddable":true,"href":"https:\/\/grandepremio.com\/br\/wp-json\/wp\/v2\/tags?post=108109"},{"taxonomy":"42wp_author","embeddable":true,"href":"https:\/\/grandepremio.com\/br\/wp-json\/wp\/v2\/42wp_author?post=108109"}],"curies":[{"name":"wp","href":"https:\/\/api.w.org\/{rel}","templated":true}]}}