{"id":108143,"date":"2022-10-13T13:24:10","date_gmt":"2022-10-13T16:24:10","guid":{"rendered":"https:\/\/grandepremio.com\/br\/noticias\/sergio-sette-camara-vibra-chance-contato-proximo-fas-formula-e-brasil\/"},"modified":"2022-10-13T18:07:15","modified_gmt":"2022-10-13T21:07:15","slug":"sergio-sette-camara-vibra-chance-contato-proximo-fas-formula-e-brasil","status":"publish","type":"post","link":"https:\/\/grandepremio.com\/br\/formula-e\/sergio-sette-camara-vibra-chance-contato-proximo-fas-formula-e-brasil\/","title":{"rendered":"Sette C\u00e2mara vibra por chance de &#8220;contato mais pr\u00f3ximo com f\u00e3s&#8221; em F\u00f3rmula E no Brasil"},"content":{"rendered":"\n<figure class=\"wp-block-embed is-type-video is-provider-youtube wp-block-embed-youtube wp-embed-aspect-16-9 wp-has-aspect-ratio\"><div class=\"wp-block-embed__wrapper\">\n<iframe loading=\"lazy\" title=\"SETTE C\u00c2MARA NA NIO: O QUE MUDA NA F\u00d3RMULA E?\" width=\"500\" height=\"281\" src=\"https:\/\/www.youtube.com\/embed\/-HKng0kZ-6c?feature=oembed\" frameborder=\"0\" allow=\"accelerometer; autoplay; clipboard-write; encrypted-media; gyroscope; picture-in-picture; web-share\" referrerpolicy=\"strict-origin-when-cross-origin\" allowfullscreen><\/iframe>\n<\/div><figcaption>SETTE C\u00c2MARA NA NIO: O QUE MUDA NA F\u00d3RMULA E?<\/figcaption><\/figure>\n\n\n\n<p class=\"wp-block-paragraph\">A <strong>F\u00f3rmula E<\/strong> realizou, na manh\u00e3 desta quinta-feira (13), um evento de lan\u00e7amento oficial do <strong>eP de S\u00e3o Paulo<\/strong>. Estiveram presentes membros do poder p\u00fablico, da organiza\u00e7\u00e3o da competi\u00e7\u00e3o e os dois pilotos brasileiros da categoria. Um deles, <strong>S\u00e9rgio Sette C\u00e2mara<\/strong>, foi questionado pelo <strong>GRANDE PR\u00caMIO<\/strong> sobre a oportunidade rara de correr no Brasil numa categoria internacional e mostrou empolga\u00e7\u00e3o com a chance de se aproximar do p\u00fablico.<\/p>\n\n\n\n<p class=\"wp-block-paragraph\"><strong>\u25b6\ufe0f\u00a0<a href=\"https:\/\/www.twitch.tv\/grandepremio\" target=\"_blank\" rel=\"noreferrer noopener\">Conhe\u00e7a o canal do GRANDE P<\/a><\/strong><a href=\"https:\/\/www.twitch.tv\/grandepremio\" target=\"_blank\" rel=\"noreferrer noopener\"><strong>R\u00caMIO na Twitch clicando aqui!<\/strong><br><strong>\u25b6\ufe0f\u00a0Inscreva-se nos dois canais do GRANDE PR\u00caMIO no YouTube:\u00a0GP\u00a0|\u00a0GP2<\/strong><\/a><\/p>\n\n\n\n<p class=\"wp-block-paragraph\">Desde que foi ao automobilismo europeu, Sette C\u00e2mara pouco andou no Brasil. As experi\u00eancias que teve foram como convidado na Porsche Cup, uma categoria nacional. Agora, com a F\u00f3rmula E, vive a possibilidade de competir num campeonato de destaque mundial.<\/p>\n\n\n\n<p class=\"wp-block-paragraph\">&#8220;Realmente, nunca tive a oportunidade de correr muito no Brasil. Mas \u00e9 a realidade do piloto que busca de subir de categorias e chegar na F\u00f3rmula 1, que foi o caminho que eu busquei e depois direcionei minha carreira para a F\u00f3rmula E. \u00c9 uma categoria que cresce muito!&#8221;, comentou em resposta ao GP.<\/p>\n\n\n\n<figure class=\"wp-block-image size-large\"><img decoding=\"async\" src=\"https:\/\/www.grandepremio.com\/br\/wp-content\/uploads\/2022\/10\/20221013_094341-1024x768.jpg\" alt=\"\" class=\"wp-image-623125\"\/><figcaption>Evento de lan\u00e7amento do eP de S\u00e3o Paulo contou com a presen\u00e7a do GRANDE PR\u00caMIO (Foto: Rodrigo Berton\/GRANDE PR\u00caMIO)<\/figcaption><\/figure>\n\n\n\n<p class=\"wp-block-paragraph\"><strong>LEIA MAIS<br>+ <a href=\"https:\/\/www.grandepremio.com\/br\/formula-e\/noticias\/formula-e-abre-venda-ingressos-ep-sao-paulo-precos-partir-trezentos-reais\/\" class=\"ek-link\">F\u00f3rmula E abre venda de ingressos para eP de S\u00e3o Paulo com pre\u00e7os a partir de R$ 300<\/a><br>+ <a href=\"https:\/\/www.grandepremio.com\/br\/formula-e\/noticias\/sambodromo-sem-marginal-tracado-idealizado-primeiro-ep-sao-paulo\/\" class=\"ek-link\">Samb\u00f3dromo e sem Marginal: o tra\u00e7ado idealizado para primeiro eP de S\u00e3o Paulo<\/a><\/strong><\/p>\n\n\n\n<p class=\"wp-block-paragraph\">&#8220;[A quest\u00e3o] \u00e9 que s\u00e3o poucas corridas no Brasil. Tem o GP da F1, mas quem est\u00e1 na F2 e F3 n\u00e3o tem chance de correr aqui. Tive uma ou outra participa\u00e7\u00e3o na Porsche Cup, Interlagos e Goi\u00e2nia, mas foram poucas ocasi\u00f5es. Por esse motivo, fico mais feliz ainda por voltar a correr em casa, trazer amigos, fam\u00edlia e ter um contato mais pr\u00f3ximo dos f\u00e3s do Brasil&#8221;, afirmou.<\/p>\n\n\n\n<p class=\"wp-block-paragraph\">&#8220;E num circuito diferente, no Anhembi, onde poucos pilotos correram, s\u00f3 teve algumas corridas de Indy, ent\u00e3o v\u00e1rios motivos para estar feliz com a novidade&#8221;, finalizou.<\/p>\n\n\n\n<p class=\"wp-block-paragraph\">O eP de S\u00e3o Paulo de F\u00f3rmula E est\u00e1 marcado para o dia 25 de mar\u00e7o de 2023 e ser\u00e1 a s\u00e9tima corrida da temporada.<\/p>\n\n\n\n<figure class=\"wp-block-embed is-type-video is-provider-youtube wp-block-embed-youtube wp-embed-aspect-16-9 wp-has-aspect-ratio\"><div class=\"wp-block-embed__wrapper\">\n<iframe loading=\"lazy\" title=\"F\u00d3RMULA E 2023: O QUE FALTA PARA FECHAR GRID? | GP \u00e0s 10\" width=\"500\" height=\"281\" src=\"https:\/\/www.youtube.com\/embed\/WjVU2XkPtJk?feature=oembed\" frameborder=\"0\" allow=\"accelerometer; autoplay; clipboard-write; encrypted-media; gyroscope; picture-in-picture; web-share\" referrerpolicy=\"strict-origin-when-cross-origin\" allowfullscreen><\/iframe>\n<\/div><figcaption>F\u00d3RMULA E 2023: O QUE FALTA PARA FECHAR GRID? | GP \u00c0S 10h<\/figcaption><\/figure>\n","protected":false},"excerpt":{"rendered":"<p>S\u00e9rgio Sette C\u00e2mara comemorou a possibilidade de fazer parte de um evento internacional no Brasil, algo que \u00e9 raro no esporte a motor<\/p>\n","protected":false},"author":0,"featured_media":1000603293,"comment_status":"closed","ping_status":"closed","sticky":false,"template":"","format":"standard","meta":{"42wp_featured_image_caption":"","42wp_featured_image_credits":"","42wp_featured_video":"","42wp_featured_image_hidden":false,"42wp_authors_list":[],"footnotes":""},"categories":[19],"tags":[27903,28327,32736,32735,1491,30103,28285,1025],"42wp_author":[47120],"class_list":["post-108143","post","type-post","status-publish","format-standard","has-post-thumbnail","hentry","category-formula-e","tag-fe-2022","tag-formula-e-2022","tag-formula-e-brasil","tag-formula-e-sao-paulo","tag-grande-premio","tag-grande-premio-f1","tag-grandepremio","tag-sergio-sette-camara","42wp_author-pedro-henrique-marum"],"_links":{"self":[{"href":"https:\/\/grandepremio.com\/br\/wp-json\/wp\/v2\/posts\/108143","targetHints":{"allow":["GET"]}}],"collection":[{"href":"https:\/\/grandepremio.com\/br\/wp-json\/wp\/v2\/posts"}],"about":[{"href":"https:\/\/grandepremio.com\/br\/wp-json\/wp\/v2\/types\/post"}],"replies":[{"embeddable":true,"href":"https:\/\/grandepremio.com\/br\/wp-json\/wp\/v2\/comments?post=108143"}],"version-history":[{"count":0,"href":"https:\/\/grandepremio.com\/br\/wp-json\/wp\/v2\/posts\/108143\/revisions"}],"wp:featuredmedia":[{"embeddable":true,"href":"https:\/\/grandepremio.com\/br\/wp-json\/wp\/v2\/media\/1000603293"}],"wp:attachment":[{"href":"https:\/\/grandepremio.com\/br\/wp-json\/wp\/v2\/media?parent=108143"}],"wp:term":[{"taxonomy":"category","embeddable":true,"href":"https:\/\/grandepremio.com\/br\/wp-json\/wp\/v2\/categories?post=108143"},{"taxonomy":"post_tag","embeddable":true,"href":"https:\/\/grandepremio.com\/br\/wp-json\/wp\/v2\/tags?post=108143"},{"taxonomy":"42wp_author","embeddable":true,"href":"https:\/\/grandepremio.com\/br\/wp-json\/wp\/v2\/42wp_author?post=108143"}],"curies":[{"name":"wp","href":"https:\/\/api.w.org\/{rel}","templated":true}]}}