{"id":108179,"date":"2022-10-12T08:20:31","date_gmt":"2022-10-12T11:20:31","guid":{"rendered":"https:\/\/grandepremio.com\/br\/noticias\/tom-blomqvist-teste-privado-indy-vaga-2024-quero-chance\/"},"modified":"2022-10-12T14:02:54","modified_gmt":"2022-10-12T17:02:54","slug":"tom-blomqvist-teste-privado-indy-vaga-2024-quero-chance","status":"publish","type":"post","link":"https:\/\/grandepremio.com\/br\/indy\/tom-blomqvist-teste-privado-indy-vaga-2024-quero-chance\/","title":{"rendered":"Blomqvist confirma teste na Indy e sonha com vaga para 2024: &#8220;Quero uma chance&#8221;"},"content":{"rendered":"\n<p class=\"wp-block-paragraph\">Campe\u00e3o da temporada 2022 do <strong>IMSA <\/strong>com o carro <strong>DPi <\/strong>da <strong>Meyer Shank<\/strong>, <strong>Tom Blomqvist <\/strong>admitiu sonhar com uma vaga na <strong>Indy <\/strong>para o futuro, a partir de 2024, e confirmou que vai participar do teste privado da categoria em <strong>Sebring<\/strong>, nesta quarta-feira (12). Apesar de estar confirmado em mais uma temporada no endurance para defender o t\u00edtulo conquistado ao lado de <strong>Oliver Jarvis<\/strong>, o brit\u00e2nico sabe que o cen\u00e1rio pode virar a seu favor a partir do ano seguinte.<\/p>\n\n\n\n<p class=\"wp-block-paragraph\">&#8220;Eu lembro de brincar com <strong>Jim <\/strong>[Meyer] e <strong>Mike <\/strong>[Shank], dizendo: &#8216;cara, eu quero ter uma chance na Indy, me d\u00ea uma oportunidade na Indy'&#8221;, admitiu Blomqvist. &#8220;E para ser honesto, eles ficaram quase chocados, como: &#8216;nossa, voc\u00ea est\u00e1 interessado, quer fazer isso?&#8217; E eu disse que sim&#8221;, confirmou o piloto.<\/p>\n\n\n\n<p class=\"wp-block-paragraph\">A Meyer Shank j\u00e1 tem <strong>Simon<\/strong> <strong>Pagenaud <\/strong>e o brasileiro <strong>H\u00e9lio Castroneves <\/strong>garantidos para 2023, mas os contratos de ambos se encerram ao fim da pr\u00f3xima temporada. Assim, considerando o curr\u00edculo de Blomqvist em sua carreira nos monopostos, um resultado positivo em Sebring pode colocar o piloto em boa situa\u00e7\u00e3o pela vaga. <\/p>\n\n\n\n<p class=\"wp-block-paragraph\">Vale destacar que Tom terminou a <strong>F3 Europeia <\/strong>de 2014 em segundo lugar, uma posi\u00e7\u00e3o atr\u00e1s de <strong>Esteban Ocon <\/strong>e um lugar \u00e0 frente do bicampe\u00e3o mundial <strong>Max Verstappen<\/strong> \u2014 em campeonato que contava com nomes hoje conhecidos, como <strong>Antonio Giovinazzi<\/strong>, <strong>Nicholas Latifi<\/strong>, <strong>Felix Rosenqvist <\/strong>e <strong>Jake Dennis<\/strong>, entre outros.<\/p>\n\n\n\n<p class=\"wp-block-paragraph\">&#8220;E ent\u00e3o a temporada [no IMSA] come\u00e7ou, os resultados continuaram vindo e eles disseram: &#8216;vamos coloc\u00e1-lo em um carro da Indy, vamos tentar fazer isso e ver como voc\u00ea vai. Se voc\u00ea for bem, ent\u00e3o quem sabe o que o futuro pode reservar?&#8217; \u00c9 onde as minhas ra\u00edzes est\u00e3o&#8221;, ressaltou. &#8220;Quando crian\u00e7a, eu cresci querendo tentar ir para a F\u00f3rmula 1. E eu enveredei para os carros de turismo cedo, como o DTM, e agora estou de volta para onde minhas qualidades como piloto estavam, em primeiro lugar. Foi onde me senti mais confort\u00e1vel&#8221;, salientou.<\/p>\n\n\n\n<p class=\"wp-block-paragraph\"><strong>\u25b6\ufe0f&nbsp;<a href=\"https:\/\/www.twitch.tv\/grandepremio\" target=\"_blank\" rel=\"noreferrer noopener\">Conhe\u00e7a o canal do GRANDE PR\u00caMIO na Twitch clicando aqui!<\/a><\/strong><\/p>\n\n\n\n<figure class=\"wp-block-image size-large\"><img decoding=\"async\" src=\"https:\/\/www.grandepremio.com\/br\/wp-content\/uploads\/2022\/09\/Simon-Pagenaud-Firestone-Grand-Prix-of-Monterey-By_-James-Black_Large-Image-Without-Watermark_m70183-1024x683.jpg\" alt=\"\" class=\"wp-image-613368\"\/><figcaption>Blomqvist ir\u00e1 participar do teste no controle do Meyer Shank #60, normalmente pilotado por Simon Pagenaud (Foto: IndyCar)<\/figcaption><\/figure>\n\n\n\n<p class=\"wp-block-paragraph\"><strong>\u25b6\ufe0f&nbsp;Inscreva-se nos dois canais do GRANDE PR\u00caMIO no YouTube:&nbsp;<a href=\"https:\/\/www.youtube.com\/channel\/UC9OlHEgxoaY6QY6nWPoiqQg?sub_confirmation=1\" target=\"_blank\" rel=\"noreferrer noopener\">GP<\/a>&nbsp;|&nbsp;<a href=\"https:\/\/www.youtube.com\/channel\/UC9csiS6q_C3C0FYhyr1rnFA?sub_confirmation=1\" target=\"_blank\" rel=\"noreferrer noopener\">GP2<\/a><\/strong><\/p>\n\n\n\n<p class=\"wp-block-paragraph\">Apesar da anima\u00e7\u00e3o com o teste, Blomqvist admitiu que espera ver seu preparo f\u00edsico ser desafiado pelo monoposto da Meyer Shank. No volante do carro <strong>#60<\/strong>, normalmente pilotado por Pagenaud, Tom reconheceu que a pot\u00eancia ser\u00e1 algo completamente diferente ao que j\u00e1 est\u00e1 acostumado no IMSA, por exemplo. Ainda assim, o brit\u00e2nico encara a situa\u00e7\u00e3o como um retorno aos prim\u00f3rdios da carreira.<\/p>\n\n\n\n<p class=\"wp-block-paragraph\">&#8220;Aquele carro da Indy \u00e9 algo em que eu espero derreter, obviamente&#8221;, admitiu. &#8220;Eu vou estar exausto, cara, porque aquelas coisas s\u00e3o brutais de pilotar. Eu n\u00e3o tenho ilus\u00f5es sobre o fato de estar morto no fim desse dia. Mas sim, estou intrigado em ver como me saio e estou motivado para dar meu melhor. E quem sabe? Talvez eu odeie, talvez eu seja in\u00fatil&#8221;, disse.<\/p>\n\n\n\n<p class=\"wp-block-paragraph\">&#8220;Eu gosto de corridas de monopostos. Foi ali que eu comecei a me tornar profissional, e estou muito animado para isso&#8221;, celebrou. &#8220;Talvez eu precise lev\u00e1-los para sair. Vou deixar Mike e Jim b\u00eabados e colocar um contrato na mesa&#8221;, brincou.<\/p>\n\n\n\n<p class=\"wp-block-paragraph\">Por fim, ainda que esteja ciente de que os resultados do teste dessa semana podem desencadear outros movimentos daqui a um ano, o piloto afirmou que vai encarar de maneira natural o per\u00edodo com a Meyer Shank \u2014 afinal, est\u00e1 focado em retornar ao IMSA em 2023 para defender o t\u00edtulo com o novo carro da categoria, o <strong>Acura ARX-06<\/strong>.<\/p>\n\n\n\n<p class=\"wp-block-paragraph\">&#8220;Para ser honesto, eu estou bem tranquilo e relaxado&#8221;, afirmou. &#8220;N\u00e3o sou est\u00fapido. Eu sei que se for bem \u2014 e pelo que conhe\u00e7o de Mike e Jim, eles querem que eu v\u00e1 bem \u2014, tenho certeza de que se for algo que as duas partes querem, pode acontecer. Todos n\u00f3s estamos cientes de que provavelmente haveria uma oportunidade no futuro se os testes forem bem&#8221;, finalizou.<\/p>\n","protected":false},"excerpt":{"rendered":"<p>Campe\u00e3o do IMSA em 2022 pela Meyer Shank, Tom Blomqvist conquistou direito de testar carro da equipe na Indy e vai \u00e0 pista de Sebring sonhando com bom resultado, de olho em vaga para 2024<\/p>\n","protected":false},"author":0,"featured_media":1000620197,"comment_status":"closed","ping_status":"closed","sticky":false,"template":"","format":"standard","meta":{"42wp_featured_image_caption":"","42wp_featured_image_credits":"","42wp_featured_video":"","42wp_featured_image_hidden":false,"42wp_authors_list":[],"footnotes":""},"categories":[3],"tags":[267,705,93,2209,94,1782,1596,4275],"42wp_author":[47142],"class_list":["post-108179","post","type-post","status-publish","format-standard","has-post-thumbnail","hentry","category-indy","tag-helio-castroneves","tag-imsa","tag-indy","tag-indy-2022","tag-indycar","tag-meyer-shank","tag-simon-pagenaud","tag-tom-blomqvist","42wp_author-jp-nascimento"],"_links":{"self":[{"href":"https:\/\/grandepremio.com\/br\/wp-json\/wp\/v2\/posts\/108179","targetHints":{"allow":["GET"]}}],"collection":[{"href":"https:\/\/grandepremio.com\/br\/wp-json\/wp\/v2\/posts"}],"about":[{"href":"https:\/\/grandepremio.com\/br\/wp-json\/wp\/v2\/types\/post"}],"replies":[{"embeddable":true,"href":"https:\/\/grandepremio.com\/br\/wp-json\/wp\/v2\/comments?post=108179"}],"version-history":[{"count":0,"href":"https:\/\/grandepremio.com\/br\/wp-json\/wp\/v2\/posts\/108179\/revisions"}],"wp:featuredmedia":[{"embeddable":true,"href":"https:\/\/grandepremio.com\/br\/wp-json\/wp\/v2\/media\/1000620197"}],"wp:attachment":[{"href":"https:\/\/grandepremio.com\/br\/wp-json\/wp\/v2\/media?parent=108179"}],"wp:term":[{"taxonomy":"category","embeddable":true,"href":"https:\/\/grandepremio.com\/br\/wp-json\/wp\/v2\/categories?post=108179"},{"taxonomy":"post_tag","embeddable":true,"href":"https:\/\/grandepremio.com\/br\/wp-json\/wp\/v2\/tags?post=108179"},{"taxonomy":"42wp_author","embeddable":true,"href":"https:\/\/grandepremio.com\/br\/wp-json\/wp\/v2\/42wp_author?post=108179"}],"curies":[{"name":"wp","href":"https:\/\/api.w.org\/{rel}","templated":true}]}}