{"id":108206,"date":"2022-10-11T05:00:00","date_gmt":"2022-10-11T08:00:00","guid":{"rendered":"https:\/\/grandepremio.com\/br\/noticias\/max-verstappen-felipe-drugovich-esporte-motor-vive-2022-titulos-anticlimaticos\/"},"modified":"2022-10-10T17:57:13","modified_gmt":"2022-10-10T20:57:13","slug":"max-verstappen-felipe-drugovich-esporte-motor-vive-2022-titulos-anticlimaticos","status":"publish","type":"post","link":"https:\/\/grandepremio.com\/br\/f1\/max-verstappen-felipe-drugovich-esporte-motor-vive-2022-titulos-anticlimaticos\/","title":{"rendered":"De Verstappen a Drugovich: como esporte a motor vive 2022 dos t\u00edtulos anticlim\u00e1ticos"},"content":{"rendered":"\n<p class=\"wp-block-paragraph\">A confirma\u00e7\u00e3o do t\u00edtulo de <strong>Max Verstappen<\/strong> em 2022 <a href=\"https:\/\/www.grandepremio.com\/br\/f1\/noticias\/punicao-confusao-regulamento-bi-max-verstappen-veio-anticlimax-japao\/\" class=\"ek-link\">veio de forma no m\u00ednimo inusitada<\/a>. O holand\u00eas foi informado por Johnny Herbert nas entrevistas ap\u00f3s o <strong>GP do Jap\u00e3o<\/strong> que era bicampe\u00e3o da <strong>F\u00f3rmula 1<\/strong>. Tudo por conta de uma puni\u00e7\u00e3o para <strong>Charles Leclerc<\/strong> que promoveu <strong>Sergio P\u00e9rez<\/strong> para a segunda coloca\u00e7\u00e3o, mas Verstappen seguiu acreditando que faltava um ponto para garantir o <strong>t\u00edtulo<\/strong>.<\/p>\n\n\n\n<p class=\"wp-block-paragraph\">Isso porque o holand\u00eas n\u00e3o sabia que os pontos da corrida seriam distribu\u00eddos de forma integral, j\u00e1 que pouco mais de 50% das voltas foi completada. Mas, <a href=\"https:\/\/www.grandepremio.com\/br\/f1\/noticias\/pontos-totais-50-corrida-entenda-regulamento-deu-titulo-max-verstappen-f1-2022\/\" class=\"ek-link\">como a prova terminou com bandeira quadriculada<\/a>, Verstappen abriu a dist\u00e2ncia necess\u00e1ria para Leclerc para comemorar, ainda que com atraso e j\u00e1 fora do carro, o bicampeonato da <strong>F\u00f3rmula 1<\/strong> na casa da Honda.<\/p>\n\n\n\n<p class=\"wp-block-paragraph\">Max n\u00e3o foi o \u00fanico cuja comemora\u00e7\u00e3o de t\u00edtulo foi fora do habitual. Pelo contr\u00e1rio: essa tem sido a tend\u00eancia no mundo do automobilismo em 2022, com cen\u00e1rios parecidos acontecendo na F\u00f3rmula 2, F\u00f3rmula 3, W Series e na F\u00f3rmula 4 italiana.<\/p>\n\n\n\n<p class=\"wp-block-paragraph\"><strong>\u25b6\ufe0f\u00a0Inscreva-se nos dois canais do GRANDE PR\u00caMIO no YouTube:\u00a0<a href=\"https:\/\/www.youtube.com\/channel\/UC9OlHEgxoaY6QY6nWPoiqQg?sub_confirmation=1\" target=\"_blank\" rel=\"noreferrer noopener\">GP<\/a>\u00a0|\u00a0<a href=\"https:\/\/www.youtube.com\/channel\/UC9csiS6q_C3C0FYhyr1rnFA?sub_confirmation=1\" target=\"_blank\" rel=\"noreferrer noopener\">GP2<\/a><\/strong><br><strong>\u25b6\ufe0f\u00a0<a href=\"https:\/\/www.twitch.tv\/grandepremio\" target=\"_blank\" rel=\"noreferrer noopener\">Conhe\u00e7a o canal do GRANDE PR\u00caMIO na Twitch clicando aqui!<\/a><\/strong><\/p>\n\n\n\n<figure class=\"wp-block-image size-full\"><img decoding=\"async\" src=\"https:\/\/www.grandepremio.com\/br\/wp-content\/uploads\/2020\/05\/Felipe-Drugovich-f2-Italia-e1662829250217.jpeg\" alt=\"\" class=\"wp-image-613278\"\/><figcaption>Felipe Drugovich comemora o t\u00edtulo da F\u00f3rmula 2 nos boxes (Foto: Reprodu\u00e7\u00e3o\/F2)<\/figcaption><\/figure>\n\n\n\n<p class=\"wp-block-paragraph\">O brasileiro <strong>Felipe Drugovich<\/strong> celebrou a conquista da <strong>F\u00f3rmula 2<\/strong> tamb\u00e9m fora do carro. O piloto da MP Motorsport acabou abandonando a corrida sprint em Monza, mas, como <strong>Th\u00e9o Pourchaire<\/strong> tamb\u00e9m n\u00e3o pontuou, Felipe acabou garantindo o t\u00edtulo antecipadamente e comemorando junto com toda a equipe francesa nos boxes.<\/p>\n\n\n\n<p class=\"wp-block-paragraph\">No mesmo fim de semana, <strong>Victor Martins<\/strong> tamb\u00e9m se sagrou campe\u00e3o nos boxes. A corrida principal da <strong>F\u00f3rmula 3<\/strong> teve um forte acidente envolvendo Kush Maini e Brad Benavides na sa\u00edda da 2\u00aa perna da Lesmo, a cinco voltas do fim. De in\u00edcio, a dire\u00e7\u00e3o de prova acionou bandeira amarela e autorizou a entrada do safety-car, por\u00e9m optou pela bandeira vermelha na sequ\u00eancia.<\/p>\n\n\n\n<p class=\"wp-block-paragraph\">O franc\u00eas passou a ser investigado por exceder os limites de pista, junto com v\u00e1rios outros pilotos. Martins foi punido com cinco segundos, mas <a href=\"https:\/\/www.grandepremio.com\/br\/f3\/noticias\/victor-martins-campeao-f3-2022-4o-lugar-corrida-2-italia-zane-maloney-vence-caio-collet-20o\/\" class=\"ek-link\">o quarto lugar foi o suficiente para o piloto da ART garantir o t\u00edtulo da F3<\/a>.<\/p>\n\n\n\n<figure class=\"wp-block-image size-large\"><img decoding=\"async\" src=\"https:\/\/www.grandepremio.com\/br\/wp-content\/uploads\/2022\/09\/Victor-Martins-Monza-F32-1024x576.jpg\" alt=\"\" class=\"wp-image-613594\"\/><figcaption>Victor Martins conquistou o t\u00edtulo da F3 (Foto: Reprodu\u00e7\u00e3o\/F3)<\/figcaption><\/figure>\n\n\n\n<p class=\"wp-block-paragraph\">Na<strong> F\u00f3rmula 4 brit\u00e2nica<\/strong>, a conclus\u00e3o do campeonato foi ainda mais inusitada: o irland\u00eas <strong>Alex Dunne<\/strong> foi declarado campe\u00e3o enquanto competia na<strong> F\u00f3rmula 4 italiana<\/strong>. Depois de dominar o in\u00edcio da temporada na Gr\u00e3-Bretanha, Dunne optou por disputar a etapa de Monza no \u00faltimo fim de semana e garantiu o t\u00edtulo mesmo estando disputando outra categoria.<\/p>\n\n\n\n<p class=\"wp-block-paragraph\">O pior fechamento foi o da <strong>W Series<\/strong>. <a href=\"https:\/\/www.grandepremio.com\/br\/w-series\/noticias\/w-series-eua-mexico-antecipa-fim-temporada-2022-jamie-chadwick-tricampea\/\" class=\"ek-link\">A categoria informou nesta segunda-feira (10) que n\u00e3o vai concluir a temporada de 2022<\/a>, encerrando a disputa a tr\u00eas etapas do final. Com a conclus\u00e3o prematura, a brit\u00e2nica <strong>Jamie Chadwick<\/strong> acabou conquistando o tricampeonato.<\/p>\n\n\n\n<p class=\"wp-block-paragraph\"><strong>Stoffel Vandoorne<\/strong>, campe\u00e3o da <strong>F\u00f3rmula E<\/strong> em 2021-22, foi um dos poucos que celebrou tradicionalmente sua conquista e brincou com o fato nas redes sociais: &#8220;Acho que sou o \u00fanico &#8216;normal'&#8221;. Al\u00e9m do belga, outro que comemorou t\u00edtulo na pista foi o australiano<strong> Will Power<\/strong>, agora bicampe\u00e3o da <strong>Indy<\/strong>.<\/p>\n","protected":false},"excerpt":{"rendered":"<p>Max Verstappen demorou para entender que havia conquistado o bicampeonato da F\u00f3rmula 1 no Jap\u00e3o e se juntou aos campe\u00f5es da F2, F3, W Series e F4 italiana em comemora\u00e7\u00f5es estranhas em 2022<\/p>\n","protected":false},"author":0,"featured_media":1000622092,"comment_status":"closed","ping_status":"closed","sticky":false,"template":"","format":"standard","meta":{"42wp_featured_image_caption":"","42wp_featured_image_credits":"","42wp_featured_video":"","42wp_featured_image_hidden":false,"42wp_authors_list":[],"footnotes":""},"categories":[2],"tags":[147,1357,111,29651,1008,1024,180,26841,2208,29650,8057,3023,32637,1491,476,203,204,2498,486,430],"42wp_author":[47144],"class_list":["post-108206","post","type-post","status-publish","format-standard","has-post-thumbnail","hentry","category-f1","tag-f1","tag-f1-2022","tag-f2","tag-f2-2022","tag-f3","tag-felipe-drugovich","tag-formula-1","tag-formula-1-2022","tag-formula-2","tag-formula-2-2022","tag-formula-3","tag-gp-do-japao","tag-gp-do-japao-2022","tag-grande-premio","tag-jamie-chadwick","tag-max-verstappen","tag-red-bull","tag-titulo","tag-victor-martins","tag-w-series","42wp_author-andre-netto"],"_links":{"self":[{"href":"https:\/\/grandepremio.com\/br\/wp-json\/wp\/v2\/posts\/108206","targetHints":{"allow":["GET"]}}],"collection":[{"href":"https:\/\/grandepremio.com\/br\/wp-json\/wp\/v2\/posts"}],"about":[{"href":"https:\/\/grandepremio.com\/br\/wp-json\/wp\/v2\/types\/post"}],"replies":[{"embeddable":true,"href":"https:\/\/grandepremio.com\/br\/wp-json\/wp\/v2\/comments?post=108206"}],"version-history":[{"count":0,"href":"https:\/\/grandepremio.com\/br\/wp-json\/wp\/v2\/posts\/108206\/revisions"}],"wp:featuredmedia":[{"embeddable":true,"href":"https:\/\/grandepremio.com\/br\/wp-json\/wp\/v2\/media\/1000622092"}],"wp:attachment":[{"href":"https:\/\/grandepremio.com\/br\/wp-json\/wp\/v2\/media?parent=108206"}],"wp:term":[{"taxonomy":"category","embeddable":true,"href":"https:\/\/grandepremio.com\/br\/wp-json\/wp\/v2\/categories?post=108206"},{"taxonomy":"post_tag","embeddable":true,"href":"https:\/\/grandepremio.com\/br\/wp-json\/wp\/v2\/tags?post=108206"},{"taxonomy":"42wp_author","embeddable":true,"href":"https:\/\/grandepremio.com\/br\/wp-json\/wp\/v2\/42wp_author?post=108206"}],"curies":[{"name":"wp","href":"https:\/\/api.w.org\/{rel}","templated":true}]}}