{"id":10821,"date":"2026-03-21T05:24:38","date_gmt":"2026-03-21T08:24:38","guid":{"rendered":"https:\/\/grandepremio.com\/br\/noticias\/felipe-drugovich-voa-lidera-treino-livre-2-escapadas-formula-e-ep-de-madri\/"},"modified":"2026-03-22T08:39:08","modified_gmt":"2026-03-22T11:39:08","slug":"felipe-drugovich-voa-lidera-treino-livre-2-escapadas-formula-e-ep-de-madri","status":"publish","type":"post","link":"https:\/\/grandepremio.com\/br\/formula-e\/felipe-drugovich-voa-lidera-treino-livre-2-escapadas-formula-e-ep-de-madri\/","title":{"rendered":"Drugovich voa e lidera TL2 de pista molhada e escapadas do eP de Madri da F\u00f3rmula E"},"content":{"rendered":"\n<p class=\"wp-block-paragraph\">A <strong>F\u00f3rmula E <\/strong>abriu o dia de corrida do <strong>eP de Madri<\/strong>, neste s\u00e1bado (21), com <strong>Felipe Drugovich<\/strong> na lideran\u00e7a do <strong>segundo treino livre<\/strong> do fim de semana. Na \u00faltima sess\u00e3o antes da classifica\u00e7\u00e3o em <strong>Jarama<\/strong>, os pilotos encararam o asfalto molhado e a falta de ader\u00eancia para as experi\u00eancias finais e entregaram um TL2 sem paralisa\u00e7\u00f5es. <strong>Jean-\u00c9ric Vergne<\/strong> fechou em segundo, enquanto <strong>Norman Nato <\/strong>foi o terceiro.<\/p>\n\n\n\n<p class=\"wp-block-paragraph\">Ainda que n\u00e3o tenha sido protagonizado por batidas, como a de <strong>Nyck de Vries<\/strong> no <strong>TL1<\/strong>, o TL2 da F\u00f3rmula E em Jarama trouxe \u2014 muitas \u2014 escapadas. O ponto mais cr\u00edtico foi novamente a curva 1, local em que <strong>Dan Ticktum<\/strong>, <strong>Jake Dennis<\/strong>, <strong>Lucas Di Grassi<\/strong>, <strong>Edoardo Mortara<\/strong>, <strong>Oliver Rowland<\/strong>, <strong>Mitch Evans<\/strong> e outros sofreram bastante em termos de ader\u00eancia, inclusive com passeios pela caixa de brita.<\/p>\n\n\n\n<figure class=\"wp-block-embed is-type-video is-provider-youtube wp-block-embed-youtube wp-embed-aspect-4-3 wp-has-aspect-ratio\"><div class=\"wp-block-embed__wrapper\">\n<iframe loading=\"lazy\" title=\"F\u00d3RMULA E 2025\/26: TL2 eP DE MADRI COM IMAGENS e DRUGOVICH | 6\u00aa ETAPA\" width=\"500\" height=\"281\" src=\"https:\/\/www.youtube.com\/embed\/JlBmhiaI0d0?feature=oembed\" frameborder=\"0\" allow=\"accelerometer; autoplay; clipboard-write; encrypted-media; gyroscope; picture-in-picture; web-share\" referrerpolicy=\"strict-origin-when-cross-origin\" allowfullscreen><\/iframe>\n<\/div><\/figure>\n\n\n\n<p class=\"has-vivid-red-color has-text-color has-link-color wp-elements-1 wp-block-paragraph\"><strong>+ GP EXPERIENCE: o novo produto do GRANDE PR\u00caMIO conecta voc\u00ea aos maiores eventos de esporte a motor do mundo. V\u00e1 para Indian\u00e1polis com a gente:&nbsp;<a href=\"https:\/\/gpexperience.tur.br\/\" target=\"_blank\" rel=\"noreferrer noopener\">saiba aqui todos os detalhes<\/a>.<\/strong><\/p>\n\n\n\n<p class=\"wp-block-paragraph\">No fim, o top-10 terminou com <strong>Drugovich<\/strong>, <strong>Jean-\u00c9ric Vergne<\/strong>, <strong>Norman Nato<\/strong>, <strong>De Vries<\/strong>, <strong>Nick Cassidy<\/strong>, <strong>Nico M\u00fcller<\/strong>, <strong>S\u00e9bastien Buemi<\/strong>, <strong>Taylor Barnard<\/strong>, <strong>Dennis <\/strong>e <strong>Rowland<\/strong>. <strong>Lucas Di Grassi<\/strong> foi o <strong>19\u00ba <\/strong>com a <strong>Lola Yamaha<\/strong>.<\/p>\n\n\n\n<p class=\"wp-block-paragraph\">A\u00a0<strong>F\u00f3rmula E<\/strong>\u00a0volta \u00e0 pista novamente neste s\u00e1bado (21). \u00c0s <strong>6h30<\/strong> (hor\u00e1rio de Bras\u00edlia), come\u00e7a a classifica\u00e7\u00e3o para definir o grid do\u00a0<strong>eP de Madri<\/strong>, que tem transmiss\u00e3o a partir de <strong>10h30<\/strong>. O\u00a0<strong>GRANDE PR\u00caMIO<\/strong>\u00a0transmite o evento completo\u00a0<strong>AO VIVO e COM IMAGENS<\/strong>\u00a0no\u00a0<strong>YouTube<\/strong>\u00a0e na\u00a0<strong>GPTV<\/strong>.<\/p>\n\n\n\n<figure class=\"wp-block-image size-large\"><img decoding=\"async\" src=\"https:\/\/www.grandepremio.com\/br\/wp-content\/uploads\/2026\/03\/FORMULA-E-2026-EP-DE-MADRI-1200x675.jpg\" alt=\"\" class=\"wp-image-1069862\"\/><figcaption class=\"wp-element-caption\">TL2 abriu o s\u00e1bado da F\u00f3rmula E em Madri (Foto: F\u00f3rmula E)<\/figcaption><\/figure>\n\n\n\n<h2 class=\"wp-block-heading\" id=\"h-como-foi-o-tl2-do-ep-de-madri-da-formula-e\">Como foi o TL2 do eP de Madri da F\u00f3rmula E<\/h2>\n\n\n\n<p class=\"wp-block-paragraph\">Em manh\u00e3 de tempo fechado em Madri, a F\u00f3rmula E abriu o dia encarando um frio de <strong>8\u00baC<\/strong>, com <strong>5\u00baC <\/strong>no asfalto e umidade do ar estimada em <strong>86%<\/strong>. Por fim, a probabilidade de chuva era estimada em <strong>83%<\/strong>, dando o tom do que esperar para o restante do dia.<\/p>\n\n\n\n<p class=\"wp-block-paragraph\">Mesmo com pista ainda \u00famida, todo o grid deixou os boxes assim que o in\u00edcio do TL2 foi autorizado. Naturalmente, os tempos come\u00e7aram muito acima do dia anterior, que recebeu condi\u00e7\u00f5es normais: com <strong>1min50s150<\/strong>, <strong>Ant\u00f3nio F\u00e9lix da Costa<\/strong> logo assumiu a ponta, seguido por <strong>Pascal Wehrlein<\/strong> e <strong>Nico M\u00fcller<\/strong>.<\/p>\n\n\n\n<p class=\"wp-block-paragraph\">O primeiro susto veio logo nos primeiros minutos, com <strong>Jake Dennis<\/strong> passando reto na <strong>curva 1<\/strong>; logo ap\u00f3s um passeio pela brita, por\u00e9m, o brit\u00e2nico retornou ao tra\u00e7ado. Ap\u00f3s uma r\u00e1pida estadia de <strong>Oliver Rowland<\/strong> na lideran\u00e7a, Werhlein voltou a assumir a ponta, com <strong>1min41s099<\/strong>. M\u00fcller era o segundo, seguido pela dupla da <strong>Nissan<\/strong>.<\/p>\n\n\n\n<p class=\"wp-block-paragraph\">Com cerca de <strong>20 minutos<\/strong> para o encerramento do TL2, Da Costa anotou <strong>1min40s635 <\/strong>e assumiu a ponta, enquanto <strong>Zane Maloney<\/strong> escalou ao terceiro lugar. Entre os brasileiros, <strong>Lucas Di Grassi<\/strong> tamb\u00e9m deu uma escapada na curva 1 e logo voltou ao tra\u00e7ado, em <strong>11\u00ba<\/strong>, e <strong>Felipe Drugovich<\/strong> seguia uma posi\u00e7\u00e3o \u00e0 frente.<\/p>\n\n\n\n<p class=\"wp-block-paragraph\">Nos \u00faltimos <strong>dez minutos<\/strong>, os tempos come\u00e7aram a baixar ainda mais com os testes finais de classifica\u00e7\u00e3o. <strong>Norman Nato<\/strong> saltou ao primeiro lugar, com <strong>1min38s903<\/strong>, mas Drugovich foi mais r\u00e1pido e marcou <strong>1min38s796 <\/strong>para completar na ponta pela primeira vez.<\/p>\n\n\n\n<h2 class=\"wp-block-heading\" id=\"h-e-p-de-madri-da-formula-e-veja-os-horarios-em-brasil-cabo-verde-portugal-angola-e-mocambique\">e<strong>P de Madri da F\u00f3rmula E:\u00a0veja os hor\u00e1rios em Brasil, Cabo Verde,\u00a0<a href=\"https:\/\/grandepremio.pt\/\" target=\"_blank\" rel=\"noreferrer noopener\">Portugal<\/a>, Angola e Mo\u00e7ambique<\/strong><\/h2>\n\n\n\n<figure class=\"wp-block-table\"><table class=\"has-fixed-layout\"><tbody><tr><td><strong>Data<\/strong><\/td><td><strong>&nbsp;Sess\u00e3o<\/strong><\/td><td><strong>BRA*<\/strong><\/td><td><strong>CBV<\/strong><\/td><td><strong>POR<\/strong><br><strong>ANG<\/strong><\/td><td><strong>MOZ<\/strong><\/td><\/tr><tr><td>S\u00e1bado (21)<\/td><td>Classifica\u00e7\u00e3o<\/td><td>6:40<\/td><td>8:40<\/td><td>10:40<\/td><td>11:40<\/td><\/tr><tr><td>S\u00e1bado (21)<\/td><td>Corrida<\/td><td>11:05<\/td><td>13:05<\/td><td>15:05<\/td><td>16:05<\/td><\/tr><\/tbody><\/table><\/figure>\n\n\n\n<p class=\"wp-block-paragraph\"><em>*Hor\u00e1rios de Bras\u00edlia (GMT-3)<\/em><\/p>\n\n\n\n<p class=\"wp-block-paragraph\">\u25b6\ufe0f&nbsp;<strong>Inscreva-se nos dois canais do GRANDE PR\u00caMIO no YouTube:&nbsp;<a href=\"https:\/\/www.youtube.com\/channel\/UC9OlHEgxoaY6QY6nWPoiqQg?sub_confirmation=1\">GP<\/a>&nbsp;|&nbsp;<a href=\"https:\/\/www.youtube.com\/channel\/UC9csiS6q_C3C0FYhyr1rnFA?sub_confirmation=1\">GPTV<\/a><\/strong><\/p>\n\n\n\n<h2 class=\"wp-block-heading\" id=\"h-formula-e-2026-resultado-do-tl2-do-ep-de-madri-em-jarama\"><strong>F\u00f3rmula E 2026: resultado do TL2 do eP de Madri em Jarama<\/strong><\/h2>\n\n\n\n<figure class=\"wp-block-table\"><table class=\"has-fixed-layout\"><tbody><tr><td><strong>1<\/strong><\/td><td>F DRUGOVICH<\/td><td>Andretti<\/td><td>1:38.796<\/td><td>&nbsp;<\/td><\/tr><tr><td><strong>2<\/strong><\/td><td>J.E VERGNE<\/td><td>Citro\u00ebn<\/td><td>1:38.870<\/td><td>+0.074<\/td><\/tr><tr><td><strong>3<\/strong><\/td><td>N NATO<\/td><td>Nissan<\/td><td>1:38.903<\/td><td>+0.107<\/td><\/tr><tr><td><strong>4<\/strong><\/td><td>N DE VRIES<\/td><td>Mahindra<\/td><td>1:38.963<\/td><td>+0.167<\/td><\/tr><tr><td><strong>5<\/strong><\/td><td>N CASSIDY<\/td><td>Citro\u00ebn<\/td><td>1:39.036<\/td><td>+0.240<\/td><\/tr><tr><td><strong>6<\/strong><\/td><td>N M\u00dcLLER<\/td><td>Porsche<\/td><td>1:39.273<\/td><td>+0.477<\/td><\/tr><tr><td><strong>7<\/strong><\/td><td>S BUEMI<\/td><td>Envision<\/td><td>1:39.618<\/td><td>+0.822<\/td><\/tr><tr><td><strong>8<\/strong><\/td><td>T BARNARD<\/td><td>DS Penske<\/td><td>1:39.634<\/td><td>+0.838<\/td><\/tr><tr><td><strong>9<\/strong><\/td><td>J DENNIS<\/td><td>Andretti<\/td><td>1:39.738<\/td><td>+0.942<\/td><\/tr><tr><td><strong>10<\/strong><\/td><td>O ROWLAND<\/td><td>Nissan<\/td><td>1:39.741<\/td><td>+0.945<\/td><\/tr><tr><td><strong>11<\/strong><\/td><td>E MORTARA<\/td><td>Mahindra<\/td><td>1:39.912<\/td><td>+1.116<\/td><\/tr><tr><td><strong>12<\/strong><\/td><td>P WEHRLEIN<\/td><td>Porsche<\/td><td>1:39.946<\/td><td>+1.150<\/td><\/tr><tr><td><strong>13<\/strong><\/td><td>A.F DA COSTA<\/td><td>Jaguar<\/td><td>1:40.191<\/td><td>+1.395<\/td><\/tr><tr><td><strong>14<\/strong><\/td><td>Z MALONEY<\/td><td>Lola Yamaha ABT<\/td><td>1:40.348<\/td><td>+1.552<\/td><\/tr><tr><td><strong>15<\/strong><\/td><td>D TICKTUM<\/td><td>Cupra Kiro<\/td><td>1:40.449<\/td><td>+1.653<\/td><\/tr><tr><td><strong>16<\/strong><\/td><td>P MART\u00cd<\/td><td>Cupra Kiro<\/td><td>1:41.477<\/td><td>+2.681<\/td><\/tr><tr><td><strong>17<\/strong><\/td><td>M G\u00dcNTHER<\/td><td>DS Penske<\/td><td>1:41.914<\/td><td>+3.118<\/td><\/tr><tr><td><strong>18<\/strong><\/td><td>M EVANS<\/td><td>Jaguar<\/td><td>1:42.058<\/td><td>+3.262<\/td><\/tr><tr><td><strong>19<\/strong><\/td><td>L DI GRASSI<\/td><td>Lola Yamaha ABT<\/td><td>1:43.522<\/td><td>+4.726<\/td><\/tr><tr><td><strong>20<\/strong><\/td><td>J ERIKSSON<\/td><td>Envision<\/td><td>1:44.225<\/td><td>+5.429<\/td><\/tr><\/tbody><\/table><\/figure>\n","protected":false},"excerpt":{"rendered":"<p>Com o cron\u00f4metro zerado em Madri, Felipe Drugovich surgiu no fim para marcar o tempo mais r\u00e1pido e fechar um treino livre da F\u00f3rmula E na ponta pela primeira vez<\/p>\n","protected":false},"author":0,"featured_media":1001054505,"comment_status":"closed","ping_status":"closed","sticky":false,"template":"","format":"standard","meta":{"42wp_featured_image_caption":"","42wp_featured_image_credits":"","42wp_featured_video":"","42wp_featured_image_hidden":false,"42wp_authors_list":[],"footnotes":""},"categories":[19],"tags":[417,28679,6853,43897,1024,840,43531,45540,1491,28285,35442,36219,43530],"42wp_author":[47142],"class_list":["post-10821","post","type-post","status-publish","format-standard","has-post-thumbnail","hentry","category-formula-e","tag-andretti","tag-calendario-formula-e","tag-classificacao-formula-e","tag-ep-de-madri","tag-felipe-drugovich","tag-formula-e","tag-formula-e-2026","tag-formula-e-hoje","tag-grande-premio","tag-grandepremio","tag-horarios-formula-e","tag-onde-assistir-formula-e","tag-temporada-2026-da-formula-e","42wp_author-jp-nascimento"],"_links":{"self":[{"href":"https:\/\/grandepremio.com\/br\/wp-json\/wp\/v2\/posts\/10821","targetHints":{"allow":["GET"]}}],"collection":[{"href":"https:\/\/grandepremio.com\/br\/wp-json\/wp\/v2\/posts"}],"about":[{"href":"https:\/\/grandepremio.com\/br\/wp-json\/wp\/v2\/types\/post"}],"replies":[{"embeddable":true,"href":"https:\/\/grandepremio.com\/br\/wp-json\/wp\/v2\/comments?post=10821"}],"version-history":[{"count":0,"href":"https:\/\/grandepremio.com\/br\/wp-json\/wp\/v2\/posts\/10821\/revisions"}],"wp:featuredmedia":[{"embeddable":true,"href":"https:\/\/grandepremio.com\/br\/wp-json\/wp\/v2\/media\/1001054505"}],"wp:attachment":[{"href":"https:\/\/grandepremio.com\/br\/wp-json\/wp\/v2\/media?parent=10821"}],"wp:term":[{"taxonomy":"category","embeddable":true,"href":"https:\/\/grandepremio.com\/br\/wp-json\/wp\/v2\/categories?post=10821"},{"taxonomy":"post_tag","embeddable":true,"href":"https:\/\/grandepremio.com\/br\/wp-json\/wp\/v2\/tags?post=10821"},{"taxonomy":"42wp_author","embeddable":true,"href":"https:\/\/grandepremio.com\/br\/wp-json\/wp\/v2\/42wp_author?post=10821"}],"curies":[{"name":"wp","href":"https:\/\/api.w.org\/{rel}","templated":true}]}}