{"id":108218,"date":"2022-10-10T12:53:24","date_gmt":"2022-10-10T15:53:24","guid":{"rendered":"https:\/\/grandepremio.com\/br\/noticias\/juri-vips-participa-teste-indy-sebring-rahal-letterman\/"},"modified":"2022-10-10T12:55:45","modified_gmt":"2022-10-10T15:55:45","slug":"juri-vips-participa-teste-indy-sebring-rahal-letterman","status":"publish","type":"post","link":"https:\/\/grandepremio.com\/br\/indy\/juri-vips-participa-teste-indy-sebring-rahal-letterman\/","title":{"rendered":"Vips participa de teste da Indy em Sebring com Rahal Letterman"},"content":{"rendered":"\n<p class=\"wp-block-paragraph\">O estoniano <strong>J\u00fcri Vips<\/strong> vai participar do teste privado da<strong> Indy<\/strong> em <strong>Sebring<\/strong> marcardo para esta quarta-feira (12). De acordo com a revista americana <em>Racer,<\/em> o piloto da Hitech na <strong>F\u00f3rmula 2<\/strong> acertou com a <strong>Rahal Letterman Lanigan<\/strong> para ter sua primeira experi\u00eancia com um carro da categoria americana. <\/p>\n\n\n\n<p class=\"wp-block-paragraph\">Em sua segunda temporada completa na F2, <strong>Vips<\/strong> n\u00e3o conseguiu impressionar e ocupa apenas a d\u00e9cima coloca\u00e7\u00e3o na tabela, com uma vit\u00f3ria, duas pole-positions e quatro p\u00f3dios em 2022. O estoniano fazia parte do programa de pilotos da <strong>Red Bull<\/strong>, <a href=\"https:\/\/www.grandepremio.com\/br\/f2\/noticias\/consultor-red-bull-esclarece-relacao-confirma-saida-juri-vips-programa-pilotos\/\" class=\"ek-link\">mas foi desligado ap\u00f3s fazer coment\u00e1rios racistas durante uma live na Twitch<\/a>.<\/p>\n\n\n\n<p class=\"wp-block-paragraph\">A RLL tem o americano <strong>Graham Rahal<\/strong> e o dinamarqu\u00eas <strong>Christian Lundgaard<\/strong> confirmados para a temporada de 2023 da Indy. O brit\u00e2nico <strong>Jack Harvey<\/strong> tem contrato, mas sua perman\u00eancia na equipe ainda \u00e9 incerta depois de um ano de estreia abaixo das expectativas.<\/p>\n\n\n\n<p class=\"wp-block-paragraph\"><strong>\u25b6\ufe0f\u00a0Inscreva-se nos dois canais do GRANDE PR\u00caMIO no YouTube:\u00a0<a href=\"https:\/\/www.youtube.com\/channel\/UC9OlHEgxoaY6QY6nWPoiqQg?sub_confirmation=1\" target=\"_blank\" rel=\"noreferrer noopener\">GP<\/a>\u00a0|\u00a0<a href=\"https:\/\/www.youtube.com\/channel\/UC9csiS6q_C3C0FYhyr1rnFA?sub_confirmation=1\" target=\"_blank\" rel=\"noreferrer noopener\">GP2<\/a><\/strong><br><strong>\u25b6\ufe0f\u00a0<a href=\"https:\/\/www.twitch.tv\/grandepremio\" target=\"_blank\" rel=\"noreferrer noopener\">Conhe\u00e7a o canal do GRANDE PR\u00caMIO na Twitch clicando aqui!<\/a><\/strong><\/p>\n\n\n\n<figure class=\"wp-block-image size-large\"><img decoding=\"async\" src=\"https:\/\/www.grandepremio.com\/br\/wp-content\/uploads\/2022\/05\/redbull-jurivips-01-1024x576.jpg\" alt=\"\" class=\"wp-image-572931\"\/><figcaption>J\u00fcri Vips em treino pela Red Bull (Foto: Red Bull Content Pool)<\/figcaption><\/figure>\n\n\n\n<p class=\"wp-block-paragraph\">Al\u00e9m de J\u00fcri, outros pilotos de fora da <strong>Indy<\/strong> participar\u00e3o do dia de testes em Sebring. A <strong>Meyer Shank<\/strong> vai colocar o neozeland\u00eas <strong>Tom Blomqvist<\/strong>, que recentemente foi campe\u00e3o do IMSA com o time, para testar o carro #60 do franc\u00eas <strong>Simon Pagenaud<\/strong>.<\/p>\n\n\n\n<p class=\"wp-block-paragraph\">A <strong>Andretti<\/strong> <a href=\"https:\/\/www.grandepremio.com\/br\/indy\/noticias\/andretti-intercambio-coloca-jake-dennis-teste-coletivo-indy-sebring\/\" class=\"ek-link\">tamb\u00e9m foi outra equipe que optou por promover um interc\u00e2mbio<\/a>: o brit\u00e2nico <strong>Jake Dennis<\/strong>, piloto do time na <strong>F\u00f3rmula E<\/strong>, vai participar das atividades desta quarta com o carro #27, que ser\u00e1 utilizado por <strong>Kyle Kirkwood<\/strong> na temporada de 2023.<\/p>\n\n\n\n<p class=\"wp-block-paragraph\">Por fim, a <strong>Juncos Hollinger <\/strong>colocar\u00e1 o argentino<strong> Agust\u00edn Canapino<\/strong> no carro #77 de <strong>Callum Ilott<\/strong> para o teste em Sebring. Canapino <a href=\"https:\/\/www.grandepremio.com\/br\/indy\/noticias\/juncos-escala-agustin-canapino-exibicao-buenos-aires-testes-termas-rio-hondo\/\" class=\"ek-link\">tamb\u00e9m far\u00e1 parte de uma excurs\u00e3o da equipe na Argentina<\/a>, levando a Indy de volta ao pa\u00eds pela primeira vez em 51 anos.<\/p>\n","protected":false},"excerpt":{"rendered":"<p>O estoniano J\u00fcri Vips, atual piloto da Hitech na F\u00f3rmula 2, vai participar de um teste privado da Indy em Sebring nesta semana com a Rahal Letterman Laning<\/p>\n","protected":false},"author":0,"featured_media":1000390990,"comment_status":"closed","ping_status":"closed","sticky":false,"template":"","format":"standard","meta":{"42wp_featured_image_caption":"","42wp_featured_image_credits":"","42wp_featured_video":"","42wp_featured_image_hidden":false,"42wp_authors_list":[],"footnotes":""},"categories":[3],"tags":[619,29062,1491,93,2209,94,2958,1782,10198,204,1331,2441,4275],"42wp_author":[47144],"class_list":["post-108218","post","type-post","status-publish","format-standard","has-post-thumbnail","hentry","category-indy","tag-formula-indy","tag-formula-indy-2022","tag-grande-premio","tag-indy","tag-indy-2022","tag-indycar","tag-juri-vips","tag-meyer-shank","tag-rahal-letterman-lanigan","tag-red-bull","tag-rll","tag-sebring","tag-tom-blomqvist","42wp_author-andre-netto"],"_links":{"self":[{"href":"https:\/\/grandepremio.com\/br\/wp-json\/wp\/v2\/posts\/108218","targetHints":{"allow":["GET"]}}],"collection":[{"href":"https:\/\/grandepremio.com\/br\/wp-json\/wp\/v2\/posts"}],"about":[{"href":"https:\/\/grandepremio.com\/br\/wp-json\/wp\/v2\/types\/post"}],"replies":[{"embeddable":true,"href":"https:\/\/grandepremio.com\/br\/wp-json\/wp\/v2\/comments?post=108218"}],"version-history":[{"count":0,"href":"https:\/\/grandepremio.com\/br\/wp-json\/wp\/v2\/posts\/108218\/revisions"}],"wp:featuredmedia":[{"embeddable":true,"href":"https:\/\/grandepremio.com\/br\/wp-json\/wp\/v2\/media\/1000390990"}],"wp:attachment":[{"href":"https:\/\/grandepremio.com\/br\/wp-json\/wp\/v2\/media?parent=108218"}],"wp:term":[{"taxonomy":"category","embeddable":true,"href":"https:\/\/grandepremio.com\/br\/wp-json\/wp\/v2\/categories?post=108218"},{"taxonomy":"post_tag","embeddable":true,"href":"https:\/\/grandepremio.com\/br\/wp-json\/wp\/v2\/tags?post=108218"},{"taxonomy":"42wp_author","embeddable":true,"href":"https:\/\/grandepremio.com\/br\/wp-json\/wp\/v2\/42wp_author?post=108218"}],"curies":[{"name":"wp","href":"https:\/\/api.w.org\/{rel}","templated":true}]}}