{"id":108240,"date":"2022-10-09T09:38:59","date_gmt":"2022-10-09T12:38:59","guid":{"rendered":"https:\/\/grandepremio.com\/br\/noticias\/confira-voltas-mais-rapidas-cada-piloto-gp-japao-formula-1-2022\/"},"modified":"2022-10-09T09:42:50","modified_gmt":"2022-10-09T12:42:50","slug":"confira-voltas-mais-rapidas-cada-piloto-gp-japao-formula-1-2022","status":"publish","type":"post","link":"https:\/\/grandepremio.com\/br\/f1\/confira-voltas-mais-rapidas-cada-piloto-gp-japao-formula-1-2022\/","title":{"rendered":"Confira voltas mais r\u00e1pidas de cada piloto no GP do Jap\u00e3o da F\u00f3rmula 1 2022"},"content":{"rendered":"\n<figure class=\"wp-block-embed is-type-video is-provider-youtube wp-block-embed-youtube wp-embed-aspect-16-9 wp-has-aspect-ratio\"><div class=\"wp-block-embed__wrapper\">\n<iframe loading=\"lazy\" title=\"F1, GP DO JAP\u00c3O: VERSTAPPEN CAMPE\u00c3O DA F1 E VEXAME DA FIA | Briefing\" width=\"500\" height=\"281\" src=\"https:\/\/www.youtube.com\/embed\/l9yDJnEUqaE?start=483&amp;feature=oembed\" frameborder=\"0\" allow=\"accelerometer; autoplay; clipboard-write; encrypted-media; gyroscope; picture-in-picture; web-share\" referrerpolicy=\"strict-origin-when-cross-origin\" allowfullscreen><\/iframe>\n<\/div><\/figure>\n\n\n\n<p class=\"wp-block-paragraph\"><strong>Guanyu Zhou<\/strong> cravou a volta mais r\u00e1pida do domingo (9) em <strong>Suzuka<\/strong>, com o tempo de 1min44s411 no giro 20. S\u00f3 n\u00e3o contava com mais um resultado decepcionante e, com a 16\u00aa coloca\u00e7\u00e3o na prova, n\u00e3o soma o ponto extra para a <strong>Alfa Romeo<\/strong>.<\/p>\n\n\n\n<p class=\"wp-block-paragraph\">Pior para <strong>Fernando Alonso<\/strong>, da<strong> Alpine<\/strong>, que por apenas um mil\u00e9simo de diferen\u00e7a n\u00e3o abocanhou esse pontinho extra. Ainda na casa do 1min44s, tivemos<strong> Charles Leclerc<\/strong>, da<strong> Ferrari<\/strong>, e o agora bicampe\u00e3o mundial de <strong>F\u00f3rmula 1<\/strong>, <strong>Max Verstappen<\/strong>.<\/p>\n\n\n\n<p class=\"wp-block-paragraph\"><strong>Lance Stroll<\/strong>, da<strong> Aston Martin<\/strong>, foi o quinto mais r\u00e1pido da corrida no<strong> Jap\u00e3o<\/strong>, com 1min45s205 na volta 21. <strong>Pierre Gasly<\/strong>, que viveu um final de semana bem complicado em Suzuka, e <strong>Lewis Hamilton<\/strong>, da<strong> Mercedes<\/strong>, cravaram voltas bem pr\u00f3ximas ao canadense e fecharam os sete primeiros.<\/p>\n\n\n\n<figure class=\"wp-block-image size-full\"><img decoding=\"async\" src=\"https:\/\/www.grandepremio.com\/br\/wp-content\/uploads\/2022\/10\/alpine-fernandoalonso-01-4.jpg\" alt=\"\" class=\"wp-image-621470\"\/><figcaption>Alonso n\u00e3o abocanhou o ponto extra de volta mais r\u00e1pida em Suzuka por apenas um mil\u00e9simo (Foto: Alpine)<\/figcaption><\/figure>\n\n\n\n<p class=\"wp-block-paragraph\"><strong>Yuki Tsunoda<\/strong>, da <strong>AlphaTauri<\/strong>, completou a lista de pilotos na casa de 1min45s, na volta 22. O segundo colocado da prova, <strong>Sergio P\u00e9rez<\/strong>, foi o nono mais r\u00e1pido, com 1min46s120 e viu <strong>Mick Schumacher<\/strong>, da<strong> Haas<\/strong>, completar o top-10.<\/p>\n\n\n\n<p class=\"wp-block-paragraph\"><strong>\u25b6\ufe0f&nbsp;Inscreva-se nos dois canais do GRANDE PR\u00caMIO no YouTube:&nbsp;<a href=\"https:\/\/www.youtube.com\/channel\/UC9OlHEgxoaY6QY6nWPoiqQg?sub_confirmation=1\" target=\"_blank\" rel=\"noreferrer noopener\">GP<\/a>&nbsp;|&nbsp;<a href=\"https:\/\/www.youtube.com\/channel\/UC9csiS6q_C3C0FYhyr1rnFA?sub_confirmation=1\" target=\"_blank\" rel=\"noreferrer noopener\">GP2<\/a><\/strong><br><strong>\u25b6\ufe0f&nbsp;<a href=\"https:\/\/www.twitch.tv\/grandepremio\" target=\"_blank\" rel=\"noreferrer noopener\">Conhe\u00e7a o canal do GRANDE PR\u00caMIO na Twitch clicando aqui!<\/a><\/strong><\/p>\n\n\n\n<p class=\"wp-block-paragraph\">Mesmo pontuando com o nono lugar no Jap\u00e3o, <strong>Nicholas Latifi<\/strong> foi o mais lento da corrida, com 1min48s371. Seu companheiro de <strong>Williams<\/strong>, <strong>Alex Albon<\/strong>, e<strong> Carlos Sainz<\/strong>, da<strong> Ferrari<\/strong>, n\u00e3o completaram a prova.<\/p>\n\n\n\n<p class=\"wp-block-paragraph\">A&nbsp;<a href=\"https:\/\/www.grandepremio.com\/formula-1\/\" target=\"_blank\" rel=\"noreferrer noopener\"><\/a><strong><a href=\"https:\/\/www.grandepremio.com\/formula-1\/\" target=\"_blank\" rel=\"noreferrer noopener\">F\u00f3rmula 1<\/a><\/strong>&nbsp;continua em duas semanas, entre os dias 21 e 23 de outubro, direto de&nbsp;<strong>Austin<\/strong>, no&nbsp;<a href=\"https:\/\/www.grandepremio.com\/br\/circuito\/texas\/\" target=\"_blank\" rel=\"noreferrer noopener\">Texas<\/a>, com o&nbsp;<strong>GP dos Estados Unidos<\/strong>.<\/p>\n\n\n\n<p class=\"wp-block-paragraph\"> <strong>F\u00f3rmula 1 2022, GP do Jap\u00e3o, Suzuka, voltas mais r\u00e1pidas:<\/strong><\/p>\n\n\n\n<figure class=\"wp-block-table\"><table><tbody><tr><td>1<\/td><td>G ZHOU<\/td><td>Alfa Romeo Ferrari<\/td><td>1:44.411<\/td><\/tr><tr><td>2<\/td><td>F ALONSO<\/td><td>Alpine<\/td><td>1:44.412<\/td><\/tr><tr><td>3<\/td><td>C LECLERC<\/td><td>Ferrari<\/td><td>1:44.489<\/td><\/tr><tr><td>4<\/td><td>M VERSTAPPEN<\/td><td>Red Bull RBPT<\/td><td>1:44.911<\/td><\/tr><tr><td>5<\/td><td>L STROLL<\/td><td>Aston Martin Mercedes<\/td><td>1:45.205<\/td><\/tr><tr><td>6<\/td><td>P GASLY<\/td><td>AlphaTauri RBPT<\/td><td>1:45.387<\/td><\/tr><tr><td>7<\/td><td>L HAMILTON<\/td><td>Mercedes<\/td><td>1:45.530<\/td><\/tr><tr><td>8<\/td><td>Y TSUNODA<\/td><td>AlphaTauri RBPT<\/td><td>1:45.893<\/td><\/tr><tr><td>9<\/td><td>S P\u00c9REZ<\/td><td>Red Bull RBPT<\/td><td>1:46.120<\/td><\/tr><tr><td>10<\/td><td>M SCHUMACHER<\/td><td>Haas Ferrari<\/td><td>1:46.545<\/td><\/tr><tr><td>11<\/td><td>E OCON<\/td><td>Alpine<\/td><td>1:46.559<\/td><\/tr><tr><td>12<\/td><td>S VETTEL<\/td><td>Aston Martin Mercedes<\/td><td>1:46.964<\/td><\/tr><tr><td>13<\/td><td>G RUSSELL<\/td><td>Mercedes<\/td><td>1:47.004<\/td><\/tr><tr><td>14<\/td><td>V BOTTAS<\/td><td>Alfa Romeo Ferrari<\/td><td>1:47.820<\/td><\/tr><tr><td>15<\/td><td>D RICCIARDO<\/td><td>McLaren Mercedes<\/td><td>1:47.843<\/td><\/tr><tr><td>16<\/td><td>K MAGNUSSEN<\/td><td>Haas Ferrari<\/td><td>1:48.072<\/td><\/tr><tr><td>17<\/td><td>L NORRIS<\/td><td>McLaren Mercedes<\/td><td>1:48.175<\/td><\/tr><tr><td>18<\/td><td>N LATIFI<\/td><td>Williams Mercedes<\/td><td>1:48.371<\/td><\/tr><\/tbody><\/table><\/figure>\n","protected":false},"excerpt":{"rendered":"<p>Chin\u00eas da Alfa Romeo cravou 1min44s411, mas n\u00e3o saiu com o ponto extra gra\u00e7as ao p\u00e9ssimo 16\u00ba lugar em Suzuka. Alonso, por um mil\u00e9simo de diferen\u00e7a, quase abocanha mais um pontinho importante no Mundial de Pilotos<\/p>\n","protected":false},"author":0,"featured_media":1000621605,"comment_status":"closed","ping_status":"closed","sticky":false,"template":"","format":"standard","meta":{"42wp_featured_image_caption":"","42wp_featured_image_credits":"","42wp_featured_video":"","42wp_featured_image_hidden":false,"42wp_authors_list":[],"footnotes":""},"categories":[2],"tags":[654,457,524,20491,309,546,209,211,302,147,1357,176,207,180,26841,800,3023,32637,32638,32639,32640,32641,1491,28285,3746,119,117,485,547,87,203,90,82,1294,801,676,204,210,3132,608,612,215,597],"42wp_author":[47128],"class_list":["post-108240","post","type-post","status-publish","format-standard","has-post-thumbnail","hentry","category-f1","tag-alexander-albon","tag-alfa-romeo","tag-alphatauri","tag-alpine","tag-aston-martin","tag-carlos-sainz","tag-charles-leclerc","tag-daniel-ricciardo","tag-esteban-ocon","tag-f1","tag-f1-2022","tag-fernando-alonso","tag-ferrari","tag-formula-1","tag-formula-1-2022","tag-george-russell","tag-gp-do-japao","tag-gp-do-japao-2022","tag-gp-do-japao-de-f1","tag-gp-do-japao-de-f1-2022","tag-gp-do-japao-de-formula-1","tag-gp-do-japao-de-formula-1-2022","tag-grande-premio","tag-grandepremio","tag-guanyu-zhou","tag-haas","tag-kevin-magnussen","tag-lance-stroll","tag-lando-norris","tag-lewis-hamilton","tag-max-verstappen","tag-mclaren","tag-mercedes","tag-mick-schumacher","tag-nicholas-latifi","tag-pierre-gasly","tag-red-bull","tag-sebastian-vettel","tag-sergio-perez","tag-suzuka","tag-valtteri-bottas","tag-williams","tag-yuki-tsunoda","42wp_author-guilherme-bloisi"],"_links":{"self":[{"href":"https:\/\/grandepremio.com\/br\/wp-json\/wp\/v2\/posts\/108240","targetHints":{"allow":["GET"]}}],"collection":[{"href":"https:\/\/grandepremio.com\/br\/wp-json\/wp\/v2\/posts"}],"about":[{"href":"https:\/\/grandepremio.com\/br\/wp-json\/wp\/v2\/types\/post"}],"replies":[{"embeddable":true,"href":"https:\/\/grandepremio.com\/br\/wp-json\/wp\/v2\/comments?post=108240"}],"version-history":[{"count":0,"href":"https:\/\/grandepremio.com\/br\/wp-json\/wp\/v2\/posts\/108240\/revisions"}],"wp:featuredmedia":[{"embeddable":true,"href":"https:\/\/grandepremio.com\/br\/wp-json\/wp\/v2\/media\/1000621605"}],"wp:attachment":[{"href":"https:\/\/grandepremio.com\/br\/wp-json\/wp\/v2\/media?parent=108240"}],"wp:term":[{"taxonomy":"category","embeddable":true,"href":"https:\/\/grandepremio.com\/br\/wp-json\/wp\/v2\/categories?post=108240"},{"taxonomy":"post_tag","embeddable":true,"href":"https:\/\/grandepremio.com\/br\/wp-json\/wp\/v2\/tags?post=108240"},{"taxonomy":"42wp_author","embeddable":true,"href":"https:\/\/grandepremio.com\/br\/wp-json\/wp\/v2\/42wp_author?post=108240"}],"curies":[{"name":"wp","href":"https:\/\/api.w.org\/{rel}","templated":true}]}}