{"id":108244,"date":"2022-10-09T09:00:02","date_gmt":"2022-10-09T12:00:02","guid":{"rendered":"https:\/\/grandepremio.com\/br\/noticias\/fernando-alonso-ve-corrida-divertida-suzuka-valoriza-bi-max-verstappen-muito-merecido\/"},"modified":"2022-10-09T09:01:25","modified_gmt":"2022-10-09T12:01:25","slug":"fernando-alonso-ve-corrida-divertida-suzuka-valoriza-bi-max-verstappen-muito-merecido","status":"publish","type":"post","link":"https:\/\/grandepremio.com\/br\/f1\/fernando-alonso-ve-corrida-divertida-suzuka-valoriza-bi-max-verstappen-muito-merecido\/","title":{"rendered":"Alonso v\u00ea &#8220;corrida divertida&#8221; em Suzuka e valoriza bi de Verstappen: &#8220;Muito merecido&#8221;"},"content":{"rendered":"\n<figure class=\"wp-block-embed is-type-video is-provider-youtube wp-block-embed-youtube wp-embed-aspect-16-9 wp-has-aspect-ratio\"><div class=\"wp-block-embed__wrapper\">\n<iframe loading=\"lazy\" title=\"F1, GP DO JAP\u00c3O: VERSTAPPEN CAMPE\u00c3O DA F1 E VEXAME DA FIA | Briefing\" width=\"500\" height=\"281\" src=\"https:\/\/www.youtube.com\/embed\/l9yDJnEUqaE?start=483&amp;feature=oembed\" frameborder=\"0\" allow=\"accelerometer; autoplay; clipboard-write; encrypted-media; gyroscope; picture-in-picture; web-share\" referrerpolicy=\"strict-origin-when-cross-origin\" allowfullscreen><\/iframe>\n<\/div><\/figure>\n\n\n\n<p class=\"wp-block-paragraph\"><strong>Fernando Alonso<\/strong> terminou a &#8220;corrida sprint&#8221; em <strong>Suzuka<\/strong> deste domingo (9) em uma interessante s\u00e9tima coloca\u00e7\u00e3o. O bicampe\u00e3o mundial andou sempre entre os dez primeiros, al\u00e9m de fazer gra\u00e7a para as c\u00e2meras da transmiss\u00e3o da<strong> F\u00f3rmula 1<\/strong>, brincando de <em>peek-a-boo<\/em>.<\/p>\n\n\n\n<p class=\"wp-block-paragraph\">O espanhol da <strong>Alpine<\/strong> gostou da performance do carro, embora acredite que pudesse ir al\u00e9m na corrida japonesa. <\/p>\n\n\n\n<p class=\"wp-block-paragraph\"><strong>LEIA MAIS:<br>+ Ocon elogia batalha com Hamilton e <a href=\"https:\/\/www.grandepremio.com\/br\/f1\/noticias\/esteban-ocon-elogia-batalha-lewis-hamilton-critica-fia-trator-japao-ja-perdemos-amigos\/\" class=\"ek-link\">critica FIA por trator<\/a> no Jap\u00e3o: \u201cJ\u00e1 perdemos amigos\u201d<\/strong><br><strong>+ Verstappen \u00e9 bicampe\u00e3o mundial de F1\u00a0<a href=\"https:\/\/www.grandepremio.com\/br\/f1\/noticias\/max-verstappen-bicampeao-mundial-formula-1-vitoria-confusao-japao\/\">ap\u00f3s vit\u00f3ria e confus\u00e3o no fim<\/a>\u00a0do GP do Jap\u00e3o<\/strong><\/p>\n\n\n\n<p class=\"wp-block-paragraph\">&#8220;Foi bem divertido, marcamos alguns bons pontos e acho que poder\u00edamos marcar mais. Feliz por termos dado um show no fim para os f\u00e3s&#8221;, disse Fernando.<\/p>\n\n\n\n<figure class=\"wp-block-image size-large\"><img decoding=\"async\" src=\"https:\/\/www.grandepremio.com\/br\/wp-content\/uploads\/2022\/10\/310970544_1041794336486870_156038340056135771_n-974x1024.jpg\" alt=\"\" class=\"wp-image-622239\"\/><figcaption>Alonso e Verstappen, agora, t\u00eam dois t\u00edtulos cada na F1 (Foto: Instagram\/@fernandoalo_oficial)<\/figcaption><\/figure>\n\n\n\n<p class=\"wp-block-paragraph\">O piso molhado afetou todos os pilotos, mas nada que Alonso n\u00e3o tivesse enfrentado na carreira. E aproveitou para dar uma alfinetada na <strong>FIA<\/strong> ap\u00f3s o papel\u00e3o em Suzuka. &#8220;\u00c9 bem dif\u00edcil de gerir com a chuva, os carros de seguran\u00e7a e a bandeira vermelha. Tudo muito ca\u00f3tico. Houve tamb\u00e9m alguns incidentes que tenho certeza que ser\u00e3o revisados para melhorar no futuro.&#8221;<\/p>\n\n\n\n<p class=\"wp-block-paragraph\"><strong>\u25b6\ufe0f\u00a0Inscreva-se nos dois canais do GRANDE PR\u00caMIO no YouTube:\u00a0<a href=\"https:\/\/www.youtube.com\/channel\/UC9OlHEgxoaY6QY6nWPoiqQg?sub_confirmation=1\" target=\"_blank\" rel=\"noreferrer noopener\">GP<\/a>\u00a0|\u00a0<a href=\"https:\/\/www.youtube.com\/channel\/UC9csiS6q_C3C0FYhyr1rnFA?sub_confirmation=1\" target=\"_blank\" rel=\"noreferrer noopener\">GP2<\/a><\/strong><br><strong>\u25b6\ufe0f\u00a0<a href=\"https:\/\/www.twitch.tv\/grandepremio\" target=\"_blank\" rel=\"noreferrer noopener\">Conhe\u00e7a o canal do GRANDE PR\u00caMIO na Twitch clicando aqui!<\/a><\/strong><\/p>\n\n\n\n<p class=\"wp-block-paragraph\">Por fim, Alonso aproveitou para elogiar o t\u00edtulo de <strong>Max Verstappen<\/strong>, que o igualou em n\u00famero de t\u00edtulos na F1. &#8220;Parab\u00e9ns a ele por vencer o campeonato. Foi muito merecido e espero que, no pr\u00f3ximo ano, ele tenha mais competi\u00e7\u00e3o.&#8221;<\/p>\n\n\n\n<p class=\"wp-block-paragraph\">A\u00a0<a href=\"https:\/\/www.grandepremio.com\/formula-1\/\" target=\"_blank\" rel=\"noreferrer noopener\"><\/a><strong><a href=\"https:\/\/www.grandepremio.com\/formula-1\/\" target=\"_blank\" rel=\"noreferrer noopener\">F\u00f3rmula 1<\/a><\/strong>\u00a0continua em duas semanas, entre os dias 21 e 23 de outubro, direto de\u00a0<strong>Austin<\/strong>, no\u00a0<a href=\"https:\/\/www.grandepremio.com\/br\/circuito\/texas\/\" target=\"_blank\" rel=\"noreferrer noopener\">Texas<\/a>, com o\u00a0<strong>GP dos Estados Unidos<\/strong>.<\/p>\n","protected":false},"excerpt":{"rendered":"<p>S\u00e9timo em Suzuka, Alonso gostou do desempenho da Alpine na corrida. Aproveitou, tamb\u00e9m, para cutucar a FIA e elogiar o t\u00edtulo de Verstappen, agora bicampe\u00e3o mundial como ele<\/p>\n","protected":false},"author":0,"featured_media":1000621906,"comment_status":"closed","ping_status":"closed","sticky":false,"template":"","format":"standard","meta":{"42wp_featured_image_caption":"","42wp_featured_image_credits":"","42wp_featured_video":"","42wp_featured_image_hidden":false,"42wp_authors_list":[],"footnotes":""},"categories":[2],"tags":[20491,147,1357,176,103,180,26841,3023,32637,32638,32639,32640,32641,1491,28285,203,608],"42wp_author":[47128],"class_list":["post-108244","post","type-post","status-publish","format-standard","has-post-thumbnail","hentry","category-f1","tag-alpine","tag-f1","tag-f1-2022","tag-fernando-alonso","tag-fia","tag-formula-1","tag-formula-1-2022","tag-gp-do-japao","tag-gp-do-japao-2022","tag-gp-do-japao-de-f1","tag-gp-do-japao-de-f1-2022","tag-gp-do-japao-de-formula-1","tag-gp-do-japao-de-formula-1-2022","tag-grande-premio","tag-grandepremio","tag-max-verstappen","tag-suzuka","42wp_author-guilherme-bloisi"],"_links":{"self":[{"href":"https:\/\/grandepremio.com\/br\/wp-json\/wp\/v2\/posts\/108244","targetHints":{"allow":["GET"]}}],"collection":[{"href":"https:\/\/grandepremio.com\/br\/wp-json\/wp\/v2\/posts"}],"about":[{"href":"https:\/\/grandepremio.com\/br\/wp-json\/wp\/v2\/types\/post"}],"replies":[{"embeddable":true,"href":"https:\/\/grandepremio.com\/br\/wp-json\/wp\/v2\/comments?post=108244"}],"version-history":[{"count":0,"href":"https:\/\/grandepremio.com\/br\/wp-json\/wp\/v2\/posts\/108244\/revisions"}],"wp:featuredmedia":[{"embeddable":true,"href":"https:\/\/grandepremio.com\/br\/wp-json\/wp\/v2\/media\/1000621906"}],"wp:attachment":[{"href":"https:\/\/grandepremio.com\/br\/wp-json\/wp\/v2\/media?parent=108244"}],"wp:term":[{"taxonomy":"category","embeddable":true,"href":"https:\/\/grandepremio.com\/br\/wp-json\/wp\/v2\/categories?post=108244"},{"taxonomy":"post_tag","embeddable":true,"href":"https:\/\/grandepremio.com\/br\/wp-json\/wp\/v2\/tags?post=108244"},{"taxonomy":"42wp_author","embeddable":true,"href":"https:\/\/grandepremio.com\/br\/wp-json\/wp\/v2\/42wp_author?post=108244"}],"curies":[{"name":"wp","href":"https:\/\/api.w.org\/{rel}","templated":true}]}}